{"id":1022,"date":"2012-06-26T12:00:11","date_gmt":"2012-06-26T10:00:11","guid":{"rendered":"https:\/\/urbincasa.es\/blog\/?p=1022"},"modified":"2013-04-02T11:38:52","modified_gmt":"2013-04-02T09:38:52","slug":"entrelares-la-revista-hecha-por-la-gente-de-urbincasa","status":"publish","type":"post","link":"https:\/\/urbincasa.es\/blog\/2012\/06\/entrelares-la-revista-hecha-por-la-gente-de-urbincasa\/","title":{"rendered":"Entrelares, la revista gratuita hecha por la gente de Urbincasa"},"content":{"rendered":"<div id=\"bsf_rt_marker\"><\/div><p><img loading=\"lazy\" decoding=\"async\" class=\"size-medium wp-image-1023 alignleft\" style=\"color: #333333; font-style: normal; line-height: 24px; margin-top: 0.4em;\" title=\"portada Entrelares 1\" src=\"https:\/\/urbincasa.es\/blog\/wp-content\/uploads\/2012\/06\/portadapq-226x300.jpg\" alt=\"revista gratuita\" width=\"226\" height=\"300\" srcset=\"https:\/\/urbincasa.es\/blog\/wp-content\/uploads\/2012\/06\/portadapq-226x300.jpg 226w, https:\/\/urbincasa.es\/blog\/wp-content\/uploads\/2012\/06\/portadapq.jpg 500w\" sizes=\"auto, (max-width: 226px) 100vw, 226px\" \/><\/p>\n<p>Qu\u00e9 alegr\u00eda! La verdad cuando desde dentro se proponen ideas, <strong>estas ideas se convierten en retos y cuando un reto involucra a tanta gente hace<\/strong> que sea a\u00fan m\u00e1s si cabe un reto emocionante que se disfruta durante todo el proceso de creaci\u00f3n.<\/p>\n<p>Tenemos una revista en la calle, Entrelares, seg\u00fan la <a title=\"Significado de Lar\" href=\"http:\/\/lema.rae.es\/drae\/?val=lar\" target=\"_blank\">R.A.E<\/a>\u00a0<strong>lar es Casa propia u hogar, y nosotros creamos eso, Hogares.<\/strong><\/p>\n<p>La revista gratuita en formato papel y muy pronto en digital es el fruto de todos, nuestro urbinequipo se ha transformado en una sala de redacci\u00f3n de un peri\u00f3dico, entre todos y ayudados por unas personas superingeniosas que trabajan en <a title=\"Agencia de comunicaci\u00f3n Murcia\" href=\"http:\/\/ladiligencia.net\/\" target=\"_blank\">una agencia de comunicaci\u00f3n<\/a> que nos han guiado ha salido una \u00a0revista muy \u00abcool\u00bb \ud83d\ude42<\/p>\n<p>Desde la portada donde Javi, Dani, Ra\u00fal y Choni aparecen \u00abconstruyendo\u00bb el principio de la revista hasta el contenido:<\/p>\n<p>Pablo hablando de <strong>rutas de bicicletas por Playa de San Juan<\/strong>, Jose contando como su hijo <strong>le mostr\u00f3 los valores del deporte aplicados a la empresa<\/strong>, en definitiva hablamos de lo que nos gusta.<\/p>\n<p>Entrevistamos a GenteUrbin amigos que son cliente o no\u00a0\u00a0y que tienen mucho que aportar para nosotros aprender.<\/p>\n<p>Contamos nuestro d\u00eda a d\u00eda, y como <strong>lo disfrutamos al crear nuevos puestos de trabajo, <\/strong><a title=\"Pisos, chalets en Cabo Palos\" href=\"http:\/\/www.urbincasa.es\/inmobiliaria\/es\/promociones\/3\/cabo-palos\/proxima-promocion\/11\" target=\"_blank\">la satisfacci\u00f3n de empezar un nuevo proyecto de pisos y chalets en cabo de palos<\/a>, o como para celebrar el <strong>premio al mejor Residencial de la Regi\u00f3n de Murcia,<\/strong> colgamos<a title=\"Medall\u00f3n para Residencial Zarzuela\" href=\"https:\/\/www.facebook.com\/media\/set\/?set=a.488013721215153.26414915.191802747502920&amp;type=3\" target=\"_blank\"> una medalla en nuestro edificio de pisos en Cartagena de un tama\u00f1o descomunal.\u00a0<\/a><\/p>\n<p><strong>\u00bfY por qu\u00e9?<\/strong> Porque si no, no seriamos Urbincasa. Nos gusta lo que hacemos por que lo hacemos todo con vosotros.<\/p>\n<p>Orgullosos de vosotros y de nuestro equipo. Gracias.<\/p>\n<p>Nuestra revista puedes <strong>descargarla completa y gratis<\/strong><\/p>\n<figure id=\"attachment_1023\" aria-describedby=\"caption-attachment-1023\" style=\"width: 147px\" class=\"wp-caption aligncenter\"><a href=\"https:\/\/urbincasa.es\/blog\/wp-content\/plugins\/download-monitor\/download.php?id=1\" target=\"_blank\"><img loading=\"lazy\" decoding=\"async\" class=\" wp-image-1023  \" title=\"Portada Entrelares\" src=\"https:\/\/urbincasa.es\/blog\/wp-content\/uploads\/2012\/06\/portadapq.jpg\" alt=\"\" width=\"147\" height=\"195\" srcset=\"https:\/\/urbincasa.es\/blog\/wp-content\/uploads\/2012\/06\/portadapq.jpg 500w, https:\/\/urbincasa.es\/blog\/wp-content\/uploads\/2012\/06\/portadapq-226x300.jpg 226w\" sizes=\"auto, (max-width: 147px) 100vw, 147px\" \/><\/a><figcaption id=\"caption-attachment-1023\" class=\"wp-caption-text\">Click para descargar<\/figcaption><\/figure>\n<p>&nbsp;<\/p>\n","protected":false},"excerpt":{"rendered":"<p>Qu\u00e9 alegr\u00eda! La verdad cuando desde dentro se proponen ideas, estas ideas se convierten en retos y cuando un reto involucra a tanta gente hace que sea a\u00fan m\u00e1s si cabe un reto emocionante que se disfruta durante todo el proceso de creaci\u00f3n. Tenemos una revista en la calle, Entrelares, seg\u00fan la R.A.E\u00a0lar es Casa [&hellip;]<\/p>\n","protected":false},"author":3,"featured_media":1023,"comment_status":"open","ping_status":"open","sticky":false,"template":"","format":"standard","meta":{"footnotes":""},"categories":[9,18],"tags":[702,216,215,293,294,214],"class_list":["post-1022","post","type-post","status-publish","format-standard","has-post-thumbnail","hentry","category-eventos","category-urbinequipo","tag-compromiso-social","tag-comunicacion","tag-entrelares","tag-gratis","tag-inmobiliaria","tag-revista"],"_links":{"self":[{"href":"https:\/\/urbincasa.es\/blog\/wp-json\/wp\/v2\/posts\/1022","targetHints":{"allow":["GET"]}}],"collection":[{"href":"https:\/\/urbincasa.es\/blog\/wp-json\/wp\/v2\/posts"}],"about":[{"href":"https:\/\/urbincasa.es\/blog\/wp-json\/wp\/v2\/types\/post"}],"author":[{"embeddable":true,"href":"https:\/\/urbincasa.es\/blog\/wp-json\/wp\/v2\/users\/3"}],"replies":[{"embeddable":true,"href":"https:\/\/urbincasa.es\/blog\/wp-json\/wp\/v2\/comments?post=1022"}],"version-history":[{"count":10,"href":"https:\/\/urbincasa.es\/blog\/wp-json\/wp\/v2\/posts\/1022\/revisions"}],"predecessor-version":[{"id":1026,"href":"https:\/\/urbincasa.es\/blog\/wp-json\/wp\/v2\/posts\/1022\/revisions\/1026"}],"wp:featuredmedia":[{"embeddable":true,"href":"https:\/\/urbincasa.es\/blog\/wp-json\/wp\/v2\/media\/1023"}],"wp:attachment":[{"href":"https:\/\/urbincasa.es\/blog\/wp-json\/wp\/v2\/media?parent=1022"}],"wp:term":[{"taxonomy":"category","embeddable":true,"href":"https:\/\/urbincasa.es\/blog\/wp-json\/wp\/v2\/categories?post=1022"},{"taxonomy":"post_tag","embeddable":true,"href":"https:\/\/urbincasa.es\/blog\/wp-json\/wp\/v2\/tags?post=1022"}],"curies":[{"name":"wp","href":"https:\/\/api.w.org\/{rel}","templated":true}]}}