{"id":1029,"date":"2012-06-28T12:49:45","date_gmt":"2012-06-28T10:49:45","guid":{"rendered":"https:\/\/urbincasa.es\/blog\/?p=1029"},"modified":"2013-12-18T11:19:28","modified_gmt":"2013-12-18T09:19:28","slug":"primera-piedra-en-residencial-zarzuela-2","status":"publish","type":"post","link":"https:\/\/urbincasa.es\/blog\/2012\/06\/primera-piedra-en-residencial-zarzuela-2\/","title":{"rendered":"Primera Piedra en Residencial Zarzuela 2"},"content":{"rendered":"<div id=\"bsf_rt_marker\"><\/div><p>Seguimos contando nuestro d\u00eda a d\u00eda, <a title=\"De t\u00fa a t\u00fa es nuestro blog \" href=\"http:\/\/www.urbincasa.es\/blog\">de t\u00fa a t\u00fa<\/a>. La verdad es que <a href=\"https:\/\/urbincasa.es\/blog\/wp-content\/uploads\/2012\/06\/kitpp2.jpg\"><img loading=\"lazy\" decoding=\"async\" class=\"alignright size-medium wp-image-1030\" title=\"Kit Primer Piedra pisos en Cartagena\" alt=\"\" src=\"https:\/\/urbincasa.es\/blog\/wp-content\/uploads\/2012\/06\/kitpp2-300x200.jpg\" width=\"300\" height=\"200\" srcset=\"https:\/\/urbincasa.es\/blog\/wp-content\/uploads\/2012\/06\/kitpp2-300x200.jpg 300w, https:\/\/urbincasa.es\/blog\/wp-content\/uploads\/2012\/06\/kitpp2-1024x682.jpg 1024w, https:\/\/urbincasa.es\/blog\/wp-content\/uploads\/2012\/06\/kitpp2-450x300.jpg 450w\" sizes=\"auto, (max-width: 300px) 100vw, 300px\" \/><\/a>debemos una disculpa a nuestros clientes, ya que hemos tardado en publicar este evento, pero entre el\u00a0<a title=\"Proyecto Mapa del Estr\u00e9s en Cartagena\" href=\"https:\/\/urbincasa.es\/blog\/2012\/05\/proyecto-mapa-del-estres-en-cartagena\/\">Mapa del Estr\u00e9<\/a>s y la\u00a0<a title=\"Entrelares la revista hecha por la gente de Urbincasa\" href=\"https:\/\/urbincasa.es\/blog\/2012\/06\/entrelares-la-revista-hecha-por-la-gente-de-urbincasa\/\">Revista Entrelares<\/a>, esto ha sido un no parar. Y no nos quejamos, nos encanta. Pero toca lo que toca y hoy toca contaros el evento que tuvimos el otro d\u00eda, en<strong> <a title=\"Residencial con Medalla en Cartagena\" href=\"https:\/\/urbincasa.es\/inmobiliaria\/es\/promociones\/3\/cartagena\/residencial-zarzuela\/9\">los pisos m\u00e1s conocidos de Cartagena<\/a><\/strong>, por el medall\u00f3n decimos \ud83d\ude42 Residencial Zarzuela<\/p>\n<p>Es ya tradici\u00f3n que a nuestros cliente les invitemos un d\u00eda a conocerse entre ellos en el acto emotivo de la primera piedra en el que se entierra una c\u00e1psula del tiempo dentro de su obra.<\/p>\n<p>Ya lo hicimos anteriormente y fue un \u00e9xito por lo que ten\u00edamos que repetirlo. Es sencillo y emotivo, cada uno de ellos recibe un kit que contiene un ladrillito, un tubito y unos papelitos para rellenar. En el tubito introducen lo que cada uno quiera, fotos, un texto&#8230; <strong>luego enterramos este tubito en la obra que luego sera su hogar<\/strong>. De esa forma ponen todo sus deseos e intenciones dentro de su piso.<\/p>\n<p>Es muy emocionante y tenemos que dar las gracias a todos lo que participaron, que siempre est\u00e1n dispuesto a colaborar. <strong>Muy pronto tendr\u00e1n las llaves de su piso en Cartagena.\u00a0<\/strong><\/p>\n<p>Tras enterrar la c\u00e1psula del tiempo, <strong>subimos a <a title=\"Aticos en Cartagena\" href=\"http:\/\/www.perlasnegras.es\" target=\"_blank\">uno de nuestros \u00e1ticos<\/a><br \/>\ny organizamos un peque\u00f1o catering para terminar la velada entre charlas y risas.\u00a0<\/strong><\/p>\n<p style=\"text-align: center;\"><strong><\/strong><object width=\"400\" height=\"300\" classid=\"clsid:d27cdb6e-ae6d-11cf-96b8-444553540000\" codebase=\"http:\/\/download.macromedia.com\/pub\/shockwave\/cabs\/flash\/swflash.cab#version=6,0,40,0\"><param name=\"flashvars\" value=\"offsite=true&amp;lang=es-us&amp;page_show_url=%2Fphotos%2Furbincasa%2Fsets%2F72157630326227234%2Fshow%2F&amp;page_show_back_url=%2Fphotos%2Furbincasa%2Fsets%2F72157630326227234%2F&amp;set_id=72157630326227234&amp;jump_to=\" \/><param name=\"allowFullScreen\" value=\"true\" \/><param name=\"src\" value=\"http:\/\/www.flickr.com\/apps\/slideshow\/show.swf?v=109615\" \/><param name=\"allowfullscreen\" value=\"true\" \/><embed width=\"400\" height=\"300\" type=\"application\/x-shockwave-flash\" src=\"http:\/\/www.flickr.com\/apps\/slideshow\/show.swf?v=109615\" flashvars=\"offsite=true&amp;lang=es-us&amp;page_show_url=%2Fphotos%2Furbincasa%2Fsets%2F72157630326227234%2Fshow%2F&amp;page_show_back_url=%2Fphotos%2Furbincasa%2Fsets%2F72157630326227234%2F&amp;set_id=72157630326227234&amp;jump_to=\" allowFullScreen=\"true\" allowfullscreen=\"true\" \/><\/object><\/p>\n<p>Saludos.<\/p>\n<p>&nbsp;<\/p>\n","protected":false},"excerpt":{"rendered":"<p>Seguimos contando nuestro d\u00eda a d\u00eda, de t\u00fa a t\u00fa. La verdad es que debemos una disculpa a nuestros clientes, ya que hemos tardado en publicar este evento, pero entre el\u00a0Mapa del Estr\u00e9s y la\u00a0Revista Entrelares, esto ha sido un no parar. Y no nos quejamos, nos encanta. Pero toca lo que toca y hoy [&hellip;]<\/p>\n","protected":false},"author":3,"featured_media":1030,"comment_status":"open","ping_status":"open","sticky":false,"template":"","format":"standard","meta":{"footnotes":""},"categories":[7,9,23],"tags":[702,104,121,126],"class_list":["post-1029","post","type-post","status-publish","format-standard","has-post-thumbnail","hentry","category-compromiso-social","category-eventos","category-viviendas-cartagena","tag-compromiso-social","tag-pisos-cartagena","tag-residencial-zarzuela","tag-servicios-cliente"],"_links":{"self":[{"href":"https:\/\/urbincasa.es\/blog\/wp-json\/wp\/v2\/posts\/1029","targetHints":{"allow":["GET"]}}],"collection":[{"href":"https:\/\/urbincasa.es\/blog\/wp-json\/wp\/v2\/posts"}],"about":[{"href":"https:\/\/urbincasa.es\/blog\/wp-json\/wp\/v2\/types\/post"}],"author":[{"embeddable":true,"href":"https:\/\/urbincasa.es\/blog\/wp-json\/wp\/v2\/users\/3"}],"replies":[{"embeddable":true,"href":"https:\/\/urbincasa.es\/blog\/wp-json\/wp\/v2\/comments?post=1029"}],"version-history":[{"count":7,"href":"https:\/\/urbincasa.es\/blog\/wp-json\/wp\/v2\/posts\/1029\/revisions"}],"predecessor-version":[{"id":3020,"href":"https:\/\/urbincasa.es\/blog\/wp-json\/wp\/v2\/posts\/1029\/revisions\/3020"}],"wp:featuredmedia":[{"embeddable":true,"href":"https:\/\/urbincasa.es\/blog\/wp-json\/wp\/v2\/media\/1030"}],"wp:attachment":[{"href":"https:\/\/urbincasa.es\/blog\/wp-json\/wp\/v2\/media?parent=1029"}],"wp:term":[{"taxonomy":"category","embeddable":true,"href":"https:\/\/urbincasa.es\/blog\/wp-json\/wp\/v2\/categories?post=1029"},{"taxonomy":"post_tag","embeddable":true,"href":"https:\/\/urbincasa.es\/blog\/wp-json\/wp\/v2\/tags?post=1029"}],"curies":[{"name":"wp","href":"https:\/\/api.w.org\/{rel}","templated":true}]}}