{"id":1050,"date":"2012-07-10T16:45:24","date_gmt":"2012-07-10T14:45:24","guid":{"rendered":"https:\/\/urbincasa.es\/blog\/?p=1050"},"modified":"2013-03-27T11:31:06","modified_gmt":"2013-03-27T09:31:06","slug":"transmitir-los-valores-que-aporta-el-deporte","status":"publish","type":"post","link":"https:\/\/urbincasa.es\/blog\/2012\/07\/transmitir-los-valores-que-aporta-el-deporte\/","title":{"rendered":"Transmitir lo que aportan los valores del deporte"},"content":{"rendered":"<div id=\"bsf_rt_marker\"><\/div><p><a title=\"Perfil de Jose Vicente \" href=\"http:\/\/es.linkedin.com\/in\/jvlledo\">Jose Vicente Lled\u00f3 <\/a>(<a title=\"Twitter de Jose Vicente Lled\u00f3 \" href=\"https:\/\/twitter.com\/JVLledo\">@jvlledo<\/a>)\u00a0es una de esas personas que da gusto tener en un equipo. En el #UrbinEquipo. Un aut\u00e9ntico <strong>Consultor Personal Experto en Hogares<\/strong>, que asesora a todas aquellos que ven\u00eds a ver nuestras promociones de<a title=\"Viviendas en Santa Pola\" href=\"http:\/\/www.urbincasa.es\/inmobiliaria\/es\/promociones\/3\/santa-pola\/residencial-montefaro\/3\"> viviendas en Santa Pola<\/a>, <a title=\"Narval en Primera L\u00ednea de Playa\" href=\"http:\/\/www.urbincasa.es\/inmobiliaria\/es\/promociones\/3\/playa-san-juan-alicante\/residencial-narval\/5\">Playa de San Juan<\/a> o<a title=\"Pisos en Guardamar del Segura\" href=\"http:\/\/www.urbincasa.es\/inmobiliaria\/es\/promociones\/3\/guardamar-segura\/residencial-puertomarino\/2\"> Guardamar.<\/a><\/p>\n<p>Nos dej\u00f3 este art\u00edculo para<a title=\"GenteUrbin, Fran busca su casa en Cartagena\" href=\"https:\/\/urbincasa.es\/blog\/2012\/07\/genteurbin-fran-busca-su-casa-en-cartagena\/\"> nuestra revista Entrelares <\/a>y la verdad un texto para reflexionar. <strong>Gracias Jos\u00e9 Vicente.<\/strong><\/p>\n<p>Podr\u00edamos empezar este art\u00edculo pregunt\u00e1ndonos:<\/p>\n<p><strong>\u00bfQu\u00e9 tienen que ver los valores del deporte con los valores empresariales o los valores que debemos tener dentro de un grupo de trabajo o en la vida misma?<\/strong> En mi opini\u00f3n, tienen mucho que ver.<\/p>\n<p>Esta afirmaci\u00f3n que hago ha quedado refrendada,<br \/>\ny siempre que tengo ocasi\u00f3n visito las instalaciones deportivas de El Campello (Alicante) para ver entrenar a mi hijo,<strong> donde recibo circulares con los valores que intentan transmitir a los ni\u00f1os que empiezan ahora a practicar deporte<\/strong> (en mi caso concretamente, el f\u00fatbol) y pienso, y lo digo sinceramente, que <strong>si aplic\u00e1ramos estos valores en el mundo empresarial seguramente a muchas empresas<\/strong>, a pesar de los ciclos estructurales de la econom\u00eda que puede tener un pa\u00eds, les ir\u00eda mejor.<\/p>\n<p>He vivido como he podido el proceso de integraci\u00f3n y aprendizaje de mi hijo en el f\u00fatbol y puedo decir que cada d\u00eda, despu\u00e9s del entrenamiento, cuando regreso a casa y hablo con \u00e9l, me ense\u00f1a algo, <strong>cuando me entrega una circular del entrenador con las normas, <\/strong><br \/>\n<strong>previsiones, etc., me ense\u00f1a algo, las pocas veces que he hablado con su entrenador, me ha ense\u00f1ado algo.<\/strong><\/p>\n<p><strong>Pero os preguntar\u00e9is: ese algo que se ense\u00f1a, \u00bfqu\u00e9 es?<\/strong><br \/>\n<strong>VALORES.<\/strong><br \/>\nAl principio mi hijo cre\u00eda que el que met\u00eda los goles era el mejor, pero poco a poco le han <img loading=\"lazy\" decoding=\"async\" class=\"alignright size-medium wp-image-1054\" title=\"deporte\" src=\"https:\/\/urbincasa.es\/blog\/wp-content\/uploads\/2012\/07\/deporte-208x300.jpg\" alt=\"\" width=\"208\" height=\"300\" srcset=\"https:\/\/urbincasa.es\/blog\/wp-content\/uploads\/2012\/07\/deporte-208x300.jpg 208w, https:\/\/urbincasa.es\/blog\/wp-content\/uploads\/2012\/07\/deporte-711x1024.jpg 711w, https:\/\/urbincasa.es\/blog\/wp-content\/uploads\/2012\/07\/deporte.jpg 823w\" sizes=\"auto, (max-width: 208px) 100vw, 208px\" \/>ido ense\u00f1ando que forma parte de un equipo y que sin ese equipo no podr\u00eda meter los goles, no ser\u00eda nadie. <strong>Poco a poco se ha dado cuenta de que forma parte de un equipo, un equipo que tiene un objetivo com\u00fan.<\/strong><\/p>\n<p>\u00bfY cu\u00e1l es el objetivo com\u00fan que tiene un equipo de jugadores benjamines<br \/>\nde f\u00fatbol? Seguramente la mayor\u00eda responder\u00eda \u201cganar partidos\u201d. Pues no. Si pensamos as\u00ed estamos equivocados, <strong>el objetivo es que se formen como deportistas, y <\/strong><br \/>\n<strong>lo m\u00e1s importante: que se formen como personas.<\/strong><\/p>\n<p>Mi hijo ha aprendido a compartir vestuario con sus compa\u00f1eros, a pasar el bal\u00f3n, a ayudar al equipo, a marcar\u00a0se un horario de entreno todos los d\u00edas, a ser alegre, a<br \/>\nser responsable y a tener respeto por los dem\u00e1s. Se\u00f1ores, <strong>\u00bfde qu\u00e9 estamos hablando? \u00bfde deporte solo o de valores que podr\u00edamos aplicar, por ejemplo, en nuestra <\/strong><strong>empresa, en nuestro d\u00eda a d\u00eda?<\/strong><\/p>\n<p>Actualmente estoy trabajando en una empresa y tenemos un equipo comercial, y a veces cuando estoy descansando en mi casa me pregunto; \u00bfPor qu\u00e9 no somos capaces de aplicar los valores que nos ense\u00f1a el deporte en las empresas? Si trabajamos en un grupo de compa\u00f1eros,<\/p>\n<p>\u00bfpor qu\u00e9 no podemos pensar que formamos parte de un equipo de f\u00fatbol, que el goleador no es nadie sin el resto del equipo y que, por ejemplo, el director comercial o el director de producci\u00f3n no son nadie sin el eslab\u00f3n m\u00e1s peque\u00f1o de su equipo?<\/p>\n<p><strong>Estar\u00eda bien que traslad\u00e1ramos los valores que nos ense\u00f1a el deporte a nuestras empresas<\/strong>, valores como el compa\u00f1erismo, el respeto, la humildad, el trabajo, la<br \/>\npuntualidad, la motivaci\u00f3n, la superaci\u00f3n, el reconocimiento, la responsabilidad, el esfuerzo\u2026<\/p>\n<p>Estoy seguro de que ser\u00eda positivo aplicar estos valores a toda empresa. A un futbolista le ense\u00f1an desde peque\u00f1o a cooperar, a motivarse, a ser solidario con los dem\u00e1s, a no despreciar a nadie y por encima de todo a superarse a s\u00ed mismo, a no increpar a los dem\u00e1s, sino que cuando alguien es mejor hay que reconocerlo y felicitarle. N<strong>o hace falta solo tener una buena forma f\u00edsica para triunfar en cualquier deporte, sino que <\/strong><br \/>\n<strong>hay que ser constante y responsable en el trabajo.<\/strong><\/p>\n<p>Recuerdo que estaba al lado del padre de un compa\u00f1ero de mi hijo en el equipo y le pregunt\u00f3 al entrenador: \u201cMi hijo es bueno, \u00bfverdad? \u00bfjuega bien?\u201d. El entrenador le<br \/>\nrespondi\u00f3: \u201cS\u00ed, juega bien, pero ahora son peque\u00f1os y lo importante es que se eduquen en el deporte y transmitan estos valores a la vida cotidiana\u201d.<\/p>\n<p>Le explic\u00f3 que un futbolista puede ser bueno cuando es peque\u00f1o, pero se puede estancar por diferentes motivos y no llegar a nada, y otro menos bueno puede llegar m\u00e1s<br \/>\nlejos con constancia, educaci\u00f3n y profesionalidad.<\/p>\n<p>Un buen futbolista nunca pierde el \u00e1nimo cuando las cosas salen mal, apliqu\u00e9moslo ya no solo al mundo empresarial sino a nuestro d\u00eda a d\u00eda. <strong>No nos podemos desanimar cuando las cosas salen mal, y m\u00e1s en estos tiempos tan duros para las empresas.<\/strong> Hay que ser profesional, luchar y esforzarse por dar todo lo que llevamos dentro, por dar todos los valores que nos han ense\u00f1ado desde peque\u00f1os.<\/p>\n<p><strong>Hay que esforzarse por superarse, no resignarse ante la derrota, s\u00ed reconocerla cuando te toca pero nunca resignarse.<\/strong> Un buen deportista nunca busca el lucimiento personal sino que antepone los intereses de su equipo a los suyos propios, y el buen deportista sabe que lo que importa es participar y sobre todo hacerlo de forma limpia.<br \/>\nEste art\u00edculo<a title=\"Entrelares la revista hecha por la gente de Urbincasa\" href=\"https:\/\/urbincasa.es\/blog\/2012\/06\/entrelares-la-revista-hecha-por-la-gente-de-urbincasa\/\"> es parte de nuestra revista Entrelares<\/a>. Puedes recogerla en cualquiera de nuestras oficinas, o leer online. Esperamos que te guste.<\/p>\n<div style=\"text-align: center;\">\n<p><object style=\"width: 420px; height: 280px;\" width=\"320\" height=\"240\" classid=\"clsid:d27cdb6e-ae6d-11cf-96b8-444553540000\" codebase=\"http:\/\/download.macromedia.com\/pub\/shockwave\/cabs\/flash\/swflash.cab#version=6,0,40,0\"><param name=\"allowfullscreen\" value=\"true\" \/><param name=\"menu\" value=\"false\" \/><param name=\"wmode\" value=\"transparent\" \/><param name=\"src\" value=\"http:\/\/static.issuu.com\/webembed\/viewers\/style1\/v2\/IssuuReader.swf\" \/><param name=\"flashvars\" value=\"mode=mini&amp;autoFlip=true&amp;embedBackground=%23ffffff&amp;backgroundColor=%23222222&amp;documentId=120702173255-3d9ccdc3e45c48c3a456995096ba15c8\" \/><embed style=\"width: 420px; height: 280px;\" width=\"320\" height=\"240\" type=\"application\/x-shockwave-flash\" src=\"http:\/\/static.issuu.com\/webembed\/viewers\/style1\/v2\/IssuuReader.swf\" allowfullscreen=\"true\" menu=\"false\" wmode=\"transparent\" flashvars=\"mode=mini&amp;autoFlip=true&amp;embedBackground=%23ffffff&amp;backgroundColor=%23222222&amp;documentId=120702173255-3d9ccdc3e45c48c3a456995096ba15c8\" \/><\/object><\/p>\n<div style=\"width: 420px;\"><a href=\"http:\/\/issuu.com\/urbincasa\/docs\/entrelaresjunio?mode=window&amp;backgroundColor=%23222222\" target=\"_blank\">Open publication<\/a> &#8211; Free <a href=\"http:\/\/issuu.com\" target=\"_blank\">publishing<\/a> &#8211; <a href=\"http:\/\/issuu.com\/search?q=alicante\" target=\"_blank\">More alicante<\/a><\/div>\n<\/div>\n<p>&nbsp;<\/p>\n<p>&nbsp;<\/p>\n","protected":false},"excerpt":{"rendered":"<p>Jose Vicente Lled\u00f3 (@jvlledo)\u00a0es una de esas personas que da gusto tener en un equipo. En el #UrbinEquipo. Un aut\u00e9ntico Consultor Personal Experto en Hogares, que asesora a todas aquellos que ven\u00eds a ver nuestras promociones de viviendas en Santa Pola, Playa de San Juan o Guardamar. Nos dej\u00f3 este art\u00edculo para nuestra revista Entrelares [&hellip;]<\/p>\n","protected":false},"author":3,"featured_media":1054,"comment_status":"open","ping_status":"open","sticky":false,"template":"","format":"standard","meta":{"footnotes":""},"categories":[13],"tags":[702,215,214,299],"class_list":["post-1050","post","type-post","status-publish","format-standard","has-post-thumbnail","hentry","category-opinion","tag-compromiso-social","tag-entrelares","tag-revista","tag-valores-del-deporte"],"_links":{"self":[{"href":"https:\/\/urbincasa.es\/blog\/wp-json\/wp\/v2\/posts\/1050","targetHints":{"allow":["GET"]}}],"collection":[{"href":"https:\/\/urbincasa.es\/blog\/wp-json\/wp\/v2\/posts"}],"about":[{"href":"https:\/\/urbincasa.es\/blog\/wp-json\/wp\/v2\/types\/post"}],"author":[{"embeddable":true,"href":"https:\/\/urbincasa.es\/blog\/wp-json\/wp\/v2\/users\/3"}],"replies":[{"embeddable":true,"href":"https:\/\/urbincasa.es\/blog\/wp-json\/wp\/v2\/comments?post=1050"}],"version-history":[{"count":7,"href":"https:\/\/urbincasa.es\/blog\/wp-json\/wp\/v2\/posts\/1050\/revisions"}],"predecessor-version":[{"id":1440,"href":"https:\/\/urbincasa.es\/blog\/wp-json\/wp\/v2\/posts\/1050\/revisions\/1440"}],"wp:featuredmedia":[{"embeddable":true,"href":"https:\/\/urbincasa.es\/blog\/wp-json\/wp\/v2\/media\/1054"}],"wp:attachment":[{"href":"https:\/\/urbincasa.es\/blog\/wp-json\/wp\/v2\/media?parent=1050"}],"wp:term":[{"taxonomy":"category","embeddable":true,"href":"https:\/\/urbincasa.es\/blog\/wp-json\/wp\/v2\/categories?post=1050"},{"taxonomy":"post_tag","embeddable":true,"href":"https:\/\/urbincasa.es\/blog\/wp-json\/wp\/v2\/tags?post=1050"}],"curies":[{"name":"wp","href":"https:\/\/api.w.org\/{rel}","templated":true}]}}