{"id":1138,"date":"2012-10-16T17:39:48","date_gmt":"2012-10-16T15:39:48","guid":{"rendered":"https:\/\/urbincasa.es\/blog\/?p=1138"},"modified":"2012-10-16T17:45:08","modified_gmt":"2012-10-16T15:45:08","slug":"construir-entre-todos","status":"publish","type":"post","link":"https:\/\/urbincasa.es\/blog\/2012\/10\/construir-entre-todos\/","title":{"rendered":"Construir entre todos"},"content":{"rendered":"<div id=\"bsf_rt_marker\"><\/div><div>\n<p>No quer\u00eda dejar pasar ni una sola l\u00ednea de este art\u00edculo en el blog de nuestra empresa sin <strong>dar las gracias a todos los compa\u00f1eros que forman esta empresa por la ilusi\u00f3n, el buen hacer y la honestidad en la realizaci\u00f3n de las tareas<\/strong> que cada d\u00eda logran que esta empresa sea m\u00e1s organizaci\u00f3n, m\u00e1s ser y m\u00e1s capaz de lograr todo lo que se proponga.<img loading=\"lazy\" decoding=\"async\" class=\"alignright\" title=\"Detalles Fabrica Licor 43 Cartagena\" src=\"https:\/\/fbcdn-sphotos-d-a.akamaihd.net\/hphotos-ak-prn1\/76850_537927809557077_976745592_n.jpg\" alt=\"\" width=\"309\" height=\"461\" \/><\/p>\n<p>Este blog, <a title=\"Entrelares la revista hecha por la gente de Urbincasa\" href=\"https:\/\/urbincasa.es\/blog\/2012\/06\/entrelares-la-revista-hecha-por-la-gente-de-urbincasa\/\">la revista son ejemplos ejemplos palpables<\/a> de lo comentado antes, ya que nace del sacrificio, de la mano de l<strong>as ganas de dar m\u00e1s a nuestros clientes<\/strong>, d<strong>e hacer que la empresa sea m\u00e1s de todos, de los de dentro y de los de fuera.<\/strong><\/p>\n<p>Podr\u00eda haber dedicado mi modesto art\u00edculo a hablar de construcci\u00f3n, de procesos, de mejora, de innovaci\u00f3n\u2026 pero <strong>pienso que es momento de hablar de personas, de valores, de ejemplaridad y del reflejo que todo esto produce en quien lo observa.<\/strong><\/p>\n<p>Todos los que tenemos el placer de participar en esta\u00a0organizaci\u00f3n estamos vinculados a una forma excelente y profesional de hacer, de ser, de parecer y de mostrarnos a nuestro entorno.<\/p>\n<p><strong>Debo tambi\u00e9n hacer extensivo el agradecimiento a la\u00a0capacidad de los miembros de la divisi\u00f3n de construcci\u00f3n de reinventarse para poder materializar todos los prop\u00f3sitos y proyectos que permiten afirmar,<\/strong> sin error, que actualmente es una divisi\u00f3n capaz de estar en los\u00a0m\u00e1s significativos de los proyectos de construcci\u00f3n\u00a0tanto de edificaci\u00f3n residencial como industrial, permitiendo aliar a todos nuestros colaboradores dentro\u00a0de una m\u00e1xima de responsabilidad para con nuestro\u00a0cliente ultimo.<\/p>\n<p><strong>Es un momento complicado que exige lo mejor de los mejores<\/strong>, y es en este punto donde las personas que conforman la empresa hacen de esta necesidad una oportunidad para demostrar que tiene mucho m\u00e1s que ser.<\/p>\n<p>Nuestros clientes nos ensalzan con cada una de sus valoraciones, y <strong>hacen que este esp\u00edritu de uni\u00f3n e ilusi\u00f3n traspase lo cotidiano para proyectarse en un d\u00eda a d\u00eda<\/strong> sobresaliente tratando de compartir ese sentimiento con nuestro publico.<\/p>\n<p><strong>Gracias a nuestro trabajo en equipo Gracias, clientes, y felicidades, compa\u00f1eros.<\/strong><\/p>\n<p><strong><a title=\"Perfil linkendin\" href=\"http:\/\/es.linkedin.com\/in\/jlucasgonzalez\">Juan L\u00facas Gonz\u00e1lez <\/a>\u00a0<\/strong>Director de Construcci\u00f3n<\/p>\n<address>fotograf\u00eda de nuestro compa\u00f1ero Javier Valverde<\/address>\n<\/div>\n","protected":false},"excerpt":{"rendered":"<p>No quer\u00eda dejar pasar ni una sola l\u00ednea de este art\u00edculo en el blog de nuestra empresa sin dar las gracias a todos los compa\u00f1eros que forman esta empresa por la ilusi\u00f3n, el buen hacer y la honestidad en la realizaci\u00f3n de las tareas que cada d\u00eda logran que esta empresa sea m\u00e1s organizaci\u00f3n, m\u00e1s [&hellip;]<\/p>\n","protected":false},"author":3,"featured_media":1142,"comment_status":"open","ping_status":"open","sticky":false,"template":"","format":"standard","meta":{"footnotes":""},"categories":[13],"tags":[33,39,44,45,215,91],"class_list":["post-1138","post","type-post","status-publish","format-standard","has-post-thumbnail","hentry","category-opinion","tag-calidad","tag-clima-laboral","tag-construccion","tag-construccion-sostenible","tag-entrelares","tag-mejora-continua"],"_links":{"self":[{"href":"https:\/\/urbincasa.es\/blog\/wp-json\/wp\/v2\/posts\/1138","targetHints":{"allow":["GET"]}}],"collection":[{"href":"https:\/\/urbincasa.es\/blog\/wp-json\/wp\/v2\/posts"}],"about":[{"href":"https:\/\/urbincasa.es\/blog\/wp-json\/wp\/v2\/types\/post"}],"author":[{"embeddable":true,"href":"https:\/\/urbincasa.es\/blog\/wp-json\/wp\/v2\/users\/3"}],"replies":[{"embeddable":true,"href":"https:\/\/urbincasa.es\/blog\/wp-json\/wp\/v2\/comments?post=1138"}],"version-history":[{"count":4,"href":"https:\/\/urbincasa.es\/blog\/wp-json\/wp\/v2\/posts\/1138\/revisions"}],"predecessor-version":[{"id":1143,"href":"https:\/\/urbincasa.es\/blog\/wp-json\/wp\/v2\/posts\/1138\/revisions\/1143"}],"wp:featuredmedia":[{"embeddable":true,"href":"https:\/\/urbincasa.es\/blog\/wp-json\/wp\/v2\/media\/1142"}],"wp:attachment":[{"href":"https:\/\/urbincasa.es\/blog\/wp-json\/wp\/v2\/media?parent=1138"}],"wp:term":[{"taxonomy":"category","embeddable":true,"href":"https:\/\/urbincasa.es\/blog\/wp-json\/wp\/v2\/categories?post=1138"},{"taxonomy":"post_tag","embeddable":true,"href":"https:\/\/urbincasa.es\/blog\/wp-json\/wp\/v2\/tags?post=1138"}],"curies":[{"name":"wp","href":"https:\/\/api.w.org\/{rel}","templated":true}]}}