{"id":1147,"date":"2012-11-05T20:19:33","date_gmt":"2012-11-05T18:19:33","guid":{"rendered":"https:\/\/urbincasa.es\/blog\/?p=1147"},"modified":"2014-01-29T11:08:20","modified_gmt":"2014-01-29T09:08:20","slug":"pasaje-conesa-quieres-ser-parte-de-nuestra-historia","status":"publish","type":"post","link":"https:\/\/urbincasa.es\/blog\/2012\/11\/pasaje-conesa-quieres-ser-parte-de-nuestra-historia\/","title":{"rendered":"Pasaje Conesa \u00bfQuieres ser parte de nuestra historia?"},"content":{"rendered":"<div id=\"bsf_rt_marker\"><\/div><p>Pasaje Conesa, es historia viva de <strong>Cartagena<\/strong> y queremos aportar nuestro granito de arena a explicar qu\u00e9 fue y qu\u00e9 ser\u00e1 en un futuro este edificio.<\/p>\n<h4><strong>ANTECEDENTES HIST\u00d3RICOS. PASAJE CONESA Y FINCAS COLINDANTES<\/strong><\/h4>\n<p>El Pasaje Conesa y las fincas colindantes que componen el conjunto de<strong> la edificaci<\/strong><a href=\"https:\/\/urbincasa.es\/blog\/wp-content\/uploads\/2012\/11\/pasajeconesa.jpg\"><img loading=\"lazy\" decoding=\"async\" class=\"size-medium wp-image-1148 alignright\" title=\"pasajeconesa\" alt=\"\" src=\"https:\/\/urbincasa.es\/blog\/wp-content\/uploads\/2012\/11\/pasajeconesa-300x200.jpg\" width=\"300\" height=\"200\" srcset=\"https:\/\/urbincasa.es\/blog\/wp-content\/uploads\/2012\/11\/pasajeconesa-300x200.jpg 300w, https:\/\/urbincasa.es\/blog\/wp-content\/uploads\/2012\/11\/pasajeconesa-1024x685.jpg 1024w, https:\/\/urbincasa.es\/blog\/wp-content\/uploads\/2012\/11\/pasajeconesa-448x300.jpg 448w, https:\/\/urbincasa.es\/blog\/wp-content\/uploads\/2012\/11\/pasajeconesa.jpg 1200w\" sizes=\"auto, (max-width: 300px) 100vw, 300px\" \/><\/a><strong>\u00f3n, est\u00e1n emplazados en pleno coraz\u00f3n de Cartagena,<\/strong> teniendo entrada a Puertas de Murcia y salida por calle Morer\u00eda. Sus fachadas dan tambi\u00e9n a calle Cantarer\u00edas y Subida de San Antonio.<\/p>\n<p><strong>Fue construido en 1891 y posee un patio interior longitudinal que en un principio iba a ser ocupado por comerciantes.<\/strong><\/p>\n<p>Aunque no se obtiene certeza alguna<a title=\"Carlos Mancha como arquitecto\" href=\"http:\/\/es.wikipedia.org\/wiki\/Modernismo_en_Cartagena_y_La_Uni%C3%B3n\" target=\"_blank\"> se cree que el arquitecto Carlos Mancha fue el encargado de la obra<\/a>, los \u00fanicos indicios que pueden conllevar a esta creencia se encuentran inscritos en el chafl\u00e1n de Puertas de Murcia.<\/p>\n<p>El pasaje,\u00a0 de \u00edndole modernista,<strong> lleg\u00f3 a poseer una cubierta de estructura met\u00e1lica y vidrios, hoy desaparecida<\/strong>, sostenida por pilares de hierro de fundici\u00f3n, que se recupera y pone en valor.<\/p>\n<p>Algunos de <strong>los edificios que rodean al pasaje responden al tipo tradicional burgu\u00e9s de la Cartagena de finales del siglo XIX y son un buen exponente del eclecticismo loca<\/strong>l; la mayor\u00eda tienen tres plantas con balcones y entresuelo con arcos rebajados. Aunque la planta baja y entresuelo guardan relaciones con algunos edificios del arquitecto Rico, sin embargo los detalles de guardapolvos, zapatas y conexiones de los balcones son id\u00e9nticos a los del arquitecto Julio Egea para la casa de P\u00e9rez Lurbe en la Serreta.<\/p>\n<p><strong>La idea principal del propietario fue destinarlo a mercado de alimentaci\u00f3n, pero no logr\u00f3 licencia municipa<\/strong>l. Lleg\u00f3 a estar ocupado por 14 bajos y 26 viviendas de diversa consideraci\u00f3n<\/p>\n<p>Esperamos que muy pronto<strong> las nuevas viviendas en el centro de Cartagena<\/strong> est\u00e9n habitadas dando de nuevo vida a este maravilloso edificio.<\/p>\n<p><strong>ACTUALIZACI\u00d3N: Urbincasa ya no es la empresa comercializadora del proyecto<\/strong><\/p>\n","protected":false},"excerpt":{"rendered":"<p>Pasaje Conesa, es historia viva de Cartagena y queremos aportar nuestro granito de arena a explicar qu\u00e9 fue y qu\u00e9 ser\u00e1 en un futuro este edificio. ANTECEDENTES HIST\u00d3RICOS. PASAJE CONESA Y FINCAS COLINDANTES El Pasaje Conesa y las fincas colindantes que componen el conjunto de la edificaci\u00f3n, est\u00e1n emplazados en pleno coraz\u00f3n de Cartagena, teniendo [&hellip;]<\/p>\n","protected":false},"author":3,"featured_media":1148,"comment_status":"open","ping_status":"open","sticky":false,"template":"","format":"standard","meta":{"footnotes":""},"categories":[23],"tags":[35,241,76,193,223,138],"class_list":["post-1147","post","type-post","status-publish","format-standard","has-post-thumbnail","hentry","category-viviendas-cartagena","tag-cartagena","tag-casas","tag-historia","tag-obra-nueva","tag-pasaje-conesa","tag-vivienda"],"_links":{"self":[{"href":"https:\/\/urbincasa.es\/blog\/wp-json\/wp\/v2\/posts\/1147","targetHints":{"allow":["GET"]}}],"collection":[{"href":"https:\/\/urbincasa.es\/blog\/wp-json\/wp\/v2\/posts"}],"about":[{"href":"https:\/\/urbincasa.es\/blog\/wp-json\/wp\/v2\/types\/post"}],"author":[{"embeddable":true,"href":"https:\/\/urbincasa.es\/blog\/wp-json\/wp\/v2\/users\/3"}],"replies":[{"embeddable":true,"href":"https:\/\/urbincasa.es\/blog\/wp-json\/wp\/v2\/comments?post=1147"}],"version-history":[{"count":6,"href":"https:\/\/urbincasa.es\/blog\/wp-json\/wp\/v2\/posts\/1147\/revisions"}],"predecessor-version":[{"id":1411,"href":"https:\/\/urbincasa.es\/blog\/wp-json\/wp\/v2\/posts\/1147\/revisions\/1411"}],"wp:featuredmedia":[{"embeddable":true,"href":"https:\/\/urbincasa.es\/blog\/wp-json\/wp\/v2\/media\/1148"}],"wp:attachment":[{"href":"https:\/\/urbincasa.es\/blog\/wp-json\/wp\/v2\/media?parent=1147"}],"wp:term":[{"taxonomy":"category","embeddable":true,"href":"https:\/\/urbincasa.es\/blog\/wp-json\/wp\/v2\/categories?post=1147"},{"taxonomy":"post_tag","embeddable":true,"href":"https:\/\/urbincasa.es\/blog\/wp-json\/wp\/v2\/tags?post=1147"}],"curies":[{"name":"wp","href":"https:\/\/api.w.org\/{rel}","templated":true}]}}