{"id":1151,"date":"2012-12-04T12:56:06","date_gmt":"2012-12-04T10:56:06","guid":{"rendered":"https:\/\/urbincasa.es\/blog\/?p=1151"},"modified":"2013-04-29T16:32:22","modified_gmt":"2013-04-29T14:32:22","slug":"una-empresa-con-vocacion-de-conversar","status":"publish","type":"post","link":"https:\/\/urbincasa.es\/blog\/2012\/12\/una-empresa-con-vocacion-de-conversar\/","title":{"rendered":"Una empresa con vocaci\u00f3n de conversar"},"content":{"rendered":"<div id=\"bsf_rt_marker\"><\/div><p><strong><a href=\"https:\/\/urbincasa.es\/blog\/wp-content\/uploads\/2012\/12\/urbincasa3.jpg\"><img loading=\"lazy\" decoding=\"async\" class=\"alignleft size-medium wp-image-1152\" title=\"Inicios de Urbincasa en Facebook\" src=\"https:\/\/urbincasa.es\/blog\/wp-content\/uploads\/2012\/12\/urbincasa3-98x300.jpg\" alt=\"\" width=\"98\" height=\"300\" srcset=\"https:\/\/urbincasa.es\/blog\/wp-content\/uploads\/2012\/12\/urbincasa3-98x300.jpg 98w, https:\/\/urbincasa.es\/blog\/wp-content\/uploads\/2012\/12\/urbincasa3-335x1024.jpg 335w, https:\/\/urbincasa.es\/blog\/wp-content\/uploads\/2012\/12\/urbincasa3.jpg 1772w\" sizes=\"auto, (max-width: 98px) 100vw, 98px\" \/><\/a>\u00bf Qu\u00e9 hace una promotora constructora en un lugar como las Redes Sociales y el mundo del Social Media ?<\/strong><\/p>\n<p>Nos lo han preguntado muchas veces, de muy distintas maneras, pero la respuesta ha sido siempre la misma: \u201cTenemos mucho que contar\u201d<\/p>\n<p>Sencillo, \u00bfverdad? Ahora que todo est\u00e1 inundado de cursos de\u00a0\u201cCommunity Managers\u201d, \u201cEspecialistas en Social media\u201d y dem\u00e1s\u00a0t\u00edtulos, resulta que nosotros ya apostamos por ello hace a\u00f1os.<\/p>\n<p>\u00bfY por qu\u00e9? Porque est\u00e1 en nuestro ADN empresarial. No es autobombo, es real. El que nos conozca sabe que desde mucho tiempo antes del boom de la<strong> tecnolog\u00eda 2.0, habl\u00e1bamos con nuestros clientes y amigos.<\/strong><\/p>\n<p>Sea por el origen mediterr\u00e1neo,\u00a0sea por lo que sea, <strong>nuestra filosof\u00eda ha sido la de conversar, aconsejar, acompa\u00f1ar y escuchar<\/strong> a todo aquel que ha confiado en\u00a0nosotros.<\/p>\n<p>Tambi\u00e9n es verdad que todo no siempre sale como deber\u00eda. Pero somos humanos, <strong>construimos hogares por los que pasan m\u00faltiples oficios<\/strong> e intentamos (y conseguimos en un alt\u00edsimo porcentaje) que todo salga como tiene que salir: perfecto.<\/p>\n<p>Y llegaron las <strong>redes sociales\u00a0<\/strong>y nosotros nos tiramos a la piscina y\u00a0decidimos que ten\u00edamos que ser aut\u00e9nticos como siempre hemos sido y las condiciones nos obligaban a hacer al resto. Quisimos ser transparentes como\u00a0siempre y, sobre todo, <strong>cercanos<\/strong>.<\/p>\n<p>Disfrutamos compartiendo con vosotros todo lo que pasa y todo lo que hacemos para que pase lo que pasa.<\/p>\n<p>Tenemos presencia activa en\u00a0<a title=\"Nuestro perfil en facebook\" href=\"http:\/\/www.facebook.com\/urbincasa\" target=\"_blank\">Facebook<\/a>, <a title=\"S\u00edguenos en twitter.\" href=\"http:\/\/twitter.com\/urbincasa\" target=\"_blank\">Twitter<\/a>, este blog y <a title=\"El canal de v\u00eddeos de urbincasa\" href=\"http:\/\/www.youtube.com\/user\/urbincasacartagena\" target=\"_blank\">YouTube<\/a>. S\u00ed, es un esfuerzo importante por estar ah\u00ed, pero entendemos\u00a0que tenemos que estar y adem\u00e1s estar a\u00a0la altura.<\/p>\n<p>Recuerdo el d\u00eda que le enviamos una caja de vinos a nuestra fan n\u00ba 1.000 en Albacete (el siguiente reto que tenemos son los 6.000 y estamos cerca). Su correo lo guardamos como oro en pa\u00f1o, no fue un concurso, no se avis\u00f3 a nadie del<br \/>\nregalo, ella misma desconfiaba.<\/p>\n<p><strong>Han pasado los a\u00f1os y podemos decir que nos encanta el medio<\/strong>, que aprendemos todos los d\u00edas de las personas que se ponen en contacto con nosotros y que por<br \/>\nsupuesto, seguiremos ofreciendo contenido lleno de <strong>optimismo, naturalidad y utilidad.<\/strong><\/p>\n<p>Seguiremos contando nuestras inquietudes, nuestro d\u00eda a d\u00eda y esperando que vosotros nos dig\u00e1is cu\u00e1l es el camino a seguir.<\/p>\n<p>Porque lo tenemos claro:<strong> Urbincasa es la suma de cada uno de\u00a0vosotros.<\/strong><\/p>\n<p>Abrazos digitales<\/p>\n<p>&nbsp;<\/p>\n","protected":false},"excerpt":{"rendered":"<p>\u00bf Qu\u00e9 hace una promotora constructora en un lugar como las Redes Sociales y el mundo del Social Media ? Nos lo han preguntado muchas veces, de muy distintas maneras, pero la respuesta ha sido siempre la misma: \u201cTenemos mucho que contar\u201d Sencillo, \u00bfverdad? Ahora que todo est\u00e1 inundado de cursos de\u00a0\u201cCommunity Managers\u201d, \u201cEspecialistas en [&hellip;]<\/p>\n","protected":false},"author":3,"featured_media":1152,"comment_status":"open","ping_status":"open","sticky":false,"template":"","format":"standard","meta":{"footnotes":""},"categories":[11,13],"tags":[327,59,14,326],"class_list":["post-1151","post","type-post","status-publish","format-standard","has-post-thumbnail","hentry","category-informacion","category-opinion","tag-2-0","tag-empresa","tag-redes-sociales","tag-social-media"],"_links":{"self":[{"href":"https:\/\/urbincasa.es\/blog\/wp-json\/wp\/v2\/posts\/1151","targetHints":{"allow":["GET"]}}],"collection":[{"href":"https:\/\/urbincasa.es\/blog\/wp-json\/wp\/v2\/posts"}],"about":[{"href":"https:\/\/urbincasa.es\/blog\/wp-json\/wp\/v2\/types\/post"}],"author":[{"embeddable":true,"href":"https:\/\/urbincasa.es\/blog\/wp-json\/wp\/v2\/users\/3"}],"replies":[{"embeddable":true,"href":"https:\/\/urbincasa.es\/blog\/wp-json\/wp\/v2\/comments?post=1151"}],"version-history":[{"count":8,"href":"https:\/\/urbincasa.es\/blog\/wp-json\/wp\/v2\/posts\/1151\/revisions"}],"predecessor-version":[{"id":1179,"href":"https:\/\/urbincasa.es\/blog\/wp-json\/wp\/v2\/posts\/1151\/revisions\/1179"}],"wp:featuredmedia":[{"embeddable":true,"href":"https:\/\/urbincasa.es\/blog\/wp-json\/wp\/v2\/media\/1152"}],"wp:attachment":[{"href":"https:\/\/urbincasa.es\/blog\/wp-json\/wp\/v2\/media?parent=1151"}],"wp:term":[{"taxonomy":"category","embeddable":true,"href":"https:\/\/urbincasa.es\/blog\/wp-json\/wp\/v2\/categories?post=1151"},{"taxonomy":"post_tag","embeddable":true,"href":"https:\/\/urbincasa.es\/blog\/wp-json\/wp\/v2\/tags?post=1151"}],"curies":[{"name":"wp","href":"https:\/\/api.w.org\/{rel}","templated":true}]}}