{"id":1223,"date":"2013-08-12T10:42:31","date_gmt":"2013-08-12T08:42:31","guid":{"rendered":"https:\/\/urbincasa.es\/blog\/?p=1223"},"modified":"2013-11-22T11:03:04","modified_gmt":"2013-11-22T09:03:04","slug":"cartagena-reciclar-capsulas-cafe","status":"publish","type":"post","link":"https:\/\/urbincasa.es\/blog\/2013\/08\/cartagena-reciclar-capsulas-cafe\/","title":{"rendered":"Reciclando las c\u00e1psulas de caf\u00e9"},"content":{"rendered":"<div id=\"bsf_rt_marker\"><\/div><p><a href=\"https:\/\/urbincasa.es\/blog\/wp-content\/uploads\/2013\/02\/cafetera-UrbincasaShop.jpg\"><img loading=\"lazy\" decoding=\"async\" class=\"alignleft  wp-image-1258\" title=\"cafetera UrbincasaShop\" alt=\"\" src=\"https:\/\/urbincasa.es\/blog\/wp-content\/uploads\/2013\/02\/cafetera-UrbincasaShop-300x231.jpg\" width=\"210\" height=\"162\" srcset=\"https:\/\/urbincasa.es\/blog\/wp-content\/uploads\/2013\/02\/cafetera-UrbincasaShop-300x231.jpg 300w, https:\/\/urbincasa.es\/blog\/wp-content\/uploads\/2013\/02\/cafetera-UrbincasaShop-389x300.jpg 389w, https:\/\/urbincasa.es\/blog\/wp-content\/uploads\/2013\/02\/cafetera-UrbincasaShop.jpg 592w\" sizes=\"auto, (max-width: 210px) 100vw, 210px\" \/><\/a>En nuestra <a title=\"Oficina Urbincasa Cartagena \" href=\"http:\/\/www.urbincasa.es\/inmobiliaria\/es\/urbincasashop\/22\">nueva y preciosa oficina <strong>Urbincasa Shop<\/strong><\/a> en el centro de <a href=\"http:\/\/www.urbincasa.es\">Cartagena <\/a>tenemos una cafetera de c\u00e1psulas para nuestros compa\u00f1eros y tambi\u00e9n para nuestros clientes.<\/p>\n<p>A\u00a0ra\u00edz\u00a0de ver cu\u00e1ntas c\u00e1psulas gastamos, hemos estado curioseando por la red y hemos descubierto muchas opciones para <strong>reutilizarlas<\/strong>.<\/p>\n<p>Complementos de ropa, e incluso muebles para nuestro sal\u00f3n, muchas son las ideas que hemos tomado de internet y est\u00e1s son algunas de las\u00a0que estamos aprendiendo a realizar.<\/p>\n<p>\u00bfCu\u00e1l te gusta m\u00e1s?<\/p>\n<figure id=\"attachment_1224\" aria-describedby=\"caption-attachment-1224\" style=\"width: 300px\" class=\"wp-caption aligncenter\"><a href=\"https:\/\/urbincasa.es\/blog\/wp-content\/uploads\/2013\/02\/pulsera.jpg\"><img loading=\"lazy\" decoding=\"async\" class=\"size-full wp-image-1224\" title=\"pulsera capsulas\" alt=\"nespresso reciclaje \" src=\"https:\/\/urbincasa.es\/blog\/wp-content\/uploads\/2013\/02\/pulsera.jpg\" width=\"300\" height=\"225\" \/><\/a><figcaption id=\"caption-attachment-1224\" class=\"wp-caption-text\">Esta foto es de www.blogseitb.com<\/figcaption><\/figure>\n<p style=\"text-align: center;\"><a style=\"font-weight: bold;\" href=\"https:\/\/urbincasa.es\/blog\/wp-content\/uploads\/2013\/02\/arbol-navidad.jpg\"><img loading=\"lazy\" decoding=\"async\" class=\"size-medium wp-image-1225\" title=\"arbol navidad reciclaje\" alt=\"capsulas nespresso\" src=\"https:\/\/urbincasa.es\/blog\/wp-content\/uploads\/2013\/02\/arbol-navidad-200x300.jpg\" width=\"200\" height=\"300\" \/><\/a><\/p>\n<dl class=\"wp-caption aligncenter\" id=\"attachment_1225\" style=\"width: 210px;\">\n<dd class=\"wp-caption-dd\">Foto es de fullook.wordpress.com<\/dd>\n<\/dl>\n<figure id=\"attachment_1226\" aria-describedby=\"caption-attachment-1226\" style=\"width: 300px\" class=\"wp-caption aligncenter\"><a href=\"https:\/\/urbincasa.es\/blog\/wp-content\/uploads\/2013\/02\/lampara.jpg\"><img loading=\"lazy\" decoding=\"async\" class=\"size-medium wp-image-1226\" title=\"lampara nespresso\" alt=\"reciclar ideas casa\" src=\"https:\/\/urbincasa.es\/blog\/wp-content\/uploads\/2013\/02\/lampara-300x300.jpg\" width=\"300\" height=\"300\" srcset=\"https:\/\/urbincasa.es\/blog\/wp-content\/uploads\/2013\/02\/lampara-300x300.jpg 300w, https:\/\/urbincasa.es\/blog\/wp-content\/uploads\/2013\/02\/lampara-150x150.jpg 150w, https:\/\/urbincasa.es\/blog\/wp-content\/uploads\/2013\/02\/lampara.jpg 700w\" sizes=\"auto, (max-width: 300px) 100vw, 300px\" \/><\/a><figcaption id=\"caption-attachment-1226\" class=\"wp-caption-text\">Foto de www.actividades-mcp.es<\/figcaption><\/figure>\n<figure id=\"attachment_1227\" aria-describedby=\"caption-attachment-1227\" style=\"width: 225px\" class=\"wp-caption aligncenter\"><a href=\"https:\/\/urbincasa.es\/blog\/wp-content\/uploads\/2013\/02\/bolsos-capsulas-nespresso.jpg\"><img loading=\"lazy\" decoding=\"async\" class=\"size-medium wp-image-1227\" title=\"bolsos capsulas nespresso\" alt=\"ideas hogar\" src=\"https:\/\/urbincasa.es\/blog\/wp-content\/uploads\/2013\/02\/bolsos-capsulas-nespresso-225x300.jpg\" width=\"225\" height=\"300\" srcset=\"https:\/\/urbincasa.es\/blog\/wp-content\/uploads\/2013\/02\/bolsos-capsulas-nespresso-225x300.jpg 225w, https:\/\/urbincasa.es\/blog\/wp-content\/uploads\/2013\/02\/bolsos-capsulas-nespresso.jpg 480w\" sizes=\"auto, (max-width: 225px) 100vw, 225px\" \/><\/a><figcaption id=\"caption-attachment-1227\" class=\"wp-caption-text\">Foto de elartederreciclar.blogspot.com<\/figcaption><\/figure>\n<figure id=\"attachment_1229\" aria-describedby=\"caption-attachment-1229\" style=\"width: 300px\" class=\"wp-caption aligncenter\"><a href=\"https:\/\/urbincasa.es\/blog\/wp-content\/uploads\/2013\/02\/reloj-capsulas-nespresso-dia-del-padre1-300x225.jpg\"><img loading=\"lazy\" decoding=\"async\" class=\"size-full wp-image-1229\" title=\"reloj reciclar \" alt=\"capsulas nespresso\" src=\"https:\/\/urbincasa.es\/blog\/wp-content\/uploads\/2013\/02\/reloj-capsulas-nespresso-dia-del-padre1-300x225.jpg\" width=\"300\" height=\"225\" \/><\/a><figcaption id=\"caption-attachment-1229\" class=\"wp-caption-text\">Foto de www.blogseitb.com<\/figcaption><\/figure>\n<p>Reutilizar es <a title=\"Filosof\u00eda de las tres erres\" href=\"https:\/\/urbincasa.es\/blog\/2013\/05\/compromiso-medio-ambiente-filosofia-las-3-rs\/\">una de las tres erres de la filosof\u00eda <\/a>que ya os explicamos en este blog y que en Urbincasa intentamos practicar al m\u00e1ximo \ud83d\ude42<\/p>\n<p style=\"text-align: center;\"><a title=\"Ideas de Decoraci\u00f3n\" href=\"https:\/\/urbincasa.es\/blog\/category\/decoracion\/\" target=\"_blank\"><img loading=\"lazy\" decoding=\"async\" class=\"aligncenter  wp-image-2762\" alt=\"Seccion Decoraci\u00f3n\" src=\"https:\/\/urbincasa.es\/blog\/wp-content\/uploads\/2013\/08\/Secci\u00f3nDecoraci\u00f3n-300x150.png\" width=\"240\" height=\"120\" srcset=\"https:\/\/urbincasa.es\/blog\/wp-content\/uploads\/2013\/08\/Secci\u00f3nDecoraci\u00f3n-300x150.png 300w, https:\/\/urbincasa.es\/blog\/wp-content\/uploads\/2013\/08\/Secci\u00f3nDecoraci\u00f3n.png 320w\" sizes=\"auto, (max-width: 240px) 100vw, 240px\" \/><\/a><\/p>\n","protected":false},"excerpt":{"rendered":"<p>En nuestra nueva y preciosa oficina Urbincasa Shop en el centro de Cartagena tenemos una cafetera de c\u00e1psulas para nuestros compa\u00f1eros y tambi\u00e9n para nuestros clientes. A\u00a0ra\u00edz\u00a0de ver cu\u00e1ntas c\u00e1psulas gastamos, hemos estado curioseando por la red y hemos descubierto muchas opciones para reutilizarlas. Complementos de ropa, e incluso muebles para nuestro sal\u00f3n, muchas son [&hellip;]<\/p>\n","protected":false},"author":3,"featured_media":1258,"comment_status":"open","ping_status":"open","sticky":false,"template":"","format":"standard","meta":{"footnotes":""},"categories":[7,8,12],"tags":[],"class_list":["post-1223","post","type-post","status-publish","format-standard","has-post-thumbnail","hentry","category-compromiso-social","category-decoracion","category-medioambiente"],"_links":{"self":[{"href":"https:\/\/urbincasa.es\/blog\/wp-json\/wp\/v2\/posts\/1223","targetHints":{"allow":["GET"]}}],"collection":[{"href":"https:\/\/urbincasa.es\/blog\/wp-json\/wp\/v2\/posts"}],"about":[{"href":"https:\/\/urbincasa.es\/blog\/wp-json\/wp\/v2\/types\/post"}],"author":[{"embeddable":true,"href":"https:\/\/urbincasa.es\/blog\/wp-json\/wp\/v2\/users\/3"}],"replies":[{"embeddable":true,"href":"https:\/\/urbincasa.es\/blog\/wp-json\/wp\/v2\/comments?post=1223"}],"version-history":[{"count":16,"href":"https:\/\/urbincasa.es\/blog\/wp-json\/wp\/v2\/posts\/1223\/revisions"}],"predecessor-version":[{"id":2136,"href":"https:\/\/urbincasa.es\/blog\/wp-json\/wp\/v2\/posts\/1223\/revisions\/2136"}],"wp:featuredmedia":[{"embeddable":true,"href":"https:\/\/urbincasa.es\/blog\/wp-json\/wp\/v2\/media\/1258"}],"wp:attachment":[{"href":"https:\/\/urbincasa.es\/blog\/wp-json\/wp\/v2\/media?parent=1223"}],"wp:term":[{"taxonomy":"category","embeddable":true,"href":"https:\/\/urbincasa.es\/blog\/wp-json\/wp\/v2\/categories?post=1223"},{"taxonomy":"post_tag","embeddable":true,"href":"https:\/\/urbincasa.es\/blog\/wp-json\/wp\/v2\/tags?post=1223"}],"curies":[{"name":"wp","href":"https:\/\/api.w.org\/{rel}","templated":true}]}}