{"id":12288,"date":"2024-04-08T08:33:39","date_gmt":"2024-04-08T06:33:39","guid":{"rendered":"https:\/\/urbincasa.es\/blog\/?p=12288"},"modified":"2024-04-08T13:22:11","modified_gmt":"2024-04-08T11:22:11","slug":"la-importancia-de-la-distribucion-de-los-espacios-en-el-diseno-de-viviendas","status":"publish","type":"post","link":"https:\/\/urbincasa.es\/blog\/2024\/04\/la-importancia-de-la-distribucion-de-los-espacios-en-el-diseno-de-viviendas\/","title":{"rendered":"La importancia de la distribuci\u00f3n de los espacios en el dise\u00f1o de viviendas"},"content":{"rendered":"<div id=\"bsf_rt_marker\"><\/div><h4><b>\u00bfSabes en qu\u00e9 consiste el <\/b><a href=\"https:\/\/www.eleconomista.es\/vivienda-inmobiliario\/noticias\/12695731\/02\/24\/que-es-el-lujo-silencioso-y-por-que-es-una-tendencia-emergente-.html\"><b>\u201clujo silencioso<\/b><\/a><b>\u201d? En el mundo de la arquitectura y del dise\u00f1o de interiores, lo \u201clujoso\u201d va m\u00e1s all\u00e1 de lo ostentoso y lo llamativo. La verdadera sofisticaci\u00f3n reside en una cuidada planificaci\u00f3n de los espacios y la iluminaci\u00f3n, creando ambientes inteligentes que inspiran calma, confort y funcionalidad. La distribuci\u00f3n de las estancias de la vivienda se convierte, por tanto, en un elemento fundamental. Desde Urbincasa te contamos c\u00f3mo aplicamos esta tendencia para crear hogares de aut\u00e9ntico lujo.<\/b><\/h4>\n<p><span style=\"font-weight: 400;\">Con varios residenciales de viviendas en construcci\u00f3n, desde la Costa Blanca hasta la Costa del Sol, nos centramos, en cada dise\u00f1o, en los siguientes puntos clave:<\/span><\/p>\n<h3><b>Calidad sobre cantidad<\/b><\/h3>\n<p><span style=\"font-weight: 400;\">\u00bfDe qu\u00e9 sirven los metros cuadrados si el espacio resulta fr\u00edo y hostil? En lugar de enfocarnos exclusivamente en la cantidad o en la extravagancia,<\/span><b> en Urbincasa primamos el detalle, la <a href=\"https:\/\/urbincasa.es\/blog\/category\/calidad\/\" target=\"_blank\" rel=\"noopener\">calidad de los materiales<\/a>, la distribuci\u00f3n inteligente<\/b><span style=\"font-weight: 400;\"> de las estancias y las terrazas, claro, donde s\u00ed que no escatimamos en metros cuadrados, y es que a nuestros clientes les gusta pasar mucho tiempo en ellas y disfrutar del sol, el clima y el mar Mediterr\u00e1neo. <\/span><b>Se trata de crear ambientes que no s\u00f3lo sean visualmente impresionantes, sino tambi\u00e9n c\u00f3modos, acogedores y pr\u00e1cticos para el d\u00eda a d\u00eda<\/b><span style=\"font-weight: 400;\">.<\/span><\/p>\n<p><img loading=\"lazy\" decoding=\"async\" class=\"alignright wp-image-12301\" src=\"https:\/\/urbincasa.es\/blog\/wp-content\/uploads\/2024\/04\/Arrecife-Costa-del-Sol-17-urbincasa-300x169.png\" alt=\"\" width=\"474\" height=\"267\" srcset=\"https:\/\/urbincasa.es\/blog\/wp-content\/uploads\/2024\/04\/Arrecife-Costa-del-Sol-17-urbincasa-300x169.png 300w, https:\/\/urbincasa.es\/blog\/wp-content\/uploads\/2024\/04\/Arrecife-Costa-del-Sol-17-urbincasa-768x432.png 768w, https:\/\/urbincasa.es\/blog\/wp-content\/uploads\/2024\/04\/Arrecife-Costa-del-Sol-17-urbincasa-456x256.png 456w, https:\/\/urbincasa.es\/blog\/wp-content\/uploads\/2024\/04\/Arrecife-Costa-del-Sol-17-urbincasa.png 900w\" sizes=\"auto, (max-width: 474px) 100vw, 474px\" \/><\/p>\n<h3><b>\u00a1Que fluya la luz natural!<\/b><\/h3>\n<p><span style=\"font-weight: 400;\">De ah\u00ed que demos tanta importancia en las terrazas y los amplios ventanales, para dejar pasar la luz natural. En Espa\u00f1a, especialmente en el sur, tenemos el privilegio de disfrutar de casi 300 <\/span><a href=\"https:\/\/alicanteplaza.es\/la-costa-blanca-en-el-top-de-las-zonas-mas-felices-de-espana-con-284-dias-de-sol-al-ano-segun-sonneil#:~:text=spain%20happy%20index'-,La%20Costa%20Blanca%2C%20en%20el%20top%20de%20las%20zonas%20m%C3%A1s,sol%20al%20a%C3%B1o%2C%20seg%C3%BAn%20Sonneil\"><span style=\"font-weight: 400;\">d\u00edas de sol al a\u00f1o<\/span><\/a><span style=\"font-weight: 400;\"> \u00a1Aprovech\u00e9moslo con un<\/span><b> dise\u00f1o y orientaci\u00f3n inteligentes<\/b><span style=\"font-weight: 400;\">! No s\u00f3lo sumar\u00e1 un plus a la felicidad a los residentes, sino que tambi\u00e9n podemos conseguir un gran ahorro en el consumo energ\u00e9tico.<\/span><\/p>\n<p><span style=\"font-weight: 400;\">Una distribuci\u00f3n cuidadosa de los espacios busca lograr una <\/span><b>armon\u00eda visual y una fluidez funcional en todo el ambiente<\/b><span style=\"font-weight: 400;\">. Esto implica pensar en c\u00f3mo las diferentes \u00e1reas de la casa se conectan entre s\u00ed y c\u00f3mo fluye el movimiento de una habitaci\u00f3n a otra. Un dise\u00f1o bien pensado permite que los espacios se integren de manera natural, facilitando la vida cotidiana de sus residentes.<\/span><\/p>\n<h3><b>Optimizaci\u00f3n del espacio<\/b><\/h3>\n<p><span style=\"font-weight: 400;\">En el lujo silencioso, cada cent\u00edmetro cuenta. La clave es aprovechar al m\u00e1ximo cada rinc\u00f3n de la vivienda, eliminando el exceso y priorizando la funcionalidad. Esto puede implicar <\/span><b>soluciones ingeniosas de almacenamiento<\/b><span style=\"font-weight: 400;\">, muebles multifuncionales o <\/span><b>la integraci\u00f3n de tecnolog\u00eda<\/b><span style=\"font-weight: 400;\"> que optimice el espacio disponible.<\/span><\/p>\n<p><img loading=\"lazy\" decoding=\"async\" class=\" wp-image-12299 alignleft\" src=\"https:\/\/urbincasa.es\/blog\/wp-content\/uploads\/2024\/04\/Arrecife-Cosrta-del-Sol-urbincasa-300x169.png\" alt=\"\" width=\"437\" height=\"246\" srcset=\"https:\/\/urbincasa.es\/blog\/wp-content\/uploads\/2024\/04\/Arrecife-Cosrta-del-Sol-urbincasa-300x169.png 300w, https:\/\/urbincasa.es\/blog\/wp-content\/uploads\/2024\/04\/Arrecife-Cosrta-del-Sol-urbincasa-768x432.png 768w, https:\/\/urbincasa.es\/blog\/wp-content\/uploads\/2024\/04\/Arrecife-Cosrta-del-Sol-urbincasa-456x256.png 456w, https:\/\/urbincasa.es\/blog\/wp-content\/uploads\/2024\/04\/Arrecife-Cosrta-del-Sol-urbincasa.png 900w\" sizes=\"auto, (max-width: 437px) 100vw, 437px\" \/><\/p>\n<h3><b>Atenci\u00f3n al detalle<\/b><\/h3>\n<p><span style=\"font-weight: 400;\">Los detalles son, sin duda, la \u201cguinda del pastel\u201d en lo que respecta a<\/span><b> la creaci\u00f3n de un ambiente de aut\u00e9ntico lujo<\/b><span style=\"font-weight: 400;\">. Desde la elecci\u00f3n de <\/span><b>los materiales hasta la disposici\u00f3n de los muebles, la iluminaci\u00f3n y los elementos decorativos<\/b><span style=\"font-weight: 400;\">. Cada aspecto debe ser cuidadosamente considerado para crear <\/span><b>una experiencia sensorialmente placentera<\/b><span style=\"font-weight: 400;\">. La distribuci\u00f3n de espacios bien pensada permite destacar estos detalles y <\/span><b>realzar la belleza de cada rinc\u00f3n de la vivienda.<\/b><\/p>\n<p><span style=\"font-weight: 400;\">M\u00e1s all\u00e1 de la opulencia y la superficialidad,<\/span><b> el verdadero lujo reside en la calidad, la funcionalidad y la armon\u00eda de los espacios interiores<\/b><span style=\"font-weight: 400;\">, y en Urbincasa llevamos casi 60 a\u00f1os trabajando en estos conceptos con el objetivo de <\/span><b>crear hogares modernos y exclusivos junto al Mediterr\u00e1neo <\/b><span style=\"font-weight: 400;\">donde a todo el mundo le gustar\u00eda vivir.<\/span><\/p>\n<h3 style=\"text-align: center;\"><b>\u00a1Conoce nuestras viviendas de lujo con vistas al mar en <a href=\"https:\/\/seascaperesortbenidorm.com\/\" target=\"_blank\" rel=\"noopener\">Alicante<\/a> y <a href=\"https:\/\/www.arreciferesort.com\/\" target=\"_blank\" rel=\"noopener\">M\u00e1laga<\/a>!<\/b><\/h3>\n","protected":false},"excerpt":{"rendered":"<p>\u00bfSabes en qu\u00e9 consiste el \u201clujo silencioso\u201d? En el mundo de la arquitectura y del dise\u00f1o de interiores, lo \u201clujoso\u201d va m\u00e1s all\u00e1 de lo ostentoso y lo llamativo. La verdadera sofisticaci\u00f3n reside en una cuidada planificaci\u00f3n de los espacios y la iluminaci\u00f3n, creando ambientes inteligentes que inspiran calma, confort y funcionalidad. La distribuci\u00f3n de [&hellip;]<\/p>\n","protected":false},"author":4,"featured_media":12307,"comment_status":"closed","ping_status":"closed","sticky":false,"template":"","format":"standard","meta":{"footnotes":""},"categories":[879,896,889,868,802,908,809,904,927,800,847,867,792],"tags":[],"class_list":["post-12288","post","type-post","status-publish","format-standard","has-post-thumbnail","hentry","category-actualidad","category-aticos-y-pisos","category-campoamor","category-casas-en-la-playa","category-costa-blanca","category-costa-del-sol","category-diseno-hogar","category-hogar-y-decoracion","category-malaga","category-mar-mediterraneo","category-urbincasa","category-vivienda-nueva","category-viviendas-alicante"],"_links":{"self":[{"href":"https:\/\/urbincasa.es\/blog\/wp-json\/wp\/v2\/posts\/12288","targetHints":{"allow":["GET"]}}],"collection":[{"href":"https:\/\/urbincasa.es\/blog\/wp-json\/wp\/v2\/posts"}],"about":[{"href":"https:\/\/urbincasa.es\/blog\/wp-json\/wp\/v2\/types\/post"}],"author":[{"embeddable":true,"href":"https:\/\/urbincasa.es\/blog\/wp-json\/wp\/v2\/users\/4"}],"replies":[{"embeddable":true,"href":"https:\/\/urbincasa.es\/blog\/wp-json\/wp\/v2\/comments?post=12288"}],"version-history":[{"count":12,"href":"https:\/\/urbincasa.es\/blog\/wp-json\/wp\/v2\/posts\/12288\/revisions"}],"predecessor-version":[{"id":12312,"href":"https:\/\/urbincasa.es\/blog\/wp-json\/wp\/v2\/posts\/12288\/revisions\/12312"}],"wp:featuredmedia":[{"embeddable":true,"href":"https:\/\/urbincasa.es\/blog\/wp-json\/wp\/v2\/media\/12307"}],"wp:attachment":[{"href":"https:\/\/urbincasa.es\/blog\/wp-json\/wp\/v2\/media?parent=12288"}],"wp:term":[{"taxonomy":"category","embeddable":true,"href":"https:\/\/urbincasa.es\/blog\/wp-json\/wp\/v2\/categories?post=12288"},{"taxonomy":"post_tag","embeddable":true,"href":"https:\/\/urbincasa.es\/blog\/wp-json\/wp\/v2\/tags?post=12288"}],"curies":[{"name":"wp","href":"https:\/\/api.w.org\/{rel}","templated":true}]}}