{"id":12366,"date":"2024-05-21T12:18:56","date_gmt":"2024-05-21T10:18:56","guid":{"rendered":"https:\/\/urbincasa.es\/blog\/?p=12366"},"modified":"2024-07-11T20:44:07","modified_gmt":"2024-07-11T18:44:07","slug":"asamblea-frecom-2024-urbincasa-celebra-el-futuro-de-la-construccion-en-la-region","status":"publish","type":"post","link":"https:\/\/urbincasa.es\/blog\/2024\/05\/asamblea-frecom-2024-urbincasa-celebra-el-futuro-de-la-construccion-en-la-region\/","title":{"rendered":"Asamblea FRECOM 2024: Urbincasa celebra el futuro de la construcci\u00f3n en la Regi\u00f3n"},"content":{"rendered":"<div id=\"bsf_rt_marker\"><\/div><p>El pasado 11 de mayo, Cartagena acogi\u00f3 por primera vez <strong><a href=\"https:\/\/www.frecom.com\/noticias\/la-asamblea-y-foro-frecom-reune-en-cartagena-a-los-referentes-del-sector-de-la-construccion-de-la-region-de-murcia\/\">la Asamblea General<\/a> de la Federaci\u00f3n Regional de Empresarios de la Construcci\u00f3n de Murcia <\/strong>(Frecom).<\/p>\n<p><iframe loading=\"lazy\" title=\"Evento Asamblea Frecom 2024\" width=\"500\" height=\"281\" src=\"https:\/\/www.youtube.com\/embed\/3FQOGsu7Qjc?feature=oembed\" frameborder=\"0\" allow=\"accelerometer; autoplay; clipboard-write; encrypted-media; gyroscope; picture-in-picture; web-share\" referrerpolicy=\"strict-origin-when-cross-origin\" allowfullscreen><\/iframe><\/p>\n<p>El evento congreg\u00f3 a m\u00e1s de 200 invitados, entre los que se encontraban destacados empresarios del sector de la construcci\u00f3n de la Regi\u00f3n\u00a0de Murcia, as\u00ed como representantes de diversas instituciones.<\/p>\n<p>&nbsp;<\/p>\n<p><strong><img loading=\"lazy\" decoding=\"async\" class=\"size-medium wp-image-12369 alignleft\" src=\"https:\/\/urbincasa.es\/blog\/wp-content\/uploads\/2024\/05\/Asamblea-Frecom-7-300x200.jpg\" alt=\"\" width=\"300\" height=\"200\" srcset=\"https:\/\/urbincasa.es\/blog\/wp-content\/uploads\/2024\/05\/Asamblea-Frecom-7-300x200.jpg 300w, https:\/\/urbincasa.es\/blog\/wp-content\/uploads\/2024\/05\/Asamblea-Frecom-7-1024x682.jpg 1024w, https:\/\/urbincasa.es\/blog\/wp-content\/uploads\/2024\/05\/Asamblea-Frecom-7-768x512.jpg 768w, https:\/\/urbincasa.es\/blog\/wp-content\/uploads\/2024\/05\/Asamblea-Frecom-7-1536x1023.jpg 1536w, https:\/\/urbincasa.es\/blog\/wp-content\/uploads\/2024\/05\/Asamblea-Frecom-7-456x304.jpg 456w, https:\/\/urbincasa.es\/blog\/wp-content\/uploads\/2024\/05\/Asamblea-Frecom-7.jpg 1600w\" sizes=\"auto, (max-width: 300px) 100vw, 300px\" \/><\/strong><\/p>\n<h3><strong>Un encuentro en casa<\/strong><\/h3>\n<p>Sin duda, una cita muy especial a la que Urbincasa no pod\u00eda faltar. Cabe destacar que en esta ocasi\u00f3n el encuentro tuvo lugar en el nuevo local de Licor 43, nuestra empresa hermana, por lo que pr\u00e1cticamente nos encontramos en nuestra propia casa.<\/p>\n<h3><\/h3>\n<h3><\/h3>\n<h3><strong>Palabras clave de nuestro CEO<\/strong><\/h3>\n<p>Minutos antes del evento, nuestro CEO, Francisco Cervantes Tous, dio las claves del \u00e9xito de Urbincasa en una serie de declaraciones que<img loading=\"lazy\" decoding=\"async\" class=\"alignright wp-image-12350\" src=\"https:\/\/urbincasa.es\/blog\/wp-content\/uploads\/2024\/05\/Asamblea-Frecom-5-300x200.jpg\" alt=\"\" width=\"300\" height=\"200\" srcset=\"https:\/\/urbincasa.es\/blog\/wp-content\/uploads\/2024\/05\/Asamblea-Frecom-5-300x200.jpg 300w, https:\/\/urbincasa.es\/blog\/wp-content\/uploads\/2024\/05\/Asamblea-Frecom-5-1024x682.jpg 1024w, https:\/\/urbincasa.es\/blog\/wp-content\/uploads\/2024\/05\/Asamblea-Frecom-5-768x512.jpg 768w, https:\/\/urbincasa.es\/blog\/wp-content\/uploads\/2024\/05\/Asamblea-Frecom-5-1536x1024.jpg 1536w, https:\/\/urbincasa.es\/blog\/wp-content\/uploads\/2024\/05\/Asamblea-Frecom-5-2048x1365.jpg 2048w, https:\/\/urbincasa.es\/blog\/wp-content\/uploads\/2024\/05\/Asamblea-Frecom-5-456x304.jpg 456w\" sizes=\"auto, (max-width: 300px) 100vw, 300px\" \/> subrayan nuestros logros y el impacto positivo que tenemos en el mercado inmobiliario. \u00a0\u201cTenemos compradores de m\u00e1s de 30 nacionalidades distintas\u201d, una afirmaci\u00f3n que refleja nuestra capacidad para atraer a una amplia variedad de clientes de todo el mundo, consolidando el potencial inversor de Urbincasa.<\/p>\n<p><img loading=\"lazy\" decoding=\"async\" class=\" wp-image-12352 alignleft\" src=\"https:\/\/urbincasa.es\/blog\/wp-content\/uploads\/2024\/05\/Asamblea-FRecom-6-300x200.jpg\" alt=\"\" width=\"385\" height=\"256\" srcset=\"https:\/\/urbincasa.es\/blog\/wp-content\/uploads\/2024\/05\/Asamblea-FRecom-6-300x200.jpg 300w, https:\/\/urbincasa.es\/blog\/wp-content\/uploads\/2024\/05\/Asamblea-FRecom-6-1024x682.jpg 1024w, https:\/\/urbincasa.es\/blog\/wp-content\/uploads\/2024\/05\/Asamblea-FRecom-6-768x512.jpg 768w, https:\/\/urbincasa.es\/blog\/wp-content\/uploads\/2024\/05\/Asamblea-FRecom-6-1536x1023.jpg 1536w, https:\/\/urbincasa.es\/blog\/wp-content\/uploads\/2024\/05\/Asamblea-FRecom-6-456x304.jpg 456w, https:\/\/urbincasa.es\/blog\/wp-content\/uploads\/2024\/05\/Asamblea-FRecom-6.jpg 1600w\" sizes=\"auto, (max-width: 385px) 100vw, 385px\" \/><\/p>\n<p>\u201cEn cuanto a la venta de vivienda a extranjeros, hemos superado en un 73% las previsiones\u201d, destac\u00f3 Cervantes. Este logro demuestra nuestro compromiso y efectividad en la promoci\u00f3n y venta de propiedades a clientes internacionales, superando ampliamente nuestras expectativas de venta en lo que llevamos de a\u00f1o.<\/p>\n<p>Tras la celebraci\u00f3n de la asamblea, ya en el restaurante \u201c<strong>Cuarentaytr\u00e9s<\/strong>\u201d, compartimos un interesante foro de debate con algunas de las figuras m\u00e1s destacadas del sector de la construcci\u00f3n a nivel nacional. El plato fuerte de este foro fueron las ponencias de Mikel Echavarren, presidente de Colliers en Espa\u00f1a y Portugal, y Concha Santos, presidenta de la Asociaci\u00f3n Nacional de Constructores Independientes (ANCI), quienes compartieron su visi\u00f3n y experiencia sobre el futuro del sector a nivel nacional.<\/p>\n<p>&nbsp;<\/p>\n<p><img loading=\"lazy\" decoding=\"async\" class=\"alignright wp-image-12356\" src=\"https:\/\/urbincasa.es\/blog\/wp-content\/uploads\/2024\/05\/trabajar-con-los-mejores-300x200.jpg\" alt=\"\" width=\"353\" height=\"235\" srcset=\"https:\/\/urbincasa.es\/blog\/wp-content\/uploads\/2024\/05\/trabajar-con-los-mejores-300x200.jpg 300w, https:\/\/urbincasa.es\/blog\/wp-content\/uploads\/2024\/05\/trabajar-con-los-mejores-1024x682.jpg 1024w, https:\/\/urbincasa.es\/blog\/wp-content\/uploads\/2024\/05\/trabajar-con-los-mejores-768x512.jpg 768w, https:\/\/urbincasa.es\/blog\/wp-content\/uploads\/2024\/05\/trabajar-con-los-mejores-1536x1023.jpg 1536w, https:\/\/urbincasa.es\/blog\/wp-content\/uploads\/2024\/05\/trabajar-con-los-mejores-456x304.jpg 456w, https:\/\/urbincasa.es\/blog\/wp-content\/uploads\/2024\/05\/trabajar-con-los-mejores.jpg 1600w\" sizes=\"auto, (max-width: 353px) 100vw, 353px\" \/><\/p>\n<h3><strong>Un futuro prometedor<\/strong><\/h3>\n<p>Este evento no s\u00f3lo sirve como plataforma para compartir nuestros \u00e9xitos, sino tambi\u00e9n para fortalecer las relaciones con otros empresarios del sector, intercambiar ideas innovadoras y explorar nuevas oportunidades de crecimiento y desarrollo.<\/p>\n<p>En Urbincasa seguimos dedicados a impulsar la calidad, innovaci\u00f3n y sostenibilidad en nuestros proyectos de construcci\u00f3n, contribuyendo al desarrollo econ\u00f3mico y social de la Regi\u00f3n de Murcia.<\/p>\n<p>&nbsp;<\/p>\n<p>&nbsp;<\/p>\n<p style=\"text-align: center;\">Agradecemos a FRECOM por la organizaci\u00f3n de esta asamblea y a todos los participantes por su trabajo y compromiso.<\/p>\n<p>&nbsp;<\/p>\n<p>&nbsp;<\/p>\n","protected":false},"excerpt":{"rendered":"<p>El pasado 11 de mayo, Cartagena acogi\u00f3 por primera vez la Asamblea General de la Federaci\u00f3n Regional de Empresarios de la Construcci\u00f3n de Murcia (Frecom). El evento congreg\u00f3 a m\u00e1s de 200 invitados, entre los que se encontraban destacados empresarios del sector de la construcci\u00f3n de la Regi\u00f3n\u00a0de Murcia, as\u00ed como representantes de diversas instituciones. [&hellip;]<\/p>\n","protected":false},"author":4,"featured_media":12360,"comment_status":"closed","ping_status":"closed","sticky":false,"template":"","format":"standard","meta":{"footnotes":""},"categories":[879,948],"tags":[],"class_list":["post-12366","post","type-post","status-publish","format-standard","has-post-thumbnail","hentry","category-actualidad","category-urbincasa-al-dia"],"_links":{"self":[{"href":"https:\/\/urbincasa.es\/blog\/wp-json\/wp\/v2\/posts\/12366","targetHints":{"allow":["GET"]}}],"collection":[{"href":"https:\/\/urbincasa.es\/blog\/wp-json\/wp\/v2\/posts"}],"about":[{"href":"https:\/\/urbincasa.es\/blog\/wp-json\/wp\/v2\/types\/post"}],"author":[{"embeddable":true,"href":"https:\/\/urbincasa.es\/blog\/wp-json\/wp\/v2\/users\/4"}],"replies":[{"embeddable":true,"href":"https:\/\/urbincasa.es\/blog\/wp-json\/wp\/v2\/comments?post=12366"}],"version-history":[{"count":12,"href":"https:\/\/urbincasa.es\/blog\/wp-json\/wp\/v2\/posts\/12366\/revisions"}],"predecessor-version":[{"id":12411,"href":"https:\/\/urbincasa.es\/blog\/wp-json\/wp\/v2\/posts\/12366\/revisions\/12411"}],"wp:featuredmedia":[{"embeddable":true,"href":"https:\/\/urbincasa.es\/blog\/wp-json\/wp\/v2\/media\/12360"}],"wp:attachment":[{"href":"https:\/\/urbincasa.es\/blog\/wp-json\/wp\/v2\/media?parent=12366"}],"wp:term":[{"taxonomy":"category","embeddable":true,"href":"https:\/\/urbincasa.es\/blog\/wp-json\/wp\/v2\/categories?post=12366"},{"taxonomy":"post_tag","embeddable":true,"href":"https:\/\/urbincasa.es\/blog\/wp-json\/wp\/v2\/tags?post=12366"}],"curies":[{"name":"wp","href":"https:\/\/api.w.org\/{rel}","templated":true}]}}