{"id":12416,"date":"2024-07-11T20:56:01","date_gmt":"2024-07-11T18:56:01","guid":{"rendered":"https:\/\/urbincasa.es\/blog\/?p=12416"},"modified":"2024-07-11T20:56:01","modified_gmt":"2024-07-11T18:56:01","slug":"urbincasa-entrega-el-premio-valores-humanos-en-los-galardones-anuales-de-onda-cero-cartagena","status":"publish","type":"post","link":"https:\/\/urbincasa.es\/blog\/2024\/07\/urbincasa-entrega-el-premio-valores-humanos-en-los-galardones-anuales-de-onda-cero-cartagena\/","title":{"rendered":"Urbincasa entrega el premio \u201cValores Humanos\u201d en los galardones anuales de Onda Cero Cartagena"},"content":{"rendered":"<div id=\"bsf_rt_marker\"><\/div><p>Un a\u00f1o m\u00e1s, el Auditorio y Palacio de Congresos de Cartagena El Batel se visti\u00f3 de gala para acoger una nueva edici\u00f3n de los <a href=\"https:\/\/www.ondacero.es\/emisoras\/murcia\/cartagena\/audios-podcast\/mas-de-uno\/onda-cero-cartagena-entrego-sus-premios-anuales_202407056687e85b099c890001b6bb1b.html\">Premios Metafuturo &#8211; Impulsa Onda Cero Cartagena<\/a>, un evento en el que, desde hace ya varias ediciones, colaboramos con gran entusiasmo para reconocer y visibilizar las iniciativas y proyectos m\u00e1s destacados que contribuyen al desarrollo y progreso de nuestra querida ciudad.<\/p>\n<p>En esta ocasi\u00f3n, nuestro CEO, <strong>Francisco Jos\u00e9 Cervantes Tous<\/strong>, tuvo el honor de entregar el premio a los \u00ab<strong>Valores Humanos\u00bb<\/strong> a la asociaci\u00f3n \u00ab<a href=\"https:\/\/www.ondacero.es\/emisoras\/murcia\/cartagena\/audios-podcast\/mas-de-uno\/premio-metafutura-impulsa-onda-cero-cartagena-categoria-valores-humanos-autismo-somos-todos_20240625667ac3f9901ca90001b7e939.html\">Autismo Somos Todos<\/a>\u00ab, una organizaci\u00f3n que realiza una labor encomiable en pro de las personas con S\u00edndrome del Espectro Autista. Su compromiso y dedicaci\u00f3n son un ejemplo a seguir para todos nosotros, y <strong>nos llena de orgullo poder colaborar con ellos en su misi\u00f3n de crear una sociedad m\u00e1s inclusiva y respetuosa con la diversidad.<\/strong><\/p>\n<p><img loading=\"lazy\" decoding=\"async\" class=\"alignright wp-image-12414\" src=\"https:\/\/urbincasa.es\/blog\/wp-content\/uploads\/2024\/07\/premios-onda-cero-urbincasa-300x225.jpg\" alt=\"\" width=\"375\" height=\"245\" \/><\/p>\n<h3>En esta edici\u00f3n, los <a href=\"https:\/\/www.ondacero.es\/emisoras\/murcia\/cartagena\/audios-podcast\/eventos\/director-huertecica-diego-cruzado-cartagenero-honor-premios-metafutura-impulsa-onda-cero-cartagena-2024_20240508663b6ac6c0b95c00017704c8.html\">premiados<\/a> fueron:<\/h3>\n<ul>\n<li>Diego Cruzado, Presidente de La Huertecica, por su merecido galard\u00f3n como \u00abCartagenero de Honor\u00bb.<\/li>\n<li>REPSOL, en Econom\u00eda y Empresa por su \u00abPlanta de Combustibles Renovables\u00bb.<\/li>\n<li>El Buque de Investigaci\u00f3n Oceanogr\u00e1fica Hesp\u00e9rides en Medioambiente en la categor\u00eda de Ciencia e Investigaci\u00f3n.<\/li>\n<li>\u00abLa Almadraba de La Azoh\u00eda\u201d premio al Medio Ambiente, por sus artes de pesca tradicionales y sostenibles.<\/li>\n<li>\u00abOdilo FC Cartagena CB\u00bb en Deportes, por su ascenso a la Liga LEB Oro.<\/li>\n<li>\u00abCasa del Ni\u00f1o\u00bb en Educaci\u00f3n.<\/li>\n<li>\u00abAutismo Somos Todos\u00bb premio a los Valores Humanos, por su gran labor de integraci\u00f3n de ni\u00f1os y j\u00f3venes con el s\u00edndrome del espectro autista.<\/li>\n<li>\u00abFestival Internacional de Cante Flamenco de Lo Ferro\u00bb en Fiestas y Tradiciones.<\/li>\n<li>En Cultura y Artes Pl\u00e1sticas, a \u201cArde Bogot\u00e1, grupo musical cartagenero que ha traspasado todas las fronteras del \u00e9xito.<\/li>\n<li>\u00abLa Unidad de Cuidados Paliativos del Rosell\u00bb en Salud.<\/li>\n<li>\u00abEl Museo Minero de La Uni\u00f3n\u00bb en Turismo.<\/li>\n<li>\u00abLas Pelotas Galileas\u00bb en Gastronom\u00eda.<\/li>\n<li>\u00abBicentenario de la Polic\u00eda Nacional en Cartagena\u00bb con una Menci\u00f3n Especial.<\/li>\n<\/ul>\n<p>Como bien se\u00f1al\u00f3 Bernardo Samper Cort\u00e9s, director de Onda Cero en la Regi\u00f3n de Murcia, a lo largo de las ediciones de estos premios se han entregado m\u00e1s de 105 reconocimientos, lo que pone de manifiesto la riqueza y el potencial de nuestra ciudad en \u00e1mbitos tan diversos como el deporte, la investigaci\u00f3n, el turismo, la m\u00fasica, la cultura, etc. Un esfuerzo colectivo que, sin duda, nos impulsa hacia un futuro a\u00fan m\u00e1s pr\u00f3spero.<\/p>\n<p>Desde Urbincasa reiteramos nuestro compromiso con el desarrollo y el progreso de Cartagena. Nos sentimos muy orgullosos de poder contribuir a iniciativas como \u00e9sta, que ponen en valor el talento y la excelencia de nuestra gente.<\/p>\n<p>\u00a1Nuestra m\u00e1s sincera enhorabuena a todos los galardonados que trabajan d\u00eda a d\u00eda por hacer de Cartagena, y de la sociedad en general, un lugar mejor!<\/p>\n<p>&nbsp;<\/p>\n<p>&nbsp;<\/p>\n","protected":false},"excerpt":{"rendered":"<p>Un a\u00f1o m\u00e1s, el Auditorio y Palacio de Congresos de Cartagena El Batel se visti\u00f3 de gala para acoger una nueva edici\u00f3n de los Premios Metafuturo &#8211; Impulsa Onda Cero Cartagena, un evento en el que, desde hace ya varias ediciones, colaboramos con gran entusiasmo para reconocer y visibilizar las iniciativas y proyectos m\u00e1s destacados [&hellip;]<\/p>\n","protected":false},"author":4,"featured_media":12412,"comment_status":"closed","ping_status":"closed","sticky":false,"template":"","format":"standard","meta":{"footnotes":""},"categories":[879,920,814,847,948],"tags":[],"class_list":["post-12416","post","type-post","status-publish","format-standard","has-post-thumbnail","hentry","category-actualidad","category-cartagena","category-compromiso","category-urbincasa","category-urbincasa-al-dia"],"_links":{"self":[{"href":"https:\/\/urbincasa.es\/blog\/wp-json\/wp\/v2\/posts\/12416","targetHints":{"allow":["GET"]}}],"collection":[{"href":"https:\/\/urbincasa.es\/blog\/wp-json\/wp\/v2\/posts"}],"about":[{"href":"https:\/\/urbincasa.es\/blog\/wp-json\/wp\/v2\/types\/post"}],"author":[{"embeddable":true,"href":"https:\/\/urbincasa.es\/blog\/wp-json\/wp\/v2\/users\/4"}],"replies":[{"embeddable":true,"href":"https:\/\/urbincasa.es\/blog\/wp-json\/wp\/v2\/comments?post=12416"}],"version-history":[{"count":1,"href":"https:\/\/urbincasa.es\/blog\/wp-json\/wp\/v2\/posts\/12416\/revisions"}],"predecessor-version":[{"id":12417,"href":"https:\/\/urbincasa.es\/blog\/wp-json\/wp\/v2\/posts\/12416\/revisions\/12417"}],"wp:featuredmedia":[{"embeddable":true,"href":"https:\/\/urbincasa.es\/blog\/wp-json\/wp\/v2\/media\/12412"}],"wp:attachment":[{"href":"https:\/\/urbincasa.es\/blog\/wp-json\/wp\/v2\/media?parent=12416"}],"wp:term":[{"taxonomy":"category","embeddable":true,"href":"https:\/\/urbincasa.es\/blog\/wp-json\/wp\/v2\/categories?post=12416"},{"taxonomy":"post_tag","embeddable":true,"href":"https:\/\/urbincasa.es\/blog\/wp-json\/wp\/v2\/tags?post=12416"}],"curies":[{"name":"wp","href":"https:\/\/api.w.org\/{rel}","templated":true}]}}