{"id":1246,"date":"2013-03-15T10:43:19","date_gmt":"2013-03-15T08:43:19","guid":{"rendered":"https:\/\/urbincasa.es\/blog\/?p=1246"},"modified":"2014-03-14T09:35:47","modified_gmt":"2014-03-14T07:35:47","slug":"verde-color-pantone-2013-patricio","status":"publish","type":"post","link":"https:\/\/urbincasa.es\/blog\/2013\/03\/verde-color-pantone-2013-patricio\/","title":{"rendered":"Verde que te quiero verde"},"content":{"rendered":"<div id=\"bsf_rt_marker\"><\/div><p>A la cl\u00e1sica pregunta \u00bfcu\u00e1l es tu color favorito? desde hace un tiempo se une \u00bfcu\u00e1l es el color del a\u00f1o? Aunque el <em>2013<\/em> ya ha andado un poco, no queremos dejar pasar la oportunidad de comentar esta informaci\u00f3n.<\/p>\n<p>Nos hemos acordado del<em> color Pantone del a\u00f1o<\/em> por la festividad de <strong><a title=\"Qui\u00e9n fue San Patricio\" href=\"http:\/\/es.wikipedia.org\/wiki\/Patricio_de_Irlanda\">San Patricio<\/a><\/strong>, fecha en la que el <span style=\"text-decoration: underline;\">protagonista absoluto<\/span> es el color\u00a0<strong>verde<\/strong>.<\/p>\n<p>Cada a\u00f1o, la marca\u00a0<a title=\"Pantone\" href=\"http:\/\/www.pantone.com\/\" target=\"_blank\">Pantone<\/a>\u00a0nos recomienda un color protagonista y en esta ocasi\u00f3n nos aconseja uno muy alegre y primaveral: el \u00a0verde esmeralda o \u201c<strong>PANTONE\u00ae 17-5641 Emerald\u201d.<\/strong><\/p>\n<p>En <a title=\"Nuestra web\" href=\"http:\/\/www.urbincasa.es\">Urbincasa<\/a> estamos tan a la \u00faltima que nuestra compa\u00f1era del \u00e1rea de comunicaci\u00f3n (que se llama casualmente -o no- Patricia) ha querido dar la bienvenida a la primavera con este color aprovechando esta festividad:<\/p>\n<p><a href=\"https:\/\/urbincasa.es\/blog\/wp-content\/uploads\/2013\/03\/san-patricio.jpg\"><img loading=\"lazy\" decoding=\"async\" class=\"aligncenter size-medium wp-image-1386\" title=\"san patricio \" alt=\"Pantone esmerald 2013\" src=\"https:\/\/urbincasa.es\/blog\/wp-content\/uploads\/2013\/03\/san-patricio-300x225.jpg\" width=\"300\" height=\"225\" srcset=\"https:\/\/urbincasa.es\/blog\/wp-content\/uploads\/2013\/03\/san-patricio-300x225.jpg 300w, https:\/\/urbincasa.es\/blog\/wp-content\/uploads\/2013\/03\/san-patricio-400x300.jpg 400w, https:\/\/urbincasa.es\/blog\/wp-content\/uploads\/2013\/03\/san-patricio.jpg 816w\" sizes=\"auto, (max-width: 300px) 100vw, 300px\" \/><\/a><\/p>\n<p>El 2012 seg\u00fan Pantone fue el a\u00f1o del \u00abTangerine Tango\u00bb, en el 2013 \u00a0nos pasamos al lujo y la elegancia del color esmeralda y por qu\u00e9 no, tambi\u00e9n de la esperanza.<\/p>\n<p>Por supuesto, en el apartado de <a title=\"Blog sobre decoraci\u00f3n de interiores\" href=\"https:\/\/urbincasa.es\/blog\/category\/decoracion\/\">decoraci\u00f3n de interiores<\/a>, no hay ni que decir que ser\u00e1 el <a title=\"Los colores en el hogar\" href=\"https:\/\/urbincasa.es\/blog\/2011\/03\/el-color-de-nuestro-hogar\/\">color protagonista<\/a> de paredes, textiles, objetos decorativos\u2026como nos muestra esta foto de <a title=\"Blog de decoraci\u00f3n e Interiorismo\" href=\"http:\/\/decopuntosuspensivo.wordpress.com\/\">DecoPuntoSuspensivo<\/a><\/p>\n<p><a href=\"https:\/\/urbincasa.es\/blog\/wp-content\/uploads\/2013\/03\/pantone-2013-decoracion.jpg\"><img loading=\"lazy\" decoding=\"async\" class=\"aligncenter size-medium wp-image-1343\" title=\"pantone 2013 decoracion\" alt=\"dise\u00f1o verde\" src=\"https:\/\/urbincasa.es\/blog\/wp-content\/uploads\/2013\/03\/pantone-2013-decoracion-300x228.jpg\" width=\"300\" height=\"228\" srcset=\"https:\/\/urbincasa.es\/blog\/wp-content\/uploads\/2013\/03\/pantone-2013-decoracion-300x228.jpg 300w, https:\/\/urbincasa.es\/blog\/wp-content\/uploads\/2013\/03\/pantone-2013-decoracion-393x300.jpg 393w, https:\/\/urbincasa.es\/blog\/wp-content\/uploads\/2013\/03\/pantone-2013-decoracion.jpg 827w\" sizes=\"auto, (max-width: 300px) 100vw, 300px\" \/><\/a><\/p>\n<p><strong>Color del a\u00f1o<\/strong> o no, cada <strong>17 de Marzo<\/strong>, en Chicago el r\u00edo tiene este sorprendente aspecto para celebrar el d\u00eda del patr\u00f3n de Irlanda y tambi\u00e9n de la ciudad de Murcia.<\/p>\n<p><a href=\"https:\/\/urbincasa.es\/blog\/wp-content\/uploads\/2013\/03\/chicago-san-patricio.jpg\"><img loading=\"lazy\" decoding=\"async\" class=\"aligncenter size-medium wp-image-1342\" title=\"chicago san patricio\" alt=\"\" src=\"https:\/\/urbincasa.es\/blog\/wp-content\/uploads\/2013\/03\/chicago-san-patricio-300x199.jpg\" width=\"300\" height=\"199\" srcset=\"https:\/\/urbincasa.es\/blog\/wp-content\/uploads\/2013\/03\/chicago-san-patricio-300x199.jpg 300w, https:\/\/urbincasa.es\/blog\/wp-content\/uploads\/2013\/03\/chicago-san-patricio.jpg 420w\" sizes=\"auto, (max-width: 300px) 100vw, 300px\" \/><\/a><\/p>\n<p>*Esta foto es de\u00a0<a title=\"Diario de un viajero\" href=\"http:\/\/www.diariodelviajero.com\/\">aqu\u00ed<\/a><\/p>\n<p style=\"text-align: center;\"><a href=\"http:\/\/www.urbincasa.es\/blog\/category\/decoracion\"><img loading=\"lazy\" decoding=\"async\" class=\"aligncenter  wp-image-2762\" alt=\"Seccion Decoraci\u00f3n\" src=\"https:\/\/urbincasa.es\/blog\/wp-content\/uploads\/2013\/08\/Secci\u00f3nDecoraci\u00f3n-300x150.png\" width=\"240\" height=\"120\" srcset=\"https:\/\/urbincasa.es\/blog\/wp-content\/uploads\/2013\/08\/Secci\u00f3nDecoraci\u00f3n-300x150.png 300w, https:\/\/urbincasa.es\/blog\/wp-content\/uploads\/2013\/08\/Secci\u00f3nDecoraci\u00f3n.png 320w\" sizes=\"auto, (max-width: 240px) 100vw, 240px\" \/><\/a><\/p>\n<p style=\"text-align: center;\">\n<p style=\"text-align: left;\">&#8211; <a title=\"El color de Pantone 2014 en la decoracion de nuestra casa\" href=\"https:\/\/urbincasa.es\/blog\/2013\/12\/el-color-pantone-2014-decoracion\/\" target=\"_blank\">Descubre el color Pantone de 2014<\/a><\/p>\n","protected":false},"excerpt":{"rendered":"<p>A la cl\u00e1sica pregunta \u00bfcu\u00e1l es tu color favorito? desde hace un tiempo se une \u00bfcu\u00e1l es el color del a\u00f1o? Aunque el 2013 ya ha andado un poco, no queremos dejar pasar la oportunidad de comentar esta informaci\u00f3n. Nos hemos acordado del color Pantone del a\u00f1o por la festividad de San Patricio, fecha en [&hellip;]<\/p>\n","protected":false},"author":3,"featured_media":1388,"comment_status":"open","ping_status":"open","sticky":false,"template":"","format":"standard","meta":{"footnotes":""},"categories":[8,1],"tags":[234,703,282,283,284],"class_list":["post-1246","post","type-post","status-publish","format-standard","has-post-thumbnail","hentry","category-decoracion","category-sin-categoria","tag-color","tag-decoracion","tag-pantone","tag-san-patricio","tag-verde"],"_links":{"self":[{"href":"https:\/\/urbincasa.es\/blog\/wp-json\/wp\/v2\/posts\/1246","targetHints":{"allow":["GET"]}}],"collection":[{"href":"https:\/\/urbincasa.es\/blog\/wp-json\/wp\/v2\/posts"}],"about":[{"href":"https:\/\/urbincasa.es\/blog\/wp-json\/wp\/v2\/types\/post"}],"author":[{"embeddable":true,"href":"https:\/\/urbincasa.es\/blog\/wp-json\/wp\/v2\/users\/3"}],"replies":[{"embeddable":true,"href":"https:\/\/urbincasa.es\/blog\/wp-json\/wp\/v2\/comments?post=1246"}],"version-history":[{"count":41,"href":"https:\/\/urbincasa.es\/blog\/wp-json\/wp\/v2\/posts\/1246\/revisions"}],"predecessor-version":[{"id":1401,"href":"https:\/\/urbincasa.es\/blog\/wp-json\/wp\/v2\/posts\/1246\/revisions\/1401"}],"wp:featuredmedia":[{"embeddable":true,"href":"https:\/\/urbincasa.es\/blog\/wp-json\/wp\/v2\/media\/1388"}],"wp:attachment":[{"href":"https:\/\/urbincasa.es\/blog\/wp-json\/wp\/v2\/media?parent=1246"}],"wp:term":[{"taxonomy":"category","embeddable":true,"href":"https:\/\/urbincasa.es\/blog\/wp-json\/wp\/v2\/categories?post=1246"},{"taxonomy":"post_tag","embeddable":true,"href":"https:\/\/urbincasa.es\/blog\/wp-json\/wp\/v2\/tags?post=1246"}],"curies":[{"name":"wp","href":"https:\/\/api.w.org\/{rel}","templated":true}]}}