{"id":1253,"date":"2013-03-04T10:21:03","date_gmt":"2013-03-04T08:21:03","guid":{"rendered":"https:\/\/urbincasa.es\/blog\/?p=1253"},"modified":"2013-12-03T11:30:32","modified_gmt":"2013-12-03T09:30:32","slug":"cartagena-playa-papel-lienzo","status":"publish","type":"post","link":"https:\/\/urbincasa.es\/blog\/2013\/03\/cartagena-playa-papel-lienzo\/","title":{"rendered":"Cabo de palos, del papel al lienzo"},"content":{"rendered":"<div id=\"bsf_rt_marker\"><\/div><p>El primer n\u00famero de la <a title=\"\u00bfQu\u00e9 es la revista Entrelares?\" href=\"https:\/\/urbincasa.es\/blog\/2012\/06\/entrelares-la-revista-hecha-por-la-gente-de-urbincasa\/\">revista Entrelares<\/a> a\u00fan nos sigue dando muchas alegr\u00edas despu\u00e9s de unos meses.<\/p>\n<p>Esta semana hemos recibido la versi\u00f3n en pintura de una de las fotograf\u00edas que ilustraban el art\u00edculo sobre <a title=\"Viviendas en Cabo de Palos\" href=\"https:\/\/urbincasa.es\/inmobiliaria\/es\/promociones\/3\/cabo-palos\/drizas\/11\">Las Drizas en Cabo de Palos<\/a>.<\/p>\n<p>La pintora cartagenera <a title=\"Web de la pintora\" href=\"http:\/\/www.anamoreno.info\/\">Ana Moreno Ferreiro<\/a>\u00a0es la art\u00edfice de este cuadro que decidi\u00f3 pintar en cuanto vio la fotograf\u00eda de Javier Valverde de la costa de Cabo de Palos.<\/p>\n<p><a href=\"https:\/\/urbincasa.es\/blog\/wp-content\/uploads\/2013\/02\/cuadro_cabo_palos-Ana-Moreno-Ferreiro.jpg\"><img loading=\"lazy\" decoding=\"async\" class=\"aligncenter size-medium wp-image-1254\" title=\"cuadro cabo palos urbincasa\" alt=\"Ana Moreno Ferreiro\" src=\"https:\/\/urbincasa.es\/blog\/wp-content\/uploads\/2013\/02\/cuadro_cabo_palos-Ana-Moreno-Ferreiro-300x225.jpg\" width=\"300\" height=\"225\" srcset=\"https:\/\/urbincasa.es\/blog\/wp-content\/uploads\/2013\/02\/cuadro_cabo_palos-Ana-Moreno-Ferreiro-300x225.jpg 300w, https:\/\/urbincasa.es\/blog\/wp-content\/uploads\/2013\/02\/cuadro_cabo_palos-Ana-Moreno-Ferreiro-1024x768.jpg 1024w, https:\/\/urbincasa.es\/blog\/wp-content\/uploads\/2013\/02\/cuadro_cabo_palos-Ana-Moreno-Ferreiro-400x300.jpg 400w\" sizes=\"auto, (max-width: 300px) 100vw, 300px\" \/><\/a><\/p>\n<p>\u00a1Muchas gracias Ana!<\/p>\n<p><strong>Esta entrada forma parte del <a href=\"https:\/\/urbincasa.es\/blog\/2013\/05\/entrelares-2-revista-gratis-urbincasa\/\">n\u00famero 2 de nuestra revista Entrelares<\/a> que puedes\u00a0<a href=\"https:\/\/urbincasa.es\/blog\/wp-content\/plugins\/download-monitor\/download.php?id=2\"><strong>descargar gratis<\/strong> <\/a><\/strong><\/p>\n<p><a href=\"https:\/\/urbincasa.es\/blog\/category\/vivir-en-cartagena\/\" target=\"_blank\"><img loading=\"lazy\" decoding=\"async\" class=\"aligncenter size-medium wp-image-2834\" alt=\"VIVIR EN CARTAGENA\" src=\"https:\/\/urbincasa.es\/blog\/wp-content\/uploads\/2013\/12\/VIVIRENCARTAGENA-300x150.png\" width=\"300\" height=\"150\" srcset=\"https:\/\/urbincasa.es\/blog\/wp-content\/uploads\/2013\/12\/VIVIRENCARTAGENA-300x150.png 300w, https:\/\/urbincasa.es\/blog\/wp-content\/uploads\/2013\/12\/VIVIRENCARTAGENA.png 400w\" sizes=\"auto, (max-width: 300px) 100vw, 300px\" \/><\/a><\/p>\n","protected":false},"excerpt":{"rendered":"<p>El primer n\u00famero de la revista Entrelares a\u00fan nos sigue dando muchas alegr\u00edas despu\u00e9s de unos meses. Esta semana hemos recibido la versi\u00f3n en pintura de una de las fotograf\u00edas que ilustraban el art\u00edculo sobre Las Drizas en Cabo de Palos. La pintora cartagenera Ana Moreno Ferreiro\u00a0es la art\u00edfice de este cuadro que decidi\u00f3 pintar [&hellip;]<\/p>\n","protected":false},"author":3,"featured_media":1254,"comment_status":"open","ping_status":"open","sticky":false,"template":"","format":"standard","meta":{"footnotes":""},"categories":[1,247],"tags":[252,35,241,250,215,253,248,249,251,214,242],"class_list":["post-1253","post","type-post","status-publish","format-standard","has-post-thumbnail","hentry","category-sin-categoria","category-vivir-en-cartagena","tag-cabo-de-palos","tag-cartagena","tag-casas","tag-cuadro","tag-entrelares","tag-faro","tag-foto","tag-fotografia","tag-pintar","tag-revista","tag-viviendas"],"_links":{"self":[{"href":"https:\/\/urbincasa.es\/blog\/wp-json\/wp\/v2\/posts\/1253","targetHints":{"allow":["GET"]}}],"collection":[{"href":"https:\/\/urbincasa.es\/blog\/wp-json\/wp\/v2\/posts"}],"about":[{"href":"https:\/\/urbincasa.es\/blog\/wp-json\/wp\/v2\/types\/post"}],"author":[{"embeddable":true,"href":"https:\/\/urbincasa.es\/blog\/wp-json\/wp\/v2\/users\/3"}],"replies":[{"embeddable":true,"href":"https:\/\/urbincasa.es\/blog\/wp-json\/wp\/v2\/comments?post=1253"}],"version-history":[{"count":11,"href":"https:\/\/urbincasa.es\/blog\/wp-json\/wp\/v2\/posts\/1253\/revisions"}],"predecessor-version":[{"id":1410,"href":"https:\/\/urbincasa.es\/blog\/wp-json\/wp\/v2\/posts\/1253\/revisions\/1410"}],"wp:featuredmedia":[{"embeddable":true,"href":"https:\/\/urbincasa.es\/blog\/wp-json\/wp\/v2\/media\/1254"}],"wp:attachment":[{"href":"https:\/\/urbincasa.es\/blog\/wp-json\/wp\/v2\/media?parent=1253"}],"wp:term":[{"taxonomy":"category","embeddable":true,"href":"https:\/\/urbincasa.es\/blog\/wp-json\/wp\/v2\/categories?post=1253"},{"taxonomy":"post_tag","embeddable":true,"href":"https:\/\/urbincasa.es\/blog\/wp-json\/wp\/v2\/tags?post=1253"}],"curies":[{"name":"wp","href":"https:\/\/api.w.org\/{rel}","templated":true}]}}