{"id":12645,"date":"2025-12-01T16:58:15","date_gmt":"2025-12-01T14:58:15","guid":{"rendered":"https:\/\/urbincasa.es\/blog\/?p=12645"},"modified":"2025-12-01T17:05:53","modified_gmt":"2025-12-01T15:05:53","slug":"urbincasa-reconocida-como-mejor-pyme-de-la-region-de-murcia-2025","status":"publish","type":"post","link":"https:\/\/urbincasa.es\/blog\/2025\/12\/urbincasa-reconocida-como-mejor-pyme-de-la-region-de-murcia-2025\/","title":{"rendered":"Urbincasa, reconocida como Mejor PYME de la Regi\u00f3n de Murcia 2025"},"content":{"rendered":"<div id=\"bsf_rt_marker\"><\/div><h2>Un reconocimiento que pone en valor el crecimiento empresarial en la Regi\u00f3n de Murcia<\/h2>\n<p data-start=\"852\" data-end=\"1161\">En la <strong data-start=\"858\" data-end=\"900\">novena edici\u00f3n del Premio Pyme del A\u00f1o<\/strong>, celebrada en el emblem\u00e1tico <strong data-start=\"930\" data-end=\"970\">Museo del Teatro Romano de Cartagena<\/strong>, recibimos el galard\u00f3n a <strong data-start=\"996\" data-end=\"1038\">Mejor PYME de la Regi\u00f3n de Murcia 2025<\/strong>, un reconocimiento que destaca la labor de las peque\u00f1as y medianas empresas como motor econ\u00f3mico fundamental de la regi\u00f3n.<\/p>\n<figure id=\"attachment_12649\" aria-describedby=\"caption-attachment-12649\" style=\"width: 1024px\" class=\"wp-caption aligncenter\"><img loading=\"lazy\" decoding=\"async\" class=\"wp-image-12649 size-large\" src=\"https:\/\/urbincasa.es\/blog\/wp-content\/uploads\/2025\/11\/Cabecera_post_blog_pyme-1024x576.png\" alt=\"Urbincasa, reconocida como Mejor PYME de la Regi\u00f3n de Murcia 2025\" width=\"1024\" height=\"576\" data-wp-editing=\"1\" srcset=\"https:\/\/urbincasa.es\/blog\/wp-content\/uploads\/2025\/11\/Cabecera_post_blog_pyme-1024x576.png 1024w, https:\/\/urbincasa.es\/blog\/wp-content\/uploads\/2025\/11\/Cabecera_post_blog_pyme-300x169.png 300w, https:\/\/urbincasa.es\/blog\/wp-content\/uploads\/2025\/11\/Cabecera_post_blog_pyme-768x432.png 768w, https:\/\/urbincasa.es\/blog\/wp-content\/uploads\/2025\/11\/Cabecera_post_blog_pyme-1536x864.png 1536w, https:\/\/urbincasa.es\/blog\/wp-content\/uploads\/2025\/11\/Cabecera_post_blog_pyme-2048x1152.png 2048w, https:\/\/urbincasa.es\/blog\/wp-content\/uploads\/2025\/11\/Cabecera_post_blog_pyme-456x257.png 456w\" sizes=\"auto, (max-width: 1024px) 100vw, 1024px\" \/><figcaption id=\"caption-attachment-12649\" class=\"wp-caption-text\">Mar\u00eda Isabel L\u00f3pez Arag\u00f3n, Consejera de Empresa, Empleo y Econom\u00eda Social; Francisco Jos\u00e9 Cervantes Tous, CEO de Urbincasa; y Ana Restoy, Presidenta del Consejo de Administraci\u00f3n de Urbincasa.<\/figcaption><\/figure>\n<p data-start=\"1163\" data-end=\"1481\">Tal y como recoge <strong data-start=\"1181\" data-end=\"1197\">Murcia Plaza<\/strong>, esta edici\u00f3n ha vuelto a poner el foco en \u201cel compromiso y la capacidad de generar riqueza y empleo de las pymes murcianas\u201d, subrayando adem\u00e1s el papel de las C\u00e1maras de Comercio de Murcia, Cartagena y Lorca, organizadoras del premio junto con Banco Santander y la C\u00e1mara de Espa\u00f1a. Adem\u00e1s, el acto para otorgar el premio a Mejor PYME de la Regi\u00f3n de Murcia 2025 cont\u00f3 con la asistencia de la alcaldesa de Cartagena, <strong data-start=\"1545\" data-end=\"1562\">Noelia Arroyo.\u00a0<\/strong><\/p>\n<p><img loading=\"lazy\" decoding=\"async\" class=\"aligncenter wp-image-12661\" src=\"https:\/\/urbincasa.es\/blog\/wp-content\/uploads\/2025\/11\/post_blog_pyme_2-1024x576.png\" alt=\"\" width=\"725\" height=\"408\" srcset=\"https:\/\/urbincasa.es\/blog\/wp-content\/uploads\/2025\/11\/post_blog_pyme_2-1024x576.png 1024w, https:\/\/urbincasa.es\/blog\/wp-content\/uploads\/2025\/11\/post_blog_pyme_2-300x169.png 300w, https:\/\/urbincasa.es\/blog\/wp-content\/uploads\/2025\/11\/post_blog_pyme_2-768x432.png 768w, https:\/\/urbincasa.es\/blog\/wp-content\/uploads\/2025\/11\/post_blog_pyme_2-1536x864.png 1536w, https:\/\/urbincasa.es\/blog\/wp-content\/uploads\/2025\/11\/post_blog_pyme_2-456x257.png 456w, https:\/\/urbincasa.es\/blog\/wp-content\/uploads\/2025\/11\/post_blog_pyme_2.png 1920w\" sizes=\"auto, (max-width: 725px) 100vw, 725px\" \/><\/p>\n<p><img loading=\"lazy\" decoding=\"async\" class=\"wp-image-12655 aligncenter\" src=\"https:\/\/urbincasa.es\/blog\/wp-content\/uploads\/2025\/11\/post_blog_pyme_1-1024x683.jpg\" alt=\"\" width=\"720\" height=\"481\" srcset=\"https:\/\/urbincasa.es\/blog\/wp-content\/uploads\/2025\/11\/post_blog_pyme_1-1024x683.jpg 1024w, https:\/\/urbincasa.es\/blog\/wp-content\/uploads\/2025\/11\/post_blog_pyme_1-300x200.jpg 300w, https:\/\/urbincasa.es\/blog\/wp-content\/uploads\/2025\/11\/post_blog_pyme_1-768x512.jpg 768w, https:\/\/urbincasa.es\/blog\/wp-content\/uploads\/2025\/11\/post_blog_pyme_1-1536x1024.jpg 1536w, https:\/\/urbincasa.es\/blog\/wp-content\/uploads\/2025\/11\/post_blog_pyme_1-2048x1365.jpg 2048w, https:\/\/urbincasa.es\/blog\/wp-content\/uploads\/2025\/11\/post_blog_pyme_1-456x304.jpg 456w\" sizes=\"auto, (max-width: 720px) 100vw, 720px\" \/><\/p>\n<h3 data-start=\"1739\" data-end=\"1804\">Un evento que refleja la fuerza de las pymes en la regi\u00f3n<\/h3>\n<p data-start=\"1806\" data-end=\"2157\">Medios como <a href=\"https:\/\/www.murciadiario.com\/articulo\/empresas\/ix-premio-pyme-ano-murcia-2025\/20251125111148136495.html\"><strong data-start=\"1818\" data-end=\"1835\">Murcia Diario<\/strong><\/a> destacan que en la Regi\u00f3n de Murcia \u201clas pymes representan el 99,86% del total de empresas\u201d, y que \u201ccada d\u00eda se crean m\u00e1s de 8 nuevas compa\u00f1\u00edas\u201d, cifras que refuerzan el papel decisivo que tiene este tipo de empresas en el desarrollo econ\u00f3mico. En este contexto, el reconocimiento a Urbincasa adquiere a\u00fan m\u00e1s relevancia.<\/p>\n<p data-start=\"2159\" data-end=\"2463\">Por su parte, portales como <strong data-start=\"2187\" data-end=\"2208\">Empresas de Lorca<\/strong> y <strong data-start=\"2211\" data-end=\"2236\">Empresas de Cartagena<\/strong> recalcan que esta edici\u00f3n ha valorado especialmente la creaci\u00f3n de empleo, la formaci\u00f3n, la digitalizaci\u00f3n, la internacionalizaci\u00f3n y la sostenibilidad, factores que el jurado ha considerado clave para la concesi\u00f3n del premio.<\/p>\n<hr data-start=\"2465\" data-end=\"2468\" \/>\n<h2 data-start=\"2470\" data-end=\"2516\">Qu\u00e9 significa el premio Mejor PYME de la Regi\u00f3n de Murcia 2025 para <a href=\"https:\/\/urbincasa.es\/es\/\">Urbincasa<\/a><\/h2>\n<h3 data-start=\"2518\" data-end=\"2558\">Nuestra trayectoria y compromiso<\/h3>\n<p data-start=\"2560\" data-end=\"2875\">Para nosotros, este reconocimiento supone un impulso a la labor que llevamos d\u00e9cadas realizando desde Cartagena, desarrollando viviendas en la <strong data-start=\"2703\" data-end=\"2749\">Costa C\u00e1lida, Costa Blanca y Costa del Sol<\/strong>, y reafirmando nuestro compromiso con la calidad, la innovaci\u00f3n, la sostenibilidad y la atenci\u00f3n cercana a nuestros clientes.<\/p>\n<figure id=\"attachment_12667\" aria-describedby=\"caption-attachment-12667\" style=\"width: 741px\" class=\"wp-caption alignleft\"><img loading=\"lazy\" decoding=\"async\" class=\"wp-image-12667\" src=\"https:\/\/urbincasa.es\/blog\/wp-content\/uploads\/2025\/11\/post_blog_pyme_3-1024x576.png\" alt=\"\" width=\"741\" height=\"417\" srcset=\"https:\/\/urbincasa.es\/blog\/wp-content\/uploads\/2025\/11\/post_blog_pyme_3-1024x576.png 1024w, https:\/\/urbincasa.es\/blog\/wp-content\/uploads\/2025\/11\/post_blog_pyme_3-300x169.png 300w, https:\/\/urbincasa.es\/blog\/wp-content\/uploads\/2025\/11\/post_blog_pyme_3-768x432.png 768w, https:\/\/urbincasa.es\/blog\/wp-content\/uploads\/2025\/11\/post_blog_pyme_3-1536x864.png 1536w, https:\/\/urbincasa.es\/blog\/wp-content\/uploads\/2025\/11\/post_blog_pyme_3-456x257.png 456w, https:\/\/urbincasa.es\/blog\/wp-content\/uploads\/2025\/11\/post_blog_pyme_3.png 1920w\" sizes=\"auto, (max-width: 741px) 100vw, 741px\" \/><figcaption id=\"caption-attachment-12667\" class=\"wp-caption-text\">Parte del Equipo de Urbincasa.<\/figcaption><\/figure>\n<h4 data-start=\"3180\" data-end=\"3247\">Declaraciones de nuestro CEO, Francisco Jos\u00e9 Cervantes Tous<\/h4>\n<p data-start=\"3406\" data-end=\"3804\"><strong data-start=\"3406\" data-end=\"3804\">\u201cEste reconocimiento es fruto del trabajo de todo el equipo de Urbincasa. Queremos agradecer a las C\u00e1maras de Comercio, a Banco Santander, a la C\u00e1mara de Espa\u00f1a y a todas las personas asistentes su apoyo. Este premio nos anima a seguir construyendo con responsabilidad, innovaci\u00f3n y vocaci\u00f3n de servicio. Nada de esto ser\u00eda posible sin el compromiso de todas las personas que forman Urbincasa.\u201d<\/strong><\/p>\n<h3 data-start=\"3806\" data-end=\"3831\">Mirando al futuro<\/h3>\n<p data-start=\"3833\" data-end=\"3944\">Ser reconocidos como <strong>Mejor PYME de la Regi\u00f3n de Murcia 2025<\/strong> nos impulsa a seguir avanzando en nuestra visi\u00f3n:<\/p>\n<ul data-start=\"3945\" data-end=\"4235\">\n<li data-start=\"3945\" data-end=\"4019\">\n<p data-start=\"3947\" data-end=\"4019\">Apostar por una vivienda de calidad adaptada al cliente contempor\u00e1neo.<\/p>\n<\/li>\n<li data-start=\"4020\" data-end=\"4089\">\n<p data-start=\"4022\" data-end=\"4089\">Seguir incorporando innovaci\u00f3n y sostenibilidad en cada proyecto.<\/p>\n<\/li>\n<li data-start=\"4090\" data-end=\"4148\">\n<p data-start=\"4092\" data-end=\"4148\">Ampliar nuestra presencia en mercados internacionales.<\/p>\n<\/li>\n<li data-start=\"4149\" data-end=\"4235\">\n<p data-start=\"4151\" data-end=\"4235\">Desarrollar iniciativas que contribuyan al progreso econ\u00f3mico y social de la regi\u00f3n.<\/p>\n<\/li>\n<\/ul>\n<h4 style=\"text-align: center;\" data-start=\"4237\" data-end=\"4359\">Este hito tambi\u00e9n nos permite concurrir al <strong data-start=\"4280\" data-end=\"4312\">Premio Nacional Pyme del A\u00f1o<\/strong>, un paso m\u00e1s en nuestro camino de crecimiento.<\/h4>\n","protected":false},"excerpt":{"rendered":"<p>Un reconocimiento que pone en valor el crecimiento empresarial en la Regi\u00f3n de Murcia En la novena edici\u00f3n del Premio Pyme del A\u00f1o, celebrada en el emblem\u00e1tico Museo del Teatro Romano de Cartagena, recibimos el galard\u00f3n a Mejor PYME de la Regi\u00f3n de Murcia 2025, un reconocimiento que destaca la labor de las peque\u00f1as y [&hellip;]<\/p>\n","protected":false},"author":3,"featured_media":12679,"comment_status":"closed","ping_status":"closed","sticky":false,"template":"","format":"standard","meta":{"footnotes":""},"categories":[825,9,833,1,847],"tags":[110,992,993,991,400,307],"class_list":["post-12645","post","type-post","status-publish","format-standard","has-post-thumbnail","hentry","category-empresa-comprometida","category-eventos","category-promocion-inmobiliaria","category-sin-categoria","category-urbincasa","tag-premio","tag-premio-pyme-2025","tag-premio-pyme-region-de-murcia","tag-pyme","tag-region-de-murcia","tag-urbincasa"],"_links":{"self":[{"href":"https:\/\/urbincasa.es\/blog\/wp-json\/wp\/v2\/posts\/12645","targetHints":{"allow":["GET"]}}],"collection":[{"href":"https:\/\/urbincasa.es\/blog\/wp-json\/wp\/v2\/posts"}],"about":[{"href":"https:\/\/urbincasa.es\/blog\/wp-json\/wp\/v2\/types\/post"}],"author":[{"embeddable":true,"href":"https:\/\/urbincasa.es\/blog\/wp-json\/wp\/v2\/users\/3"}],"replies":[{"embeddable":true,"href":"https:\/\/urbincasa.es\/blog\/wp-json\/wp\/v2\/comments?post=12645"}],"version-history":[{"count":22,"href":"https:\/\/urbincasa.es\/blog\/wp-json\/wp\/v2\/posts\/12645\/revisions"}],"predecessor-version":[{"id":12733,"href":"https:\/\/urbincasa.es\/blog\/wp-json\/wp\/v2\/posts\/12645\/revisions\/12733"}],"wp:featuredmedia":[{"embeddable":true,"href":"https:\/\/urbincasa.es\/blog\/wp-json\/wp\/v2\/media\/12679"}],"wp:attachment":[{"href":"https:\/\/urbincasa.es\/blog\/wp-json\/wp\/v2\/media?parent=12645"}],"wp:term":[{"taxonomy":"category","embeddable":true,"href":"https:\/\/urbincasa.es\/blog\/wp-json\/wp\/v2\/categories?post=12645"},{"taxonomy":"post_tag","embeddable":true,"href":"https:\/\/urbincasa.es\/blog\/wp-json\/wp\/v2\/tags?post=12645"}],"curies":[{"name":"wp","href":"https:\/\/api.w.org\/{rel}","templated":true}]}}