{"id":1293,"date":"2013-03-08T15:15:03","date_gmt":"2013-03-08T13:15:03","guid":{"rendered":"https:\/\/urbincasa.es\/blog\/?p=1293"},"modified":"2014-01-21T15:01:32","modified_gmt":"2014-01-21T13:01:32","slug":"feria-decoracion-outlet-hogar","status":"publish","type":"post","link":"https:\/\/urbincasa.es\/blog\/2013\/03\/feria-decoracion-outlet-hogar\/","title":{"rendered":"Algunas ideas de la I Feria de decoraci\u00f3n"},"content":{"rendered":"<div id=\"bsf_rt_marker\"><\/div><p>Esta ma\u00f1ana hemos visitado la<strong> I Feria de decoraci\u00f3n<\/strong> que se realiza en la ciudad de Murcia. Tres d\u00edas en los que empresas de decoraci\u00f3n, art\u00edculos de limpieza, electrodom\u00e9sticos, y todo lo relacionado con el hogar y la decoraci\u00f3n, exponen sus productos a precios rebajados.<\/p>\n<p>Hemos sido casi de los primeros en acudir, ya que la mayor\u00eda ir\u00e1 a lo largo del fin de semana y estas son algunas de las ideas que nos hemos\u00a0tra\u00eddo.<\/p>\n<p>Nos ha encantado este <strong>espejo<\/strong> y nos ha hecho acordarnos del post sobre <a href=\"https:\/\/urbincasa.es\/blog\/2011\/06\/espejos-y-decoracion\/\">C\u00f3mo decorar con espejos.\u00a0<\/a><\/p>\n<p><a href=\"https:\/\/urbincasa.es\/blog\/wp-content\/uploads\/2013\/03\/DSC_0040.jpg\"><img loading=\"lazy\" decoding=\"async\" class=\"aligncenter size-medium wp-image-1305\" title=\"Espejo decoracion\" alt=\"hogar factory\" src=\"https:\/\/urbincasa.es\/blog\/wp-content\/uploads\/2013\/03\/DSC_0040-300x225.jpg\" width=\"300\" height=\"225\" srcset=\"https:\/\/urbincasa.es\/blog\/wp-content\/uploads\/2013\/03\/DSC_0040-300x225.jpg 300w, https:\/\/urbincasa.es\/blog\/wp-content\/uploads\/2013\/03\/DSC_0040-1024x768.jpg 1024w, https:\/\/urbincasa.es\/blog\/wp-content\/uploads\/2013\/03\/DSC_0040-400x300.jpg 400w, https:\/\/urbincasa.es\/blog\/wp-content\/uploads\/2013\/03\/DSC_0040.jpg 1632w\" sizes=\"auto, (max-width: 300px) 100vw, 300px\" \/><\/a><\/p>\n<p>Tambi\u00e9n hemos cogido ideas originales como este par de patas de mesa \u00bfqu\u00e9 os parecen?<\/p>\n<p><a href=\"https:\/\/urbincasa.es\/blog\/wp-content\/uploads\/2013\/03\/DSC_0044.jpg\"><img loading=\"lazy\" decoding=\"async\" class=\"aligncenter size-medium wp-image-1309\" title=\"pie de mesa original\" alt=\"hogar factory decoracion\" src=\"https:\/\/urbincasa.es\/blog\/wp-content\/uploads\/2013\/03\/DSC_0044-225x300.jpg\" width=\"225\" height=\"300\" srcset=\"https:\/\/urbincasa.es\/blog\/wp-content\/uploads\/2013\/03\/DSC_0044-225x300.jpg 225w, https:\/\/urbincasa.es\/blog\/wp-content\/uploads\/2013\/03\/DSC_0044-768x1024.jpg 768w, https:\/\/urbincasa.es\/blog\/wp-content\/uploads\/2013\/03\/DSC_0044.jpg 1224w\" sizes=\"auto, (max-width: 225px) 100vw, 225px\" \/><\/a><\/p>\n<p><a href=\"https:\/\/urbincasa.es\/blog\/wp-content\/uploads\/2013\/03\/DSC_0037.jpg\"><img loading=\"lazy\" decoding=\"async\" class=\"aligncenter size-medium wp-image-1302\" title=\"Pie de mesa original blanco\" alt=\"hogar factory\" src=\"https:\/\/urbincasa.es\/blog\/wp-content\/uploads\/2013\/03\/DSC_0037-300x225.jpg\" width=\"300\" height=\"225\" srcset=\"https:\/\/urbincasa.es\/blog\/wp-content\/uploads\/2013\/03\/DSC_0037-300x225.jpg 300w, https:\/\/urbincasa.es\/blog\/wp-content\/uploads\/2013\/03\/DSC_0037-1024x768.jpg 1024w, https:\/\/urbincasa.es\/blog\/wp-content\/uploads\/2013\/03\/DSC_0037-400x300.jpg 400w, https:\/\/urbincasa.es\/blog\/wp-content\/uploads\/2013\/03\/DSC_0037.jpg 1632w\" sizes=\"auto, (max-width: 300px) 100vw, 300px\" \/><\/a><\/p>\n<p>Nos hemos encontrado un par de <a title=\"Ideas para decorar el dormitorio\" href=\"https:\/\/urbincasa.es\/blog\/2011\/04\/dormitorio-tu-rincon-de-ensueno\/\">ideas para la decoraci\u00f3n del dormitorio<\/a><\/p>\n<p><a href=\"https:\/\/urbincasa.es\/blog\/wp-content\/uploads\/2013\/03\/DSC_0035.jpg\"><img loading=\"lazy\" decoding=\"async\" class=\"aligncenter size-medium wp-image-1301\" title=\"dormitorio decoracion negra\" alt=\"hogar factory\" src=\"https:\/\/urbincasa.es\/blog\/wp-content\/uploads\/2013\/03\/DSC_0035-225x300.jpg\" width=\"225\" height=\"300\" srcset=\"https:\/\/urbincasa.es\/blog\/wp-content\/uploads\/2013\/03\/DSC_0035-225x300.jpg 225w, https:\/\/urbincasa.es\/blog\/wp-content\/uploads\/2013\/03\/DSC_0035-768x1024.jpg 768w, https:\/\/urbincasa.es\/blog\/wp-content\/uploads\/2013\/03\/DSC_0035.jpg 1224w\" sizes=\"auto, (max-width: 225px) 100vw, 225px\" \/><\/a><\/p>\n<p><a href=\"https:\/\/urbincasa.es\/blog\/wp-content\/uploads\/2013\/03\/DSC_0033.jpg\"><img loading=\"lazy\" decoding=\"async\" class=\"aligncenter size-medium wp-image-1299\" title=\"comoda plateada decoracion \" alt=\"feria murcia factory\" src=\"https:\/\/urbincasa.es\/blog\/wp-content\/uploads\/2013\/03\/DSC_0033-300x225.jpg\" width=\"300\" height=\"225\" srcset=\"https:\/\/urbincasa.es\/blog\/wp-content\/uploads\/2013\/03\/DSC_0033-300x225.jpg 300w, https:\/\/urbincasa.es\/blog\/wp-content\/uploads\/2013\/03\/DSC_0033-1024x768.jpg 1024w, https:\/\/urbincasa.es\/blog\/wp-content\/uploads\/2013\/03\/DSC_0033-400x300.jpg 400w, https:\/\/urbincasa.es\/blog\/wp-content\/uploads\/2013\/03\/DSC_0033.jpg 1632w\" sizes=\"auto, (max-width: 300px) 100vw, 300px\" \/><\/a><\/p>\n<p>Esta c\u00f3moda plateada es, creo, mi favorita.<\/p>\n<p style=\"text-align: center;\"><a href=\"http:\/\/www.urbincasa.es\/blog\/category\/decoracion\"><img loading=\"lazy\" decoding=\"async\" class=\"aligncenter  wp-image-2762\" alt=\"Seccion Decoraci\u00f3n\" src=\"https:\/\/urbincasa.es\/blog\/wp-content\/uploads\/2013\/08\/Secci\u00f3nDecoraci\u00f3n-300x150.png\" width=\"240\" height=\"120\" srcset=\"https:\/\/urbincasa.es\/blog\/wp-content\/uploads\/2013\/08\/Secci\u00f3nDecoraci\u00f3n-300x150.png 300w, https:\/\/urbincasa.es\/blog\/wp-content\/uploads\/2013\/08\/Secci\u00f3nDecoraci\u00f3n.png 320w\" sizes=\"auto, (max-width: 240px) 100vw, 240px\" \/><\/a><\/p>\n","protected":false},"excerpt":{"rendered":"<p>Esta ma\u00f1ana hemos visitado la I Feria de decoraci\u00f3n que se realiza en la ciudad de Murcia. Tres d\u00edas en los que empresas de decoraci\u00f3n, art\u00edculos de limpieza, electrodom\u00e9sticos, y todo lo relacionado con el hogar y la decoraci\u00f3n, exponen sus productos a precios rebajados. Hemos sido casi de los primeros en acudir, ya que [&hellip;]<\/p>\n","protected":false},"author":3,"featured_media":1310,"comment_status":"open","ping_status":"open","sticky":false,"template":"","format":"standard","meta":{"footnotes":""},"categories":[8,1],"tags":[228,275,703,276,61,274,273,78,263,277],"class_list":["post-1293","post","type-post","status-publish","format-standard","has-post-thumbnail","hentry","category-decoracion","category-sin-categoria","tag-casa","tag-cocina","tag-decoracion","tag-dormitorio","tag-espejos","tag-factory","tag-feria","tag-hogar","tag-ideas","tag-original"],"_links":{"self":[{"href":"https:\/\/urbincasa.es\/blog\/wp-json\/wp\/v2\/posts\/1293","targetHints":{"allow":["GET"]}}],"collection":[{"href":"https:\/\/urbincasa.es\/blog\/wp-json\/wp\/v2\/posts"}],"about":[{"href":"https:\/\/urbincasa.es\/blog\/wp-json\/wp\/v2\/types\/post"}],"author":[{"embeddable":true,"href":"https:\/\/urbincasa.es\/blog\/wp-json\/wp\/v2\/users\/3"}],"replies":[{"embeddable":true,"href":"https:\/\/urbincasa.es\/blog\/wp-json\/wp\/v2\/comments?post=1293"}],"version-history":[{"count":9,"href":"https:\/\/urbincasa.es\/blog\/wp-json\/wp\/v2\/posts\/1293\/revisions"}],"predecessor-version":[{"id":1312,"href":"https:\/\/urbincasa.es\/blog\/wp-json\/wp\/v2\/posts\/1293\/revisions\/1312"}],"wp:featuredmedia":[{"embeddable":true,"href":"https:\/\/urbincasa.es\/blog\/wp-json\/wp\/v2\/media\/1310"}],"wp:attachment":[{"href":"https:\/\/urbincasa.es\/blog\/wp-json\/wp\/v2\/media?parent=1293"}],"wp:term":[{"taxonomy":"category","embeddable":true,"href":"https:\/\/urbincasa.es\/blog\/wp-json\/wp\/v2\/categories?post=1293"},{"taxonomy":"post_tag","embeddable":true,"href":"https:\/\/urbincasa.es\/blog\/wp-json\/wp\/v2\/tags?post=1293"}],"curies":[{"name":"wp","href":"https:\/\/api.w.org\/{rel}","templated":true}]}}