{"id":1527,"date":"2013-04-15T09:36:38","date_gmt":"2013-04-15T07:36:38","guid":{"rendered":"https:\/\/urbincasa.es\/blog\/?p=1527"},"modified":"2013-04-15T09:36:38","modified_gmt":"2013-04-15T07:36:38","slug":"encuentro-emprendedores-cartagena-info","status":"publish","type":"post","link":"https:\/\/urbincasa.es\/blog\/2013\/04\/encuentro-emprendedores-cartagena-info\/","title":{"rendered":"II Ca\u00f1a emprendedora en Cartagena"},"content":{"rendered":"<div id=\"bsf_rt_marker\"><\/div><p>Estamos muy contentos porque esta semana participamos en la<strong> II Ca\u00f1a emprendedora<\/strong>, una iniciativa promovida por el Instituto de Fomento de la Regi\u00f3n de Murcia y el CEEIC (Centro Europeo de Empresas e Innovaci\u00f3n de Cartagena).<\/p>\n<p>Se trata de una reuni\u00f3n de formaci\u00f3n para emprendedores donde conoceremos a personas de las que aprender y con las que compartir <strong>ideas y motivaciones.<\/strong><!--more--><\/p>\n<p><a href=\"https:\/\/urbincasa.es\/blog\/wp-content\/uploads\/2013\/04\/ca\u00f1aemprendedora.jpg\"><img loading=\"lazy\" decoding=\"async\" class=\"alignleft size-medium wp-image-1529\" title=\"ca\u00f1a emprendedora\" src=\"https:\/\/urbincasa.es\/blog\/wp-content\/uploads\/2013\/04\/ca\u00f1aemprendedora-300x221.jpg\" alt=\"emprendedores de cartagena\" width=\"300\" height=\"221\" srcset=\"https:\/\/urbincasa.es\/blog\/wp-content\/uploads\/2013\/04\/ca\u00f1aemprendedora-300x221.jpg 300w, https:\/\/urbincasa.es\/blog\/wp-content\/uploads\/2013\/04\/ca\u00f1aemprendedora-406x300.jpg 406w, https:\/\/urbincasa.es\/blog\/wp-content\/uploads\/2013\/04\/ca\u00f1aemprendedora.jpg 861w\" sizes=\"auto, (max-width: 300px) 100vw, 300px\" \/><\/a>La <strong>ca\u00f1a emprendedora<\/strong> es un evento donde los creadores de nuevas ideas de negocio se re\u00fanen\u00a0con especialistas de diferentes \u00e1mbitos con los que hablan sobre sus proyectos e intercambian impresiones, ideas y consejos.<\/p>\n<p>En esta<a title=\"II Ca\u00f1a emprendedora en Cartagena\" href=\"http:\/\/www.institutofomentomurcia.es\/web\/portal\/bienvenido?p_p_id=8&amp;p_p_lifecycle=0&amp;p_p_state=maximized&amp;p_p_mode=view&amp;p_p_col_id=column-3&amp;p_p_col_pos=3&amp;p_p_col_count=5&amp;_8_struts_action=%2Fcalendar%2Fview_event&amp;_8_redirect=%2Fweb%2Fportal&amp;_8_eventId=874985\"> II edici\u00f3n<\/a>, hablaremos sobre el\u00a0<strong>marketing online<\/strong> y las posibilidades que ofrece para las nuevas marcas.<\/p>\n<p>Estos encuentros est\u00e1n marcados por la \u00abinformalidad\u00bb de las charlas ya que entre otras cosas \u00a1est\u00e1n prohibidas las corbatas!<\/p>\n<p>El equipo de comunicaci\u00f3n de <a title=\"Inmobiliaria de Cartagena\" href=\"http:\/\/www.urbincasa.es\">Urbincasa<\/a> participar\u00e1 activamente en el evento hablando de las<strong> <a title=\"Urbincasa en el Social Media\" href=\"https:\/\/urbincasa.es\/blog\/2012\/12\/una-empresa-con-vocacion-de-conversar\/\">comunidades virtuales<\/a> <\/strong>y de nuestra experiencia.<\/p>\n<p>Puedes ver aqu\u00ed el <a title=\"Ca\u00f1a emprendedora\" href=\"http:\/\/www.institutofomentomurcia.es\/c\/document_library\/get_file?uuid=f18f3b41-8027-4318-ae17-4824ea1de4a7&amp;groupId=10157\">Programa<\/a>\u00a0en el que participa entre otros, el cartagenero <a title=\"S\u00edguele en twitter\" href=\"https:\/\/twitter.com\/sicodeandres\">Sico de Andr\u00e9s<\/a>, director General de <a title=\"Web de Optimizalia\" href=\"http:\/\/www.zonetwork.com\/\">OPTIMIZALIA<\/a>, agencia de marketing online que trabaja para algunas de las principales empresas a nivel nacional e internacional.<\/p>\n","protected":false},"excerpt":{"rendered":"<p>Estamos muy contentos porque esta semana participamos en la II Ca\u00f1a emprendedora, una iniciativa promovida por el Instituto de Fomento de la Regi\u00f3n de Murcia y el CEEIC (Centro Europeo de Empresas e Innovaci\u00f3n de Cartagena). Se trata de una reuni\u00f3n de formaci\u00f3n para emprendedores donde conoceremos a personas de las que aprender y con [&hellip;]<\/p>\n","protected":false},"author":3,"featured_media":1529,"comment_status":"open","ping_status":"open","sticky":false,"template":"","format":"standard","meta":{"footnotes":""},"categories":[9,1],"tags":[313,310,311,263,312],"class_list":["post-1527","post","type-post","status-publish","format-standard","has-post-thumbnail","hentry","category-eventos","category-sin-categoria","tag-comunidades-virtuales","tag-emprendedores","tag-evento","tag-ideas","tag-marketing-online"],"_links":{"self":[{"href":"https:\/\/urbincasa.es\/blog\/wp-json\/wp\/v2\/posts\/1527","targetHints":{"allow":["GET"]}}],"collection":[{"href":"https:\/\/urbincasa.es\/blog\/wp-json\/wp\/v2\/posts"}],"about":[{"href":"https:\/\/urbincasa.es\/blog\/wp-json\/wp\/v2\/types\/post"}],"author":[{"embeddable":true,"href":"https:\/\/urbincasa.es\/blog\/wp-json\/wp\/v2\/users\/3"}],"replies":[{"embeddable":true,"href":"https:\/\/urbincasa.es\/blog\/wp-json\/wp\/v2\/comments?post=1527"}],"version-history":[{"count":9,"href":"https:\/\/urbincasa.es\/blog\/wp-json\/wp\/v2\/posts\/1527\/revisions"}],"predecessor-version":[{"id":1551,"href":"https:\/\/urbincasa.es\/blog\/wp-json\/wp\/v2\/posts\/1527\/revisions\/1551"}],"wp:featuredmedia":[{"embeddable":true,"href":"https:\/\/urbincasa.es\/blog\/wp-json\/wp\/v2\/media\/1529"}],"wp:attachment":[{"href":"https:\/\/urbincasa.es\/blog\/wp-json\/wp\/v2\/media?parent=1527"}],"wp:term":[{"taxonomy":"category","embeddable":true,"href":"https:\/\/urbincasa.es\/blog\/wp-json\/wp\/v2\/categories?post=1527"},{"taxonomy":"post_tag","embeddable":true,"href":"https:\/\/urbincasa.es\/blog\/wp-json\/wp\/v2\/tags?post=1527"}],"curies":[{"name":"wp","href":"https:\/\/api.w.org\/{rel}","templated":true}]}}