{"id":1572,"date":"2013-04-23T16:36:08","date_gmt":"2013-04-23T14:36:08","guid":{"rendered":"https:\/\/urbincasa.es\/blog\/?p=1572"},"modified":"2013-04-23T16:46:25","modified_gmt":"2013-04-23T14:46:25","slug":"cartagena-networking-cana-emprendedora","status":"publish","type":"post","link":"https:\/\/urbincasa.es\/blog\/2013\/04\/cartagena-networking-cana-emprendedora\/","title":{"rendered":"Networking en la II Ca\u00f1a emprendedora"},"content":{"rendered":"<div id=\"bsf_rt_marker\"><\/div><p>Como ya os avisamos, participamos en la <a href=\"https:\/\/urbincasa.es\/blog\/2013\/04\/encuentro-emprendedores-cartagena-info\/\">II Ca\u00f1a emprendedora de Cartagena<\/a>\u00a0como uno de los cuatro mentores que hablaron sobre <strong>comercio electr\u00f3nico y marketing online<\/strong> a los seis valientes emprendedores seleccionados.\u00a0<!--more-->Nuestro departamento de Marketing online y comunicaci\u00f3n asisti\u00f3 para hablar sobre la <strong>creaci\u00f3n de comunidades virtuales <\/strong>y la experiencia fue muy enriquecedora.<\/p>\n<p>Hablamos de selecci\u00f3n de redes sociales, tono, contenidos, interacci\u00f3n&#8230; muchas cosas en tan solo 10 minutos con cada uno \u00a1tuvimos que sintetizar!<\/p>\n<p><img loading=\"lazy\" decoding=\"async\" class=\"size-medium wp-image-1597 alignleft\" title=\"ca\u00f1a emprendedora\" src=\"https:\/\/urbincasa.es\/blog\/wp-content\/uploads\/2013\/04\/ca\u00f1a-emprendedora-300x173.png\" alt=\"emprendedores cartagena\" width=\"300\" height=\"173\" srcset=\"https:\/\/urbincasa.es\/blog\/wp-content\/uploads\/2013\/04\/ca\u00f1a-emprendedora-300x173.png 300w, https:\/\/urbincasa.es\/blog\/wp-content\/uploads\/2013\/04\/ca\u00f1a-emprendedora-500x289.png 500w, https:\/\/urbincasa.es\/blog\/wp-content\/uploads\/2013\/04\/ca\u00f1a-emprendedora.png 913w\" sizes=\"auto, (max-width: 300px) 100vw, 300px\" \/><\/p>\n<p>Conocimos a\u00a0<strong>j\u00f3venes con ideas<\/strong>\u00a0y descubrimos negocios que se est\u00e1n gestando para nacer muy pronto. Algunas de las marcas con las que hablamos fueron\u00a0<a href=\"http:\/\/www.paperboatclothing.com\/\">Paper Boat<\/a>, Entre globos o silicon proyect, el resto a\u00fan no est\u00e1n tan avanzadas como para hablar de ellas.<\/p>\n<p>Nos encanta formar parte de eventos de <strong>networking de emprendedores<\/strong> como este ya que fomentan y enriquecen, aunque sea a medio plazo, el desarrollo local.<\/p>\n<p>Adem\u00e1s, pasamos un rato muy agradable con el resto de mentores (<a title=\"S\u00edguelo en twitter\" href=\"https:\/\/twitter.com\/rgserapio\">Ra\u00fal Garcia<\/a>, <a title=\"S\u00edguelo en twitter\" href=\"https:\/\/twitter.com\/albertoingles\">Alberto Ingl\u00e9s<\/a> o <a title=\"S\u00edguelo en twitter\" href=\"https:\/\/twitter.com\/sicodeandres\">Sico de Andr\u00e9s<\/a>), con los organizadores del <a title=\"Instituto de fomento de la Regi\u00f3n de Murcia\" href=\"http:\/\/www.institutofomentomurcia.es\/web\/portal\/bienvenido\">INFO<\/a> y el <a title=\"Centro europeo de empresas e innovaci\u00f3n de Cartagena\" href=\"http:\/\/www.ceeic.com\/\">CEEIC<\/a>\u00a0y con el equipo del <a title=\"S\u00edguelos en Facebook\" href=\"https:\/\/www.facebook.com\/LaCatedralCartagena?filter=3\">bar La Catedral<\/a> que nos atendieron estupendamente en un marco \u00fanico.<\/p>\n<p>\u00a1Enhorabuena a todos!<\/p>\n<p>Si quieres formar parte de nuestras comunidades virtuales puedes hacerlo en <a href=\"https:\/\/www.facebook.com\/urbincasa\">Facebook<\/a>, <a href=\"https:\/\/twitter.com\/urbincasa\">Twitter<\/a>, <a href=\"http:\/\/www.youtube.com\/user\/urbincasacartagena\">Youtube<\/a> y <a href=\"http:\/\/www.flickr.com\/photos\/urbincasa\/\">Flikr<\/a> =)<\/p>\n","protected":false},"excerpt":{"rendered":"<p>Como ya os avisamos, participamos en la II Ca\u00f1a emprendedora de Cartagena\u00a0como uno de los cuatro mentores que hablaron sobre comercio electr\u00f3nico y marketing online a los seis valientes emprendedores seleccionados.\u00a0<\/p>\n","protected":false},"author":3,"featured_media":1599,"comment_status":"open","ping_status":"open","sticky":false,"template":"","format":"standard","meta":{"footnotes":""},"categories":[9,1],"tags":[35,310,263,316,315],"class_list":["post-1572","post","type-post","status-publish","format-standard","has-post-thumbnail","hentry","category-eventos","category-sin-categoria","tag-cartagena","tag-emprendedores","tag-ideas","tag-negocio","tag-networking"],"_links":{"self":[{"href":"https:\/\/urbincasa.es\/blog\/wp-json\/wp\/v2\/posts\/1572","targetHints":{"allow":["GET"]}}],"collection":[{"href":"https:\/\/urbincasa.es\/blog\/wp-json\/wp\/v2\/posts"}],"about":[{"href":"https:\/\/urbincasa.es\/blog\/wp-json\/wp\/v2\/types\/post"}],"author":[{"embeddable":true,"href":"https:\/\/urbincasa.es\/blog\/wp-json\/wp\/v2\/users\/3"}],"replies":[{"embeddable":true,"href":"https:\/\/urbincasa.es\/blog\/wp-json\/wp\/v2\/comments?post=1572"}],"version-history":[{"count":10,"href":"https:\/\/urbincasa.es\/blog\/wp-json\/wp\/v2\/posts\/1572\/revisions"}],"predecessor-version":[{"id":1602,"href":"https:\/\/urbincasa.es\/blog\/wp-json\/wp\/v2\/posts\/1572\/revisions\/1602"}],"wp:featuredmedia":[{"embeddable":true,"href":"https:\/\/urbincasa.es\/blog\/wp-json\/wp\/v2\/media\/1599"}],"wp:attachment":[{"href":"https:\/\/urbincasa.es\/blog\/wp-json\/wp\/v2\/media?parent=1572"}],"wp:term":[{"taxonomy":"category","embeddable":true,"href":"https:\/\/urbincasa.es\/blog\/wp-json\/wp\/v2\/categories?post=1572"},{"taxonomy":"post_tag","embeddable":true,"href":"https:\/\/urbincasa.es\/blog\/wp-json\/wp\/v2\/tags?post=1572"}],"curies":[{"name":"wp","href":"https:\/\/api.w.org\/{rel}","templated":true}]}}