{"id":1635,"date":"2013-05-27T09:00:24","date_gmt":"2013-05-27T07:00:24","guid":{"rendered":"https:\/\/urbincasa.es\/blog\/?p=1635"},"modified":"2013-05-29T09:44:29","modified_gmt":"2013-05-29T07:44:29","slug":"entrelares-2-revista-gratis-urbincasa","status":"publish","type":"post","link":"https:\/\/urbincasa.es\/blog\/2013\/05\/entrelares-2-revista-gratis-urbincasa\/","title":{"rendered":"Entrelares 2, vuelve la revista gratuita hecha por nosotros"},"content":{"rendered":"<div id=\"bsf_rt_marker\"><\/div><p><a href=\"https:\/\/urbincasa.es\/blog\/wp-content\/uploads\/2013\/04\/portada.png\"><img loading=\"lazy\" decoding=\"async\" class=\"alignleft size-medium wp-image-1640\" title=\"Entrelares 2 \" alt=\"revista gratis\" src=\"https:\/\/urbincasa.es\/blog\/wp-content\/uploads\/2013\/04\/portada-225x300.png\" width=\"225\" height=\"300\" srcset=\"https:\/\/urbincasa.es\/blog\/wp-content\/uploads\/2013\/04\/portada-225x300.png 225w, https:\/\/urbincasa.es\/blog\/wp-content\/uploads\/2013\/04\/portada.png 483w\" sizes=\"auto, (max-width: 225px) 100vw, 225px\" \/><\/a>\u00a1Bien! Ya tenemos el n\u00famero 2 de nuestra <strong>revista Entrelares<\/strong>.<\/p>\n<p>Han pasado m\u00e1s meses de los que querr\u00edamos desde que presentamos el <a title=\"Descarga gratis el n\u00famero 1 de Entrelares\" href=\"https:\/\/urbincasa.es\/blog\/2012\/06\/entrelares-la-revista-hecha-por-la-gente-de-urbincasa\/\">n\u00famero 1<\/a> pero los buenos trabajos no se hacen a la ligera y al fin lo hemos conseguido.<\/p>\n<p>Hab\u00e9is sido muchos los que en este tiempo os hab\u00e9is interesado por la <strong>revista<\/strong>. Eso nos ha hecho trabajar con ilusi\u00f3n en la siguiente que por fin ha visto la luz.<\/p>\n<p>Como en el anterior n\u00famero, desde el <a title=\"Conoce a nuestro equipo\" href=\"https:\/\/urbincasa.es\/blog\/category\/urbinequipo\/\">equipo de Urbincasa<\/a> hemos intentado transmitir <strong>nuestro trabajo, nuestros proyectos y tambi\u00e9n nuestra pasi\u00f3n<\/strong> en los diferentes contenidos que hemos elaborado para todos vosotros: nuestros <strong>amigos y clientes<\/strong>.<\/p>\n<p>C\u00f3mo va haci\u00e9ndose realidad nuestro querido <a title=\"Conoce nuestras casas en Los Dolores \" href=\"https:\/\/urbincasa.es\/inmobiliaria\/es\/promociones\/3\/cartagena\/residencial-magnolia\/6\">residencial Magnolia en Los Dolores<\/a> o nuestro aterrizaje en el <strong>centro de Cartagena<\/strong> con la apertura de nuestra <a title=\"Inmobiliaria en Cartagena\" href=\"http:\/\/www.urbincasashop.com\">inmobiliaria<\/a> que tambi\u00e9n es l<a title=\"Descubre c\u00f3mo montamos UrbincasaShop\" href=\"http:\/\/www.youtube.com\/watch?feature=player_embedded&amp;v=SbQ_-QrjXoc\">a oficina m\u00e1s bonita del mundo: UrbincasaShop\u00a0<\/a>son algunas de las cosas que quer\u00edamos contaros en esta ocasi\u00f3n.<\/p>\n<p>Adem\u00e1s, no pod\u00edamos dejar de hablar de nuestras <strong>redes sociales<\/strong> (<a title=\"S\u00edguenos en Facebook\" href=\"http:\/\/www.facebook.com\/urbincasa\">facebook<\/a>, <a title=\"S\u00edguenos \" href=\"http:\/\/www.twitter.com\/urbincasa\">twitter<\/a>, <a href=\"http:\/\/www.youtube.com\/user\/urbincasacartagena\">youtube<\/a> y<a href=\"http:\/\/www.flickr.com\/photos\/urbincasa\/\"> flickr<\/a>) y en esta ocasi\u00f3n tambi\u00e9n presentamos nuestro blog <strong>De T\u00fa a t\u00fa<\/strong>.<\/p>\n<p>Ya se sabe que no hay dos sin tres y por eso nosotros ya estamos pensando qu\u00e9 ofrecerte en el siguiente.<\/p>\n<p>\u00a1Disfruta de Entrelares 2!<\/p>\n<p>Puedes<strong>\u00a0<a href=\"https:\/\/urbincasa.es\/blog\/wp-content\/plugins\/download-monitor\/download.php?id=2\">descargar la revista gratis <\/a><\/strong>o<strong> leerla online:<\/strong><\/p>\n<p><iframe loading=\"lazy\" src=\"\/\/e.issuu.com\/embed.html#0\/2527795\" height=\"350\" width=\"525\" allowfullscreen=\"\" frameborder=\"0\"><\/iframe><\/p>\n","protected":false},"excerpt":{"rendered":"<p>\u00a1Bien! Ya tenemos el n\u00famero 2 de nuestra revista Entrelares. Han pasado m\u00e1s meses de los que querr\u00edamos desde que presentamos el n\u00famero 1 pero los buenos trabajos no se hacen a la ligera y al fin lo hemos conseguido. Hab\u00e9is sido muchos los que en este tiempo os hab\u00e9is interesado por la revista. Eso [&hellip;]<\/p>\n","protected":false},"author":4,"featured_media":1640,"comment_status":"open","ping_status":"open","sticky":false,"template":"","format":"standard","meta":{"footnotes":""},"categories":[9,1],"tags":[25,35,703,320,214,307],"class_list":["post-1635","post","type-post","status-publish","format-standard","has-post-thumbnail","hentry","category-eventos","category-sin-categoria","tag-alicante","tag-cartagena","tag-decoracion","tag-equipo","tag-revista","tag-urbincasa"],"_links":{"self":[{"href":"https:\/\/urbincasa.es\/blog\/wp-json\/wp\/v2\/posts\/1635","targetHints":{"allow":["GET"]}}],"collection":[{"href":"https:\/\/urbincasa.es\/blog\/wp-json\/wp\/v2\/posts"}],"about":[{"href":"https:\/\/urbincasa.es\/blog\/wp-json\/wp\/v2\/types\/post"}],"author":[{"embeddable":true,"href":"https:\/\/urbincasa.es\/blog\/wp-json\/wp\/v2\/users\/4"}],"replies":[{"embeddable":true,"href":"https:\/\/urbincasa.es\/blog\/wp-json\/wp\/v2\/comments?post=1635"}],"version-history":[{"count":21,"href":"https:\/\/urbincasa.es\/blog\/wp-json\/wp\/v2\/posts\/1635\/revisions"}],"predecessor-version":[{"id":1863,"href":"https:\/\/urbincasa.es\/blog\/wp-json\/wp\/v2\/posts\/1635\/revisions\/1863"}],"wp:featuredmedia":[{"embeddable":true,"href":"https:\/\/urbincasa.es\/blog\/wp-json\/wp\/v2\/media\/1640"}],"wp:attachment":[{"href":"https:\/\/urbincasa.es\/blog\/wp-json\/wp\/v2\/media?parent=1635"}],"wp:term":[{"taxonomy":"category","embeddable":true,"href":"https:\/\/urbincasa.es\/blog\/wp-json\/wp\/v2\/categories?post=1635"},{"taxonomy":"post_tag","embeddable":true,"href":"https:\/\/urbincasa.es\/blog\/wp-json\/wp\/v2\/tags?post=1635"}],"curies":[{"name":"wp","href":"https:\/\/api.w.org\/{rel}","templated":true}]}}