{"id":1920,"date":"2013-06-12T09:30:43","date_gmt":"2013-06-12T07:30:43","guid":{"rendered":"https:\/\/urbincasa.es\/blog\/?p=1920"},"modified":"2013-10-23T10:59:40","modified_gmt":"2013-10-23T08:59:40","slug":"nueva-ley-del-alquiler","status":"publish","type":"post","link":"https:\/\/urbincasa.es\/blog\/2013\/06\/nueva-ley-del-alquiler\/","title":{"rendered":"La nueva ley del alquiler \u00bfqu\u00e9 cambia?"},"content":{"rendered":"<div id=\"bsf_rt_marker\"><\/div><p>La publicaci\u00f3n esta semana del Bolet\u00edn Oficial del Estado (BOE) y posterior entrada en vigor la <em>Ley de Medidas de Flexibilizaci\u00f3n y Fomento del Mercado del Alquiler de Viviendas<\/em>, que reforma la Ley de Arrendamientos Urbanos traen algunos\u00a0cambios normativos que afectan<strong> tanto a propietarios como a inquilinos<\/strong>.<\/p>\n<p><!--more--><\/p>\n<p>La nueva ley del alquiler modifica varios aspectos que vamos a repasar a continuaci\u00f3n para ayudaros a tener claras las condiciones, derechos y obligaciones a la hora de <a title=\"inmobiliaria en Cartagena\" href=\"http:\/\/www.urbincasashop.com\">alquilar una casa<\/a>, tanto si sois propietarios como si sois o vais a ser inquilinos:<\/p>\n<p>\u2013 <strong>Duraci\u00f3n del arrendamiento: <\/strong>se reduce<strong>\u00a0<\/strong>de\u00a05 a <span style=\"text-decoration: underline;\">3 a\u00f1os<\/span> la pr\u00f3rroga obligatoria y de 3 a 1 la pr\u00f3rroga t\u00e1cita.<\/p>\n<p>&#8211; <strong>El arrendador puede recuperar el inmueble\u00a0<\/strong>para destinarlo a vivienda permanente en <span style=\"text-decoration: underline;\">determinados supuestos<\/span>, siempre que haya transcurrido el primer a\u00f1o de contrato como m\u00ednimo.<\/p>\n<p>&#8211;<strong> El arrendatario puede desistir del contrato en cualquier momento<\/strong>\u00a0una vez que hayan transcurrido al menos seis meses y que lo comunique al arrendador con una antelaci\u00f3n m\u00ednima de <span style=\"text-decoration: underline;\">treinta d\u00edas<\/span>.<\/p>\n<p>Aqu\u00ed ten\u00e9is una infograf\u00eda resumen:<\/p>\n<p style=\"text-align: center;\"><a href=\"https:\/\/urbincasa.es\/blog\/wp-content\/uploads\/2013\/06\/ley_alquiler_fotocasa.jpg\"><img loading=\"lazy\" decoding=\"async\" class=\"aligncenter  wp-image-1936\" title=\"nueva ley del alquiler\" alt=\"ley del alquiler\" src=\"https:\/\/urbincasa.es\/blog\/wp-content\/uploads\/2013\/06\/ley_alquiler_fotocasa-688x1024.jpg\" width=\"467\" height=\"695\" srcset=\"https:\/\/urbincasa.es\/blog\/wp-content\/uploads\/2013\/06\/ley_alquiler_fotocasa-688x1024.jpg 688w, https:\/\/urbincasa.es\/blog\/wp-content\/uploads\/2013\/06\/ley_alquiler_fotocasa-201x300.jpg 201w, https:\/\/urbincasa.es\/blog\/wp-content\/uploads\/2013\/06\/ley_alquiler_fotocasa.jpg 1200w\" sizes=\"auto, (max-width: 467px) 100vw, 467px\" \/><\/a><\/p>\n<p>\u00a0**Infograf\u00eda de <a href=\"http:\/\/www.fotocasa.es\">Fotocasa<\/a><\/p>\n<p>Estuvimos en la radio explicando estos cambios, puedes escucharlo en este reproductor a <strong>partir de 1h06min<\/strong><\/p>\n<p><iframe loading=\"lazy\" src=\"http:\/\/www.ivoox.com\/player_ek_2278808_1.html\" height=\"48\" width=\"238\" allowfullscreen=\"\" frameborder=\"0\" scrolling=\"no\"><\/iframe><\/p>\n<p><strong>Quiz\u00e1s te interese tambi\u00e9n leer:\u00a0<\/strong><\/p>\n<p>&#8211; <a href=\"https:\/\/urbincasa.es\/blog\/2013\/05\/consejos-para-visitar-casas-en-alquiler\/\">Consejos para visitar casas en venta y alquiler<\/a><\/p>\n<p>&#8211; <a href=\"https:\/\/urbincasa.es\/blog\/2013\/04\/ventajas-alquilar-mi-casa\/\">Ventajas de alquilar tu casa<\/a><\/p>\n<p>&#8211; <a href=\"https:\/\/urbincasa.es\/blog\/2013\/04\/vivir-de-alquiler-pros-y-contras\/\">Pros y contras de vivir de alquiler<\/a><\/p>\n<p style=\"text-align: center;\"><a href=\"http:\/\/www.urbincasashop.com\"><img loading=\"lazy\" decoding=\"async\" class=\"aligncenter size-full wp-image-1609\" alt=\"alquilar en cartagena\" src=\"https:\/\/urbincasa.es\/blog\/wp-content\/uploads\/2013\/04\/alquiler.png\" width=\"262\" height=\"89\" \/><\/a><\/p>\n","protected":false},"excerpt":{"rendered":"<p>La publicaci\u00f3n esta semana del Bolet\u00edn Oficial del Estado (BOE) y posterior entrada en vigor la Ley de Medidas de Flexibilizaci\u00f3n y Fomento del Mercado del Alquiler de Viviendas, que reforma la Ley de Arrendamientos Urbanos traen algunos\u00a0cambios normativos que afectan tanto a propietarios como a inquilinos.<\/p>\n","protected":false},"author":4,"featured_media":1956,"comment_status":"open","ping_status":"open","sticky":false,"template":"","format":"standard","meta":{"footnotes":""},"categories":[11],"tags":[278,357,356,358],"class_list":["post-1920","post","type-post","status-publish","format-standard","has-post-thumbnail","hentry","category-informacion","tag-alquiler","tag-cambios","tag-contrato","tag-nueva-ley"],"_links":{"self":[{"href":"https:\/\/urbincasa.es\/blog\/wp-json\/wp\/v2\/posts\/1920","targetHints":{"allow":["GET"]}}],"collection":[{"href":"https:\/\/urbincasa.es\/blog\/wp-json\/wp\/v2\/posts"}],"about":[{"href":"https:\/\/urbincasa.es\/blog\/wp-json\/wp\/v2\/types\/post"}],"author":[{"embeddable":true,"href":"https:\/\/urbincasa.es\/blog\/wp-json\/wp\/v2\/users\/4"}],"replies":[{"embeddable":true,"href":"https:\/\/urbincasa.es\/blog\/wp-json\/wp\/v2\/comments?post=1920"}],"version-history":[{"count":15,"href":"https:\/\/urbincasa.es\/blog\/wp-json\/wp\/v2\/posts\/1920\/revisions"}],"predecessor-version":[{"id":2640,"href":"https:\/\/urbincasa.es\/blog\/wp-json\/wp\/v2\/posts\/1920\/revisions\/2640"}],"wp:featuredmedia":[{"embeddable":true,"href":"https:\/\/urbincasa.es\/blog\/wp-json\/wp\/v2\/media\/1956"}],"wp:attachment":[{"href":"https:\/\/urbincasa.es\/blog\/wp-json\/wp\/v2\/media?parent=1920"}],"wp:term":[{"taxonomy":"category","embeddable":true,"href":"https:\/\/urbincasa.es\/blog\/wp-json\/wp\/v2\/categories?post=1920"},{"taxonomy":"post_tag","embeddable":true,"href":"https:\/\/urbincasa.es\/blog\/wp-json\/wp\/v2\/tags?post=1920"}],"curies":[{"name":"wp","href":"https:\/\/api.w.org\/{rel}","templated":true}]}}