{"id":1939,"date":"2013-06-10T12:28:31","date_gmt":"2013-06-10T10:28:31","guid":{"rendered":"https:\/\/urbincasa.es\/blog\/?p=1939"},"modified":"2013-10-07T17:16:32","modified_gmt":"2013-10-07T15:16:32","slug":"certificado-energetico-telecartagena","status":"publish","type":"post","link":"https:\/\/urbincasa.es\/blog\/2013\/06\/certificado-energetico-telecartagena\/","title":{"rendered":"Hablando del Certificado energ\u00e9tico con TeleCartagena"},"content":{"rendered":"<div id=\"bsf_rt_marker\"><\/div><p>Esta ma\u00f1ana hemos tenido una visita muy especial en nuestra <a href=\"http:\/\/www.urbincasashop.com\">inmobiliaria de Cartagena<\/a>, UrbincasaShop para hablar sobre el certificado energ\u00e9tico.\u00a0<!--more--><\/p>\n<p>Como sab\u00e9is, desde el d\u00eda 1 de Junio es obligatorio el <strong>certificado energ\u00e9tico<\/strong> para todas viviendas que est\u00e1n en venta o en alquiler. Esta situaci\u00f3n ha pillado desprevenidos a muchos propietarios y por eso, desde el canal local de televisi\u00f3n <a href=\"http:\/\/www.telecartagena.es\">TeleCartagena<\/a>, han querido resolver algunas dudas.<\/p>\n<p>Nuestro compa\u00f1ero Javier Valverde, <strong>t\u00e9cnico certificador<\/strong> de <a title=\"Casas en Cartagena y Alicante\" href=\"http:\/\/www.urbincasa.es\">Urbincasa<\/a>, ha estado hablando con uno de los equipos de los servicios informativos de esta cadena y respondiendo a sus <a href=\"https:\/\/urbincasa.es\/blog\/2013\/05\/dudas-certificado-energetico-vivienda\/\">preguntas sobre el certificado energ\u00e9tico<\/a>.<\/p>\n<p>\u00bfQu\u00e9 mide exactamente el certificado? \u00bfqui\u00e9n es el encargado de realizarlo? o \u00bfqui\u00e9n se encarga de controlar que las viviendas lo tengan? han sido algunas de las cuestiones de la periodista Esther Alfonso.<\/p>\n<p>Esperamos que se hayan resuelto las dudas m\u00e1s frecuentes y que los espectadores de TeleCartagena tengan hoy algunas cosas m\u00e1s claras sobre este certificado.<\/p>\n<p>Ha sido un verdadero placer atender al medio.<\/p>\n<div id='gallery-1' class='gallery galleryid-1939 gallery-columns-3 gallery-size-thumbnail'><figure class='gallery-item'>\n\t\t\t<div class='gallery-icon landscape'>\n\t\t\t\t<a href='https:\/\/urbincasa.es\/blog\/2013\/06\/certificado-energetico-telecartagena\/dsc_0297\/'><img loading=\"lazy\" decoding=\"async\" width=\"150\" height=\"150\" src=\"https:\/\/urbincasa.es\/blog\/wp-content\/uploads\/2013\/06\/DSC_0297-150x150.jpg\" class=\"attachment-thumbnail size-thumbnail\" alt=\"certificado energ\u00e9tico\" \/><\/a>\n\t\t\t<\/div><\/figure><figure class='gallery-item'>\n\t\t\t<div class='gallery-icon landscape'>\n\t\t\t\t<a href='https:\/\/urbincasa.es\/blog\/2013\/06\/certificado-energetico-telecartagena\/dsc_0299\/'><img loading=\"lazy\" decoding=\"async\" width=\"150\" height=\"150\" src=\"https:\/\/urbincasa.es\/blog\/wp-content\/uploads\/2013\/06\/DSC_0299-150x150.jpg\" class=\"attachment-thumbnail size-thumbnail\" alt=\"Certificado energ\u00e9tico\" \/><\/a>\n\t\t\t<\/div><\/figure><figure class='gallery-item'>\n\t\t\t<div class='gallery-icon landscape'>\n\t\t\t\t<a href='https:\/\/urbincasa.es\/blog\/2013\/06\/certificado-energetico-telecartagena\/dsc_0303\/'><img loading=\"lazy\" decoding=\"async\" width=\"150\" height=\"150\" src=\"https:\/\/urbincasa.es\/blog\/wp-content\/uploads\/2013\/06\/DSC_0303-150x150.jpg\" class=\"attachment-thumbnail size-thumbnail\" alt=\"Certificado energ\u00e9tico\" \/><\/a>\n\t\t\t<\/div><\/figure><figure class='gallery-item'>\n\t\t\t<div class='gallery-icon landscape'>\n\t\t\t\t<a href='https:\/\/urbincasa.es\/blog\/2013\/06\/certificado-energetico-telecartagena\/dsc_0304\/'><img loading=\"lazy\" decoding=\"async\" width=\"150\" height=\"150\" src=\"https:\/\/urbincasa.es\/blog\/wp-content\/uploads\/2013\/06\/DSC_0304-150x150.jpg\" class=\"attachment-thumbnail size-thumbnail\" alt=\"Certificado energ\u00e9tico\" \/><\/a>\n\t\t\t<\/div><\/figure>\n\t\t<\/div>\n\n<p>Aqu\u00ed ten\u00e9is la noticia del informativo de TeleCartagena:<\/p>\n<p><iframe loading=\"lazy\" src=\"http:\/\/www.youtube-nocookie.com\/embed\/u98JBIJp-PM\" height=\"315\" width=\"420\" allowfullscreen=\"\" frameborder=\"0\"><\/iframe><\/p>\n<p>Un tiempo despu\u00e9s tambi\u00e9n estuvimos en la Cadena SER hablando del tema. A partir del minuto 53.30 lo pod\u00e9is escuchar:<\/p>\n<p><iframe loading=\"lazy\" src=\"http:\/\/www.ivoox.com\/player_ek_2214208_1.html\" height=\"48\" width=\"238\" allowfullscreen=\"\" frameborder=\"0\" scrolling=\"no\"><\/iframe><\/p>\n<p><a href=\"https:\/\/urbincasa.es\/inmobiliaria\/es\/viviendas\/4\"><img loading=\"lazy\" decoding=\"async\" class=\"aligncenter size-full wp-image-1609\" alt=\"alquilar en cartagena\" src=\"https:\/\/urbincasa.es\/blog\/wp-content\/uploads\/2013\/04\/alquiler.png\" width=\"262\" height=\"89\" \/><\/a><\/p>\n","protected":false},"excerpt":{"rendered":"<p>Esta ma\u00f1ana hemos tenido una visita muy especial en nuestra inmobiliaria de Cartagena, UrbincasaShop para hablar sobre el certificado energ\u00e9tico.\u00a0<\/p>\n","protected":false},"author":4,"featured_media":1940,"comment_status":"open","ping_status":"open","sticky":false,"template":"","format":"standard","meta":{"footnotes":""},"categories":[9,12],"tags":[353,355,90,354],"class_list":["post-1939","post","type-post","status-publish","format-standard","has-post-thumbnail","hentry","category-eventos","category-medioambiente","tag-certificado-energetico","tag-eficiencia-energetica","tag-medio-ambiente","tag-real-decreto"],"_links":{"self":[{"href":"https:\/\/urbincasa.es\/blog\/wp-json\/wp\/v2\/posts\/1939","targetHints":{"allow":["GET"]}}],"collection":[{"href":"https:\/\/urbincasa.es\/blog\/wp-json\/wp\/v2\/posts"}],"about":[{"href":"https:\/\/urbincasa.es\/blog\/wp-json\/wp\/v2\/types\/post"}],"author":[{"embeddable":true,"href":"https:\/\/urbincasa.es\/blog\/wp-json\/wp\/v2\/users\/4"}],"replies":[{"embeddable":true,"href":"https:\/\/urbincasa.es\/blog\/wp-json\/wp\/v2\/comments?post=1939"}],"version-history":[{"count":11,"href":"https:\/\/urbincasa.es\/blog\/wp-json\/wp\/v2\/posts\/1939\/revisions"}],"predecessor-version":[{"id":1949,"href":"https:\/\/urbincasa.es\/blog\/wp-json\/wp\/v2\/posts\/1939\/revisions\/1949"}],"wp:featuredmedia":[{"embeddable":true,"href":"https:\/\/urbincasa.es\/blog\/wp-json\/wp\/v2\/media\/1940"}],"wp:attachment":[{"href":"https:\/\/urbincasa.es\/blog\/wp-json\/wp\/v2\/media?parent=1939"}],"wp:term":[{"taxonomy":"category","embeddable":true,"href":"https:\/\/urbincasa.es\/blog\/wp-json\/wp\/v2\/categories?post=1939"},{"taxonomy":"post_tag","embeddable":true,"href":"https:\/\/urbincasa.es\/blog\/wp-json\/wp\/v2\/tags?post=1939"}],"curies":[{"name":"wp","href":"https:\/\/api.w.org\/{rel}","templated":true}]}}