{"id":1963,"date":"2013-06-14T09:46:35","date_gmt":"2013-06-14T07:46:35","guid":{"rendered":"https:\/\/urbincasa.es\/blog\/?p=1963"},"modified":"2013-10-23T10:59:14","modified_gmt":"2013-10-23T08:59:14","slug":"aumento-venta-de-viviendas-abril-murcia","status":"publish","type":"post","link":"https:\/\/urbincasa.es\/blog\/2013\/06\/aumento-venta-de-viviendas-abril-murcia\/","title":{"rendered":"Murcia, segunda provincia con mayor venta de viviendas"},"content":{"rendered":"<div id=\"bsf_rt_marker\"><\/div><p><a href=\"https:\/\/urbincasa.es\/blog\/wp-content\/uploads\/2013\/06\/chat.png\"><img loading=\"lazy\" decoding=\"async\" class=\" wp-image-1964 \" alt=\"venta de casas\" src=\"https:\/\/urbincasa.es\/blog\/wp-content\/uploads\/2013\/06\/chat.png\" width=\"560\" height=\"251\" srcset=\"https:\/\/urbincasa.es\/blog\/wp-content\/uploads\/2013\/06\/chat.png 800w, https:\/\/urbincasa.es\/blog\/wp-content\/uploads\/2013\/06\/chat-300x134.png 300w, https:\/\/urbincasa.es\/blog\/wp-content\/uploads\/2013\/06\/chat-500x223.png 500w\" sizes=\"auto, (max-width: 560px) 100vw, 560px\" \/><\/a><\/p>\n<p>La <strong>venta de viviendas<\/strong> subi\u00f3 en el mes de abril un 48% en la Regi\u00f3n de Murcia con respecto al mismo mes de 2012, hasta sumar 1.025 operaciones, a pesar del fin de la deducci\u00f3n por la compra y del aumento del IVA.<\/p>\n<p>De las m\u00e1s de mil operaciones, la mayor\u00eda\u00a0fueron <a title=\"Casas a estrenar\" href=\"https:\/\/urbincasa.es\/inmobiliaria\/es\/promociones\/3\">compras de viviendas nuevas<\/a> frente a las de segunda mano.<\/p>\n<p>En el conjunto de Espa\u00f1a tambi\u00e9n han aumentado aunque menos que en nuestra Regi\u00f3n, la media se marca en un incremento del 10,8%.<\/p>\n<p>Estos datos son los que ha hecho oficiales el <a href=\"http:\/\/www.ine.es\/\">Instituto Nacional de Estad\u00edstica<\/a>, basados en los registradores de la propiedad. Puedes ver el <a title=\"Estad\u00edstica de Transmisiones de Derechos de la Propiedad\" href=\"http:\/\/www.ine.es\/daco\/daco42\/etdp\/etdp0413.pdf\">documento completo aqu\u00ed<\/a>.<\/p>\n<p><a href=\"http:\/\/urbincasashop.com\"><img loading=\"lazy\" decoding=\"async\" class=\" wp-image-1609 alignleft\" alt=\"alquilar en cartagena\" src=\"https:\/\/urbincasa.es\/blog\/wp-content\/uploads\/2013\/04\/alquiler.png\" width=\"183\" height=\"62\" \/><\/a><\/p>\n","protected":false},"excerpt":{"rendered":"<p>La venta de viviendas subi\u00f3 en el mes de abril un 48% en la Regi\u00f3n de Murcia con respecto al mismo mes de 2012, hasta sumar 1.025 operaciones, a pesar del fin de la deducci\u00f3n por la compra y del aumento del IVA. De las m\u00e1s de mil operaciones, la mayor\u00eda\u00a0fueron compras de viviendas nuevas [&hellip;]<\/p>\n","protected":false},"author":4,"featured_media":1964,"comment_status":"open","ping_status":"open","sticky":false,"template":"","format":"standard","meta":{"footnotes":""},"categories":[11,23],"tags":[317,35,297,359,94,360],"class_list":["post-1963","post","type-post","status-publish","format-standard","has-post-thumbnail","hentry","category-informacion","category-viviendas-cartagena","tag-alquilar","tag-cartagena","tag-comprar","tag-ine","tag-murcia","tag-venta-de-viviendas"],"_links":{"self":[{"href":"https:\/\/urbincasa.es\/blog\/wp-json\/wp\/v2\/posts\/1963","targetHints":{"allow":["GET"]}}],"collection":[{"href":"https:\/\/urbincasa.es\/blog\/wp-json\/wp\/v2\/posts"}],"about":[{"href":"https:\/\/urbincasa.es\/blog\/wp-json\/wp\/v2\/types\/post"}],"author":[{"embeddable":true,"href":"https:\/\/urbincasa.es\/blog\/wp-json\/wp\/v2\/users\/4"}],"replies":[{"embeddable":true,"href":"https:\/\/urbincasa.es\/blog\/wp-json\/wp\/v2\/comments?post=1963"}],"version-history":[{"count":6,"href":"https:\/\/urbincasa.es\/blog\/wp-json\/wp\/v2\/posts\/1963\/revisions"}],"predecessor-version":[{"id":2472,"href":"https:\/\/urbincasa.es\/blog\/wp-json\/wp\/v2\/posts\/1963\/revisions\/2472"}],"wp:featuredmedia":[{"embeddable":true,"href":"https:\/\/urbincasa.es\/blog\/wp-json\/wp\/v2\/media\/1964"}],"wp:attachment":[{"href":"https:\/\/urbincasa.es\/blog\/wp-json\/wp\/v2\/media?parent=1963"}],"wp:term":[{"taxonomy":"category","embeddable":true,"href":"https:\/\/urbincasa.es\/blog\/wp-json\/wp\/v2\/categories?post=1963"},{"taxonomy":"post_tag","embeddable":true,"href":"https:\/\/urbincasa.es\/blog\/wp-json\/wp\/v2\/tags?post=1963"}],"curies":[{"name":"wp","href":"https:\/\/api.w.org\/{rel}","templated":true}]}}