{"id":1985,"date":"2013-06-18T16:28:52","date_gmt":"2013-06-18T14:28:52","guid":{"rendered":"https:\/\/urbincasa.es\/blog\/?p=1985"},"modified":"2015-06-25T17:45:08","modified_gmt":"2015-06-25T15:45:08","slug":"destacamos-venta-atico-en-la-manga","status":"publish","type":"post","link":"https:\/\/urbincasa.es\/blog\/2013\/06\/destacamos-venta-atico-en-la-manga\/","title":{"rendered":"Destacamos: \u00c1tico en La Manga (en venta)"},"content":{"rendered":"<div id=\"bsf_rt_marker\"><\/div><p><a href=\"https:\/\/urbincasa.es\/blog\/wp-content\/uploads\/2013\/06\/atico-en-la-manga.png\"><img loading=\"lazy\" decoding=\"async\" class=\"alignleft  wp-image-1991\" title=\"\u00e1tico en la manga\" alt=\"\u00e1tico en la manga\" src=\"https:\/\/urbincasa.es\/blog\/wp-content\/uploads\/2013\/06\/atico-en-la-manga-300x224.png\" width=\"210\" height=\"157\" srcset=\"https:\/\/urbincasa.es\/blog\/wp-content\/uploads\/2013\/06\/atico-en-la-manga-300x224.png 300w, https:\/\/urbincasa.es\/blog\/wp-content\/uploads\/2013\/06\/atico-en-la-manga-400x300.png 400w, https:\/\/urbincasa.es\/blog\/wp-content\/uploads\/2013\/06\/atico-en-la-manga.png 683w\" sizes=\"auto, (max-width: 210px) 100vw, 210px\" \/><\/a>Esta semana, con la llegada definitiva del calor, desde <strong>UrbincasaShop<\/strong> (nuestra <a href=\"http:\/\/www.urbincasashop.com\">inmobiliaria en Cartagena<\/a>) os traemos un espectacular <strong>\u00e1tico en La Manga del Mar Menor<\/strong><\/p>\n<p>La vivienda est\u00e1 actualmente a la venta y <a title=\"Casa en Santa Pola\" href=\"https:\/\/urbincasa.es\/blog\/2013\/06\/destacamos-oportunidad-casa-en-santa-pola-solariums\/\">la de la semana anterior<\/a> ya est\u00e1 vendida.<\/p>\n<p><!--more--><\/p>\n<p>En el kil\u00f3metro 4 de esta zona \u00fanica en el mundo se encuentra esta vivienda de <strong>3 dormitorios y 2 ba\u00f1os. <\/strong><\/p>\n<h2><strong>\u00bfPor qu\u00e9 la destacamos?<\/strong><\/h2>\n<p>Viendo las <span style=\"text-decoration: underline;\">vistas del \u00e1tico<\/span> poco habr\u00eda que a\u00f1adir m\u00e1s, sin embargo, podemos a\u00f1adir m\u00e1s razones.<\/p>\n<p>&#8211; El estupendo estado de la vivienda que cuenta con tarima, cocina complemente equipada y armarios empotrados.<\/p>\n<p>&#8211; La ubicaci\u00f3n. La Manga es un para\u00edso, pero adem\u00e1s se encuentra en una zona estrat\u00e9gica a dos minutos de la <strong>Plaza Bohemia<\/strong><\/p>\n<p>&#8211; Cuenta con <strong>garaje, vestidor y chimenea<\/strong>, tres complementos maravillosos para una vivienda de ensue\u00f1o.<\/p>\n<p>\u00bfnecesitas m\u00e1s razones? Pues mira esta terraza cerrada para disfrutar todo el a\u00f1o de unos desayunos con vistas al mar<\/p>\n<p style=\"text-align: center;\"><a href=\"https:\/\/urbincasa.es\/blog\/wp-content\/uploads\/2013\/06\/atico-en-la-manga-terraza.jpg\"><img loading=\"lazy\" decoding=\"async\" class=\"aligncenter  wp-image-1990\" title=\"\u00e1tico en la manga\" alt=\"\u00e1tico en la manga\" src=\"https:\/\/urbincasa.es\/blog\/wp-content\/uploads\/2013\/06\/atico-en-la-manga-terraza-1024x768.jpg\" width=\"409\" height=\"307\" srcset=\"https:\/\/urbincasa.es\/blog\/wp-content\/uploads\/2013\/06\/atico-en-la-manga-terraza-1024x768.jpg 1024w, https:\/\/urbincasa.es\/blog\/wp-content\/uploads\/2013\/06\/atico-en-la-manga-terraza-300x225.jpg 300w, https:\/\/urbincasa.es\/blog\/wp-content\/uploads\/2013\/06\/atico-en-la-manga-terraza-400x300.jpg 400w\" sizes=\"auto, (max-width: 409px) 100vw, 409px\" \/><\/a><\/p>\n<h1><strong><a href=\"https:\/\/urbincasa.es\/inmobiliaria\/es\/viviendas\/4\/cartagena\/atico-manga-magnificas-vistas\/3716-001917\/?fuente=a0eD000000EyAelIAF\">Puedes ver aqu\u00ed el anuncio completo del \u00e1tico y pedir m\u00e1s informaci\u00f3n<\/a><\/strong><\/h1>\n<div id='gallery-1' class='gallery galleryid-1985 gallery-columns-3 gallery-size-thumbnail'><figure class='gallery-item'>\n\t\t\t<div class='gallery-icon landscape'>\n\t\t\t\t<a href='https:\/\/urbincasa.es\/blog\/2013\/06\/destacamos-venta-atico-en-la-manga\/atico-en-la-manga1\/'><img loading=\"lazy\" decoding=\"async\" width=\"150\" height=\"150\" src=\"https:\/\/urbincasa.es\/blog\/wp-content\/uploads\/2013\/06\/atico-en-la-manga1-150x150.jpg\" class=\"attachment-thumbnail size-thumbnail\" alt=\"atico en la manga\" aria-describedby=\"gallery-1-1988\" \/><\/a>\n\t\t\t<\/div>\n\t\t\t\t<figcaption class='wp-caption-text gallery-caption' id='gallery-1-1988'>\n\t\t\t\tatico en la manga\n\t\t\t\t<\/figcaption><\/figure><figure class='gallery-item'>\n\t\t\t<div class='gallery-icon portrait'>\n\t\t\t\t<a href='https:\/\/urbincasa.es\/blog\/2013\/06\/destacamos-venta-atico-en-la-manga\/atico-en-la-manga-cocina\/'><img loading=\"lazy\" decoding=\"async\" width=\"150\" height=\"150\" src=\"https:\/\/urbincasa.es\/blog\/wp-content\/uploads\/2013\/06\/atico-en-la-manga-cocina-150x150.jpg\" class=\"attachment-thumbnail size-thumbnail\" alt=\"\u00e1tico en la manga\" aria-describedby=\"gallery-1-1989\" \/><\/a>\n\t\t\t<\/div>\n\t\t\t\t<figcaption class='wp-caption-text gallery-caption' id='gallery-1-1989'>\n\t\t\t\tcocina de \u00e1tico en la manga\n\t\t\t\t<\/figcaption><\/figure>\n\t\t<\/div>\n\n<p>Tambi\u00e9n puedes ver<\/p>\n<h2>Te puede interesar ver en nuestro blog otras\u00a0<a title=\"Casas en Cartagena\" href=\"https:\/\/urbincasa.es\/blog\/category\/viviendas-cartagena\/\" target=\"_blank\">viviendas destacadas en Cartagena<\/a><\/h2>\n<p><a href=\"https:\/\/urbincasa.es\/blog\/category\/vivir-en-cartagena\/\"><img loading=\"lazy\" decoding=\"async\" class=\"aligncenter size-medium wp-image-2834\" alt=\"VIVIR EN CARTAGENA\" src=\"https:\/\/urbincasa.es\/blog\/wp-content\/uploads\/2013\/12\/VIVIRENCARTAGENA-300x150.png\" width=\"300\" height=\"150\" srcset=\"https:\/\/urbincasa.es\/blog\/wp-content\/uploads\/2013\/12\/VIVIRENCARTAGENA-300x150.png 300w, https:\/\/urbincasa.es\/blog\/wp-content\/uploads\/2013\/12\/VIVIRENCARTAGENA.png 400w\" sizes=\"auto, (max-width: 300px) 100vw, 300px\" \/><\/a><\/p>\n","protected":false},"excerpt":{"rendered":"<p>Esta semana, con la llegada definitiva del calor, desde UrbincasaShop (nuestra inmobiliaria en Cartagena) os traemos un espectacular \u00e1tico en La Manga del Mar Menor La vivienda est\u00e1 actualmente a la venta y la de la semana anterior ya est\u00e1 vendida.<\/p>\n","protected":false},"author":4,"featured_media":1991,"comment_status":"open","ping_status":"open","sticky":false,"template":"","format":"standard","meta":{"footnotes":""},"categories":[17,281,23],"tags":[361,35,363,294,362,225,711],"class_list":["post-1985","post","type-post","status-publish","format-standard","has-post-thumbnail","hentry","category-ofertas","category-urbincasashop","category-viviendas-cartagena","tag-atico","tag-cartagena","tag-destacada","tag-inmobiliaria","tag-la-manga","tag-playa","tag-urbincasashop"],"_links":{"self":[{"href":"https:\/\/urbincasa.es\/blog\/wp-json\/wp\/v2\/posts\/1985","targetHints":{"allow":["GET"]}}],"collection":[{"href":"https:\/\/urbincasa.es\/blog\/wp-json\/wp\/v2\/posts"}],"about":[{"href":"https:\/\/urbincasa.es\/blog\/wp-json\/wp\/v2\/types\/post"}],"author":[{"embeddable":true,"href":"https:\/\/urbincasa.es\/blog\/wp-json\/wp\/v2\/users\/4"}],"replies":[{"embeddable":true,"href":"https:\/\/urbincasa.es\/blog\/wp-json\/wp\/v2\/comments?post=1985"}],"version-history":[{"count":16,"href":"https:\/\/urbincasa.es\/blog\/wp-json\/wp\/v2\/posts\/1985\/revisions"}],"predecessor-version":[{"id":1998,"href":"https:\/\/urbincasa.es\/blog\/wp-json\/wp\/v2\/posts\/1985\/revisions\/1998"}],"wp:featuredmedia":[{"embeddable":true,"href":"https:\/\/urbincasa.es\/blog\/wp-json\/wp\/v2\/media\/1991"}],"wp:attachment":[{"href":"https:\/\/urbincasa.es\/blog\/wp-json\/wp\/v2\/media?parent=1985"}],"wp:term":[{"taxonomy":"category","embeddable":true,"href":"https:\/\/urbincasa.es\/blog\/wp-json\/wp\/v2\/categories?post=1985"},{"taxonomy":"post_tag","embeddable":true,"href":"https:\/\/urbincasa.es\/blog\/wp-json\/wp\/v2\/tags?post=1985"}],"curies":[{"name":"wp","href":"https:\/\/api.w.org\/{rel}","templated":true}]}}