{"id":200,"date":"2010-04-30T10:40:47","date_gmt":"2010-04-30T09:40:47","guid":{"rendered":"https:\/\/urbincasa.es\/blog\/?p=200"},"modified":"2013-04-29T18:02:54","modified_gmt":"2013-04-29T16:02:54","slug":"residencial-zarzuela-primera-piedra","status":"publish","type":"post","link":"https:\/\/urbincasa.es\/blog\/2010\/04\/residencial-zarzuela-primera-piedra\/","title":{"rendered":"Residencial Zarzuela, primera piedra."},"content":{"rendered":"<div id=\"bsf_rt_marker\"><\/div><figure id=\"attachment_201\" aria-describedby=\"caption-attachment-201\" style=\"width: 300px\" class=\"wp-caption alignright\"><img loading=\"lazy\" decoding=\"async\" class=\"size-medium wp-image-201 \" style=\"margin: 5px; border: 1px solid black;\" title=\"acto de primera piedra\" src=\"https:\/\/urbincasa.es\/blog\/wp-content\/uploads\/2010\/04\/DSC_0988-Small-300x199.jpg\" alt=\"acto primera piedra\" width=\"300\" height=\"199\" srcset=\"https:\/\/urbincasa.es\/blog\/wp-content\/uploads\/2010\/04\/DSC_0988-Small-300x199.jpg 300w, https:\/\/urbincasa.es\/blog\/wp-content\/uploads\/2010\/04\/DSC_0988-Small-451x300.jpg 451w, https:\/\/urbincasa.es\/blog\/wp-content\/uploads\/2010\/04\/DSC_0988-Small.jpg 640w\" sizes=\"auto, (max-width: 300px) 100vw, 300px\" \/><figcaption id=\"caption-attachment-201\" class=\"wp-caption-text\">acto primera piedra<\/figcaption><\/figure>\n<p>El pasado d\u00eda 10 de este mes, se celebr\u00f3 a los pies de <strong>Residencial Zarzuela en Cartagena<\/strong> el acto de simb\u00f3<strong><\/strong>lico de implantaci\u00f3n de la primera piedra.<\/p>\n<p>Digo simb\u00f3lico porque realmente la obra est\u00e1 bastante avanzada, pero no deja de ser un acto muy particular en el que los propietarios de las viviendas entierran entre los cimientos de la promoci\u00f3n una llamemosle \u00ab<strong>c\u00e1psula<\/strong><strong> del tiempo<\/strong>\u00bb donde introducen no solo un objeto si no las ilusiones puestas en su proyecto de vida.<\/p>\n<p>Una reuni\u00f3n informal donde se respiraba un ambiente muy placentero.\u00a0 Sabemos que para el cliente que compra, es un gran proyecto en su vida, y desde luego nosotros queremos estar con ellos y que sientan el proyecto desde el comienzo, <strong>no vendemos casas, vendemos hogares.<\/strong><\/p>\n","protected":false},"excerpt":{"rendered":"<p>El pasado d\u00eda 10 de este mes, se celebr\u00f3 a los pies de Residencial Zarzuela en Cartagena el acto de simb\u00f3lico de implantaci\u00f3n de la primera piedra. Digo simb\u00f3lico porque realmente la obra est\u00e1 bastante avanzada, pero no deja de ser un acto muy particular en el que los propietarios de las viviendas entierran entre [&hellip;]<\/p>\n","protected":false},"author":3,"featured_media":0,"comment_status":"closed","ping_status":"open","sticky":false,"template":"","format":"standard","meta":{"footnotes":""},"categories":[9,11,23],"tags":[705,149,102,104,121,139],"class_list":["post-200","post","type-post","status-publish","format-standard","hentry","category-eventos","category-informacion","category-viviendas-cartagena","tag-informacion","tag-iniciativas","tag-pis","tag-pisos-cartagena","tag-residencial-zarzuela","tag-vivienda-cartagena"],"_links":{"self":[{"href":"https:\/\/urbincasa.es\/blog\/wp-json\/wp\/v2\/posts\/200","targetHints":{"allow":["GET"]}}],"collection":[{"href":"https:\/\/urbincasa.es\/blog\/wp-json\/wp\/v2\/posts"}],"about":[{"href":"https:\/\/urbincasa.es\/blog\/wp-json\/wp\/v2\/types\/post"}],"author":[{"embeddable":true,"href":"https:\/\/urbincasa.es\/blog\/wp-json\/wp\/v2\/users\/3"}],"replies":[{"embeddable":true,"href":"https:\/\/urbincasa.es\/blog\/wp-json\/wp\/v2\/comments?post=200"}],"version-history":[{"count":2,"href":"https:\/\/urbincasa.es\/blog\/wp-json\/wp\/v2\/posts\/200\/revisions"}],"predecessor-version":[{"id":1692,"href":"https:\/\/urbincasa.es\/blog\/wp-json\/wp\/v2\/posts\/200\/revisions\/1692"}],"wp:attachment":[{"href":"https:\/\/urbincasa.es\/blog\/wp-json\/wp\/v2\/media?parent=200"}],"wp:term":[{"taxonomy":"category","embeddable":true,"href":"https:\/\/urbincasa.es\/blog\/wp-json\/wp\/v2\/categories?post=200"},{"taxonomy":"post_tag","embeddable":true,"href":"https:\/\/urbincasa.es\/blog\/wp-json\/wp\/v2\/tags?post=200"}],"curies":[{"name":"wp","href":"https:\/\/api.w.org\/{rel}","templated":true}]}}