{"id":2033,"date":"2013-07-01T12:32:33","date_gmt":"2013-07-01T10:32:33","guid":{"rendered":"https:\/\/urbincasa.es\/blog\/?p=2033"},"modified":"2013-07-03T12:43:48","modified_gmt":"2013-07-03T10:43:48","slug":"cartagena-eventos-networking-no-dos-sin-tres","status":"publish","type":"post","link":"https:\/\/urbincasa.es\/blog\/2013\/07\/cartagena-eventos-networking-no-dos-sin-tres\/","title":{"rendered":"No hay dos sin tres, en los eventos tampoco"},"content":{"rendered":"<div id=\"bsf_rt_marker\"><\/div><p>El final de Junio ha sido muy movido. Ya sab\u00e9is que <a href=\"https:\/\/urbincasa.es\/blog\/2012\/12\/una-empresa-con-vocacion-de-conversar\/\">nos gusta conversar<\/a>, estar presentes en los eventos relacionados con nuestro sector pero tambi\u00e9n en los que fomentan la relaci\u00f3n entre empresas y empresarios, por eso en una misma semana hemos asistido al <strong>II Caf\u00e9 vivienda<\/strong> a la<strong> II Ca\u00f1a emprendedora de Cartagena<\/strong> y a la gala de los <strong>I Premios Tot en Rus<\/strong> a los que est\u00e1bamos nominados por nuestro trabajo en el mercado ruso.\u00a0<!--more--><\/p>\n<figure id=\"attachment_2055\" aria-describedby=\"caption-attachment-2055\" style=\"width: 240px\" class=\"wp-caption alignleft\"><a href=\"https:\/\/urbincasa.es\/blog\/wp-content\/uploads\/2013\/07\/En-debate.jpg\"><img loading=\"lazy\" decoding=\"async\" class=\" wp-image-2055 \" alt=\"caf\u00e9 vivienda\" src=\"https:\/\/urbincasa.es\/blog\/wp-content\/uploads\/2013\/07\/En-debate-300x200.jpg\" width=\"240\" height=\"160\" srcset=\"https:\/\/urbincasa.es\/blog\/wp-content\/uploads\/2013\/07\/En-debate-300x200.jpg 300w, https:\/\/urbincasa.es\/blog\/wp-content\/uploads\/2013\/07\/En-debate-449x300.jpg 449w, https:\/\/urbincasa.es\/blog\/wp-content\/uploads\/2013\/07\/En-debate.jpg 780w\" sizes=\"auto, (max-width: 240px) 100vw, 240px\" \/><\/a><figcaption id=\"caption-attachment-2055\" class=\"wp-caption-text\">caf\u00e9 vivienda<\/figcaption><\/figure>\n<p>Las tres han sido grandes experiencias.<\/p>\n<p>En el <a href=\"http:\/\/www.apirm.es\/default.php?display=noticia&amp;id=485\">#caf\u00e9vivienda<\/a> pudimos compartir vivencias e intercambiar impresiones sobre la realidad de nuestro sector en la actualidad y de cara a un futuro m\u00e1s o menos pr\u00f3ximo. Hablamos de lo que busca ahora la sociedad en una casa, lo que quer\u00e9is vosotros.<\/p>\n<p>Fue muy enriquecedor poder escuchar las diferentes visiones de los empresarios del sector, cada uno desde su situaci\u00f3n, tipo de producto o incluso desde la realidad de las diferentes situaciones geogr\u00e1ficas.<\/p>\n<p>Pod\u00e9is ver <a title=\"Caf\u00e9 Vivienda\" href=\"http:\/\/www.flickr.com\/photos\/urbincasa\/sets\/72157634462282864\/\">m\u00e1s fotos de este encuentro en nuestro perfil de Flickr<\/a><\/p>\n<p>Del caf\u00e9 pasamos a apoyar la II Ca\u00f1a emprendedora. Ya sab\u00e9is que en la primera <a title=\"I ca\u00f1a emprendedora Cartagena\" href=\"https:\/\/urbincasa.es\/blog\/2013\/04\/cartagena-networking-cana-emprendedora\/\">participamos activamente con una de las mentorizaciones sobre comunidades virtuales<\/a>, en esta ocasi\u00f3n fuimos a escuchar los casos de <a href=\"http:\/\/melonplatinum.es\/\">Melon Platinum<\/a> y <a href=\"http:\/\/strending.com\/\">Strending <\/a>entre otros, que hablaron de comercio online.<\/p>\n<p>La terraza de El Batel fue en esta ocasi\u00f3n el escenario para el encuentro en el que la empresa cartagenera Icue ofreci\u00f3 a los asistentes una cata de su cerveza artesanal.<\/p>\n<div id='gallery-1' class='gallery galleryid-2033 gallery-columns-3 gallery-size-thumbnail'><figure class='gallery-item'>\n\t\t\t<div class='gallery-icon landscape'>\n\t\t\t\t<a href='https:\/\/urbincasa.es\/blog\/2013\/07\/cartagena-eventos-networking-no-dos-sin-tres\/cana-emprendedora-cartagena\/'><img loading=\"lazy\" decoding=\"async\" width=\"150\" height=\"150\" src=\"https:\/\/urbincasa.es\/blog\/wp-content\/uploads\/2013\/07\/ca\u00f1a-emprendedora-cartagena-150x150.jpg\" class=\"attachment-thumbnail size-thumbnail\" alt=\"ca\u00f1a emprendedora cartagena\" aria-describedby=\"gallery-1-2044\" \/><\/a>\n\t\t\t<\/div>\n\t\t\t\t<figcaption class='wp-caption-text gallery-caption' id='gallery-1-2044'>\n\t\t\t\tca\u00f1a emprendedora cartagena\n\t\t\t\t<\/figcaption><\/figure><figure class='gallery-item'>\n\t\t\t<div class='gallery-icon landscape'>\n\t\t\t\t<a href='https:\/\/urbincasa.es\/blog\/2013\/07\/cartagena-eventos-networking-no-dos-sin-tres\/cana-emprendedora-cartagena-1\/'><img loading=\"lazy\" decoding=\"async\" width=\"150\" height=\"150\" src=\"https:\/\/urbincasa.es\/blog\/wp-content\/uploads\/2013\/07\/ca\u00f1a-emprendedora-cartagena-1-150x150.jpg\" class=\"attachment-thumbnail size-thumbnail\" alt=\"ca\u00f1a emprendedora cartagena\" aria-describedby=\"gallery-1-2045\" \/><\/a>\n\t\t\t<\/div>\n\t\t\t\t<figcaption class='wp-caption-text gallery-caption' id='gallery-1-2045'>\n\t\t\t\tca\u00f1a emprendedora cartagena\n\t\t\t\t<\/figcaption><\/figure><figure class='gallery-item'>\n\t\t\t<div class='gallery-icon landscape'>\n\t\t\t\t<a href='https:\/\/urbincasa.es\/blog\/2013\/07\/cartagena-eventos-networking-no-dos-sin-tres\/cana-emprendedora-cartagena-2\/'><img loading=\"lazy\" decoding=\"async\" width=\"150\" height=\"150\" src=\"https:\/\/urbincasa.es\/blog\/wp-content\/uploads\/2013\/07\/ca\u00f1a-emprendedora-cartagena-2-150x150.jpg\" class=\"attachment-thumbnail size-thumbnail\" alt=\"ca\u00f1a emprendedora cartagena\" aria-describedby=\"gallery-1-2046\" \/><\/a>\n\t\t\t<\/div>\n\t\t\t\t<figcaption class='wp-caption-text gallery-caption' id='gallery-1-2046'>\n\t\t\t\tca\u00f1a emprendedora cartagena\n\t\t\t\t<\/figcaption><\/figure><figure class='gallery-item'>\n\t\t\t<div class='gallery-icon landscape'>\n\t\t\t\t<a href='https:\/\/urbincasa.es\/blog\/2013\/07\/cartagena-eventos-networking-no-dos-sin-tres\/cana-emprendedora-cartagena-4\/'><img loading=\"lazy\" decoding=\"async\" width=\"150\" height=\"150\" src=\"https:\/\/urbincasa.es\/blog\/wp-content\/uploads\/2013\/07\/ca\u00f1a-emprendedora-cartagena-4-150x150.jpg\" class=\"attachment-thumbnail size-thumbnail\" alt=\"ca\u00f1a emprendedora cartagena\" aria-describedby=\"gallery-1-2048\" \/><\/a>\n\t\t\t<\/div>\n\t\t\t\t<figcaption class='wp-caption-text gallery-caption' id='gallery-1-2048'>\n\t\t\t\tca\u00f1a emprendedora cartagena\n\t\t\t\t<\/figcaption><\/figure><figure class='gallery-item'>\n\t\t\t<div class='gallery-icon landscape'>\n\t\t\t\t<a href='https:\/\/urbincasa.es\/blog\/2013\/07\/cartagena-eventos-networking-no-dos-sin-tres\/cana-emprendedora-cartagena-5\/'><img loading=\"lazy\" decoding=\"async\" width=\"150\" height=\"150\" src=\"https:\/\/urbincasa.es\/blog\/wp-content\/uploads\/2013\/07\/ca\u00f1a-emprendedora-cartagena-5-150x150.jpg\" class=\"attachment-thumbnail size-thumbnail\" alt=\"ca\u00f1a emprendedora cartagena\" aria-describedby=\"gallery-1-2049\" \/><\/a>\n\t\t\t<\/div>\n\t\t\t\t<figcaption class='wp-caption-text gallery-caption' id='gallery-1-2049'>\n\t\t\t\tca\u00f1a emprendedora cartagena\n\t\t\t\t<\/figcaption><\/figure><figure class='gallery-item'>\n\t\t\t<div class='gallery-icon landscape'>\n\t\t\t\t<a href='https:\/\/urbincasa.es\/blog\/2013\/07\/cartagena-eventos-networking-no-dos-sin-tres\/cana-emprendedora-cartagena-6\/'><img loading=\"lazy\" decoding=\"async\" width=\"150\" height=\"150\" src=\"https:\/\/urbincasa.es\/blog\/wp-content\/uploads\/2013\/07\/ca\u00f1a-emprendedora-cartagena-6-150x150.jpg\" class=\"attachment-thumbnail size-thumbnail\" alt=\"ca\u00f1a emprendedora cartagena\" aria-describedby=\"gallery-1-2050\" \/><\/a>\n\t\t\t<\/div>\n\t\t\t\t<figcaption class='wp-caption-text gallery-caption' id='gallery-1-2050'>\n\t\t\t\tca\u00f1a emprendedora cartagena\n\t\t\t\t<\/figcaption><\/figure>\n\t\t<\/div>\n\n<p>Y terminamos el mes por todo lo alto, con una <a href=\"https:\/\/urbincasa.es\/blog\/2013\/06\/nominados-tot-en-rus-trabajo-en-el-mercado-ruso\/\">nominaci\u00f3n por el trabajo que venimos realizando estos \u00faltimos a\u00f1os en el mercado ruso<\/a>. Aunque finalmente no ganamos, s\u00ed disfrutamos de una espectacular cena en el <strong>Castillo de Santa B\u00e1rbara en Alicante<\/strong> con espect\u00e1culo y muchos invitados interesantes.<\/p>\n<p>En representaci\u00f3n del <a title=\"Conoce a nuestro equipo\" href=\"https:\/\/urbincasa.es\/blog\/category\/urbinequipo\/\">Urbinequipo <\/a>asistieron nuestras compa\u00f1eras del \u00e1rea internacional y de Comunicaci\u00f3n.<\/p>\n<p>La celebraci\u00f3n fue un buen punto de encuentro entre la <strong>comunidad rusa afincada en el levante espa\u00f1ol<\/strong> y los empresarios que de alguna manera tenemos relaci\u00f3n con ellos.<\/p>\n<div id='gallery-2' class='gallery galleryid-2033 gallery-columns-3 gallery-size-thumbnail'><figure class='gallery-item'>\n\t\t\t<div class='gallery-icon landscape'>\n\t\t\t\t<a href='https:\/\/urbincasa.es\/blog\/2013\/07\/cartagena-eventos-networking-no-dos-sin-tres\/blog5\/'><img loading=\"lazy\" decoding=\"async\" width=\"150\" height=\"150\" src=\"https:\/\/urbincasa.es\/blog\/wp-content\/uploads\/2013\/07\/blog5-150x150.jpg\" class=\"attachment-thumbnail size-thumbnail\" alt=\"premio Tot en rus\" aria-describedby=\"gallery-2-2038\" \/><\/a>\n\t\t\t<\/div>\n\t\t\t\t<figcaption class='wp-caption-text gallery-caption' id='gallery-2-2038'>\n\t\t\t\tpremio Tot en rus\n\t\t\t\t<\/figcaption><\/figure><figure class='gallery-item'>\n\t\t\t<div class='gallery-icon landscape'>\n\t\t\t\t<a href='https:\/\/urbincasa.es\/blog\/2013\/07\/cartagena-eventos-networking-no-dos-sin-tres\/blog1\/'><img loading=\"lazy\" decoding=\"async\" width=\"150\" height=\"150\" src=\"https:\/\/urbincasa.es\/blog\/wp-content\/uploads\/2013\/07\/blog1-150x150.jpg\" class=\"attachment-thumbnail size-thumbnail\" alt=\"premio Tot en rus\" aria-describedby=\"gallery-2-2039\" \/><\/a>\n\t\t\t<\/div>\n\t\t\t\t<figcaption class='wp-caption-text gallery-caption' id='gallery-2-2039'>\n\t\t\t\tpremio Tot en rus\n\t\t\t\t<\/figcaption><\/figure><figure class='gallery-item'>\n\t\t\t<div class='gallery-icon landscape'>\n\t\t\t\t<a href='https:\/\/urbincasa.es\/blog\/2013\/07\/cartagena-eventos-networking-no-dos-sin-tres\/blog2\/'><img loading=\"lazy\" decoding=\"async\" width=\"150\" height=\"150\" src=\"https:\/\/urbincasa.es\/blog\/wp-content\/uploads\/2013\/07\/blog2-150x150.jpg\" class=\"attachment-thumbnail size-thumbnail\" alt=\"premio Tot en rus\" aria-describedby=\"gallery-2-2040\" \/><\/a>\n\t\t\t<\/div>\n\t\t\t\t<figcaption class='wp-caption-text gallery-caption' id='gallery-2-2040'>\n\t\t\t\tpremio Tot en rus\n\t\t\t\t<\/figcaption><\/figure><figure class='gallery-item'>\n\t\t\t<div class='gallery-icon landscape'>\n\t\t\t\t<a href='https:\/\/urbincasa.es\/blog\/2013\/07\/cartagena-eventos-networking-no-dos-sin-tres\/blog3\/'><img loading=\"lazy\" decoding=\"async\" width=\"150\" height=\"150\" src=\"https:\/\/urbincasa.es\/blog\/wp-content\/uploads\/2013\/07\/blog3-150x150.jpg\" class=\"attachment-thumbnail size-thumbnail\" alt=\"premio Tot en rus\" aria-describedby=\"gallery-2-2041\" \/><\/a>\n\t\t\t<\/div>\n\t\t\t\t<figcaption class='wp-caption-text gallery-caption' id='gallery-2-2041'>\n\t\t\t\tpremio Tot en rus\n\t\t\t\t<\/figcaption><\/figure><figure class='gallery-item'>\n\t\t\t<div class='gallery-icon landscape'>\n\t\t\t\t<a href='https:\/\/urbincasa.es\/blog\/2013\/07\/cartagena-eventos-networking-no-dos-sin-tres\/blog4\/'><img loading=\"lazy\" decoding=\"async\" width=\"150\" height=\"150\" src=\"https:\/\/urbincasa.es\/blog\/wp-content\/uploads\/2013\/07\/blog4-150x150.jpg\" class=\"attachment-thumbnail size-thumbnail\" alt=\"premio Tot en rus\" aria-describedby=\"gallery-2-2042\" \/><\/a>\n\t\t\t<\/div>\n\t\t\t\t<figcaption class='wp-caption-text gallery-caption' id='gallery-2-2042'>\n\t\t\t\tpremio Tot en rus\n\t\t\t\t<\/figcaption><\/figure><figure class='gallery-item'>\n\t\t\t<div class='gallery-icon landscape'>\n\t\t\t\t<a href='https:\/\/urbincasa.es\/blog\/2013\/07\/cartagena-eventos-networking-no-dos-sin-tres\/equipo-urbincasa\/'><img loading=\"lazy\" decoding=\"async\" width=\"150\" height=\"150\" src=\"https:\/\/urbincasa.es\/blog\/wp-content\/uploads\/2013\/07\/blog6-150x150.jpg\" class=\"attachment-thumbnail size-thumbnail\" alt=\"\" aria-describedby=\"gallery-2-2054\" \/><\/a>\n\t\t\t<\/div>\n\t\t\t\t<figcaption class='wp-caption-text gallery-caption' id='gallery-2-2054'>\n\t\t\t\tEquipo de Urbincasa y RusLeader\n\t\t\t\t<\/figcaption><\/figure>\n\t\t<\/div>\n\n<p><em>* Las fotograf\u00edas son de Prudencio L\u00f3pez, el INFO y el equipo de Urbincasa<\/em><\/p>\n<p>&nbsp;<\/p>\n<h2>Si estuviste en alguno de los tres eventos nos encantar\u00eda que nos dejaras tu opini\u00f3n<\/h2>\n","protected":false},"excerpt":{"rendered":"<p>El final de Junio ha sido muy movido. Ya sab\u00e9is que nos gusta conversar, estar presentes en los eventos relacionados con nuestro sector pero tambi\u00e9n en los que fomentan la relaci\u00f3n entre empresas y empresarios, por eso en una misma semana hemos asistido al II Caf\u00e9 vivienda a la II Ca\u00f1a emprendedora de Cartagena y [&hellip;]<\/p>\n","protected":false},"author":4,"featured_media":2060,"comment_status":"open","ping_status":"open","sticky":false,"template":"","format":"standard","meta":{"footnotes":""},"categories":[9,1],"tags":[25,35,315,369],"class_list":["post-2033","post","type-post","status-publish","format-standard","has-post-thumbnail","hentry","category-eventos","category-sin-categoria","tag-alicante","tag-cartagena","tag-networking","tag-tot-en-rus"],"_links":{"self":[{"href":"https:\/\/urbincasa.es\/blog\/wp-json\/wp\/v2\/posts\/2033","targetHints":{"allow":["GET"]}}],"collection":[{"href":"https:\/\/urbincasa.es\/blog\/wp-json\/wp\/v2\/posts"}],"about":[{"href":"https:\/\/urbincasa.es\/blog\/wp-json\/wp\/v2\/types\/post"}],"author":[{"embeddable":true,"href":"https:\/\/urbincasa.es\/blog\/wp-json\/wp\/v2\/users\/4"}],"replies":[{"embeddable":true,"href":"https:\/\/urbincasa.es\/blog\/wp-json\/wp\/v2\/comments?post=2033"}],"version-history":[{"count":22,"href":"https:\/\/urbincasa.es\/blog\/wp-json\/wp\/v2\/posts\/2033\/revisions"}],"predecessor-version":[{"id":2070,"href":"https:\/\/urbincasa.es\/blog\/wp-json\/wp\/v2\/posts\/2033\/revisions\/2070"}],"wp:featuredmedia":[{"embeddable":true,"href":"https:\/\/urbincasa.es\/blog\/wp-json\/wp\/v2\/media\/2060"}],"wp:attachment":[{"href":"https:\/\/urbincasa.es\/blog\/wp-json\/wp\/v2\/media?parent=2033"}],"wp:term":[{"taxonomy":"category","embeddable":true,"href":"https:\/\/urbincasa.es\/blog\/wp-json\/wp\/v2\/categories?post=2033"},{"taxonomy":"post_tag","embeddable":true,"href":"https:\/\/urbincasa.es\/blog\/wp-json\/wp\/v2\/tags?post=2033"}],"curies":[{"name":"wp","href":"https:\/\/api.w.org\/{rel}","templated":true}]}}