{"id":2097,"date":"2013-07-11T09:21:35","date_gmt":"2013-07-11T07:21:35","guid":{"rendered":"https:\/\/urbincasa.es\/blog\/?p=2097"},"modified":"2015-06-25T17:45:00","modified_gmt":"2015-06-25T15:45:00","slug":"presumiendo-de-pisos-en-cartagena","status":"publish","type":"post","link":"https:\/\/urbincasa.es\/blog\/2013\/07\/presumiendo-de-pisos-en-cartagena\/","title":{"rendered":"Presumiendo de pisos en Cartagena"},"content":{"rendered":"<div id=\"bsf_rt_marker\"><\/div><p>Lo prometido es deuda. Llevamos unas semanas cont\u00e1ndoos que nuestro equipo de decoraci\u00f3n estaba trabajando en los pisos piloto de nuestro <a title=\"Casas en Cartagena\" href=\"https:\/\/urbincasa.es\/inmobiliaria\/es\/promociones\/3\/cartagena\/residencial-zarzuela\/9\/?fuente=CDblog\">Residencial Zarzuela en Cartagena<\/a> y ya los tenemos listos para que los ve\u00e1is.\u00a0<!--more--><\/p>\n<p>El equipo de decoraci\u00f3n de <a href=\"http:\/\/www.urbincasa.es\">Urbincasa<\/a> ha terminado ya los dos pisos pilotos que tenemos abiertos al p\u00fablico en Zarzuela &#8211; Cartagena -.<\/p>\n<p>El primero que os ense\u00f1amos se trata del 6\u00baG de Zarzuela 2. Un maravilloso piso de dos dormitorios.<\/p>\n<p>Destacamos de la decoraci\u00f3n de esta vivienda el uso del papel pintado tanto en el sal\u00f3n como en uno de los dormitorios. Una manera de dar <strong>color y textura a las habitaciones.\u00a0<\/strong><\/p>\n<div id='gallery-1' class='gallery galleryid-2097 gallery-columns-3 gallery-size-thumbnail'><figure class='gallery-item'>\n\t\t\t<div class='gallery-icon landscape'>\n\t\t\t\t<a href='https:\/\/urbincasa.es\/blog\/2013\/07\/presumiendo-de-pisos-en-cartagena\/piso-zarzuela-cartagena-1-small\/'><img loading=\"lazy\" decoding=\"async\" width=\"150\" height=\"150\" src=\"https:\/\/urbincasa.es\/blog\/wp-content\/uploads\/2013\/07\/Piso-Zarzuela-Cartagena-1-Small-150x150.jpg\" class=\"attachment-thumbnail size-thumbnail\" alt=\"Piso en Cartagena\" aria-describedby=\"gallery-1-2099\" \/><\/a>\n\t\t\t<\/div>\n\t\t\t\t<figcaption class='wp-caption-text gallery-caption' id='gallery-1-2099'>\n\t\t\t\tPiso en Cartagena\n\t\t\t\t<\/figcaption><\/figure><figure class='gallery-item'>\n\t\t\t<div class='gallery-icon landscape'>\n\t\t\t\t<a href='https:\/\/urbincasa.es\/blog\/2013\/07\/presumiendo-de-pisos-en-cartagena\/piso-zarzuela-cartagena-7-small\/'><img loading=\"lazy\" decoding=\"async\" width=\"150\" height=\"150\" src=\"https:\/\/urbincasa.es\/blog\/wp-content\/uploads\/2013\/07\/Piso-Zarzuela-Cartagena-7-Small-150x150.jpg\" class=\"attachment-thumbnail size-thumbnail\" alt=\"Piso en Cartagena\" aria-describedby=\"gallery-1-2100\" \/><\/a>\n\t\t\t<\/div>\n\t\t\t\t<figcaption class='wp-caption-text gallery-caption' id='gallery-1-2100'>\n\t\t\t\tPiso en Cartagena\n\t\t\t\t<\/figcaption><\/figure><figure class='gallery-item'>\n\t\t\t<div class='gallery-icon landscape'>\n\t\t\t\t<a href='https:\/\/urbincasa.es\/blog\/2013\/07\/presumiendo-de-pisos-en-cartagena\/piso-zarzuela-cartagena-8-small\/'><img loading=\"lazy\" decoding=\"async\" width=\"150\" height=\"150\" src=\"https:\/\/urbincasa.es\/blog\/wp-content\/uploads\/2013\/07\/Piso-Zarzuela-Cartagena-8-Small-150x150.jpg\" class=\"attachment-thumbnail size-thumbnail\" alt=\"Piso en Cartagena\" aria-describedby=\"gallery-1-2101\" \/><\/a>\n\t\t\t<\/div>\n\t\t\t\t<figcaption class='wp-caption-text gallery-caption' id='gallery-1-2101'>\n\t\t\t\tPiso en Cartagena\n\t\t\t\t<\/figcaption><\/figure>\n\t\t<\/div>\n\n<p>Adem\u00e1s del piso de Zarzuela 2, tambi\u00e9n tenemos reci\u00e9n amueblado una de nuestras joyas: los <strong>\u00e1ticos de Zarzuela<\/strong>.<\/p>\n<p>En este caso el color predominante es el blanco con algunos toques plateados. Adem\u00e1s, para dar m\u00e1s alegr\u00eda, en cada estancia \u00a0se ha elegido una tonalidad y se ha combinado los colores base con toques de esos colores a trav\u00e9s de los cojines, los cabeceros, etc.<\/p>\n<p>Otro aspecto a destacar es que la decoradora en esta ocasi\u00f3n ha utilizado una de las habitaciones para montar un estiloso comedor separado del sal\u00f3n y m\u00e1s cercano a la cocina.<\/p>\n<p>Aqu\u00ed ten\u00e9is algunas fotos de c\u00f3mo ha quedado el <strong>\u00e1tico en Cartagena.<\/strong><\/p>\n<div id='gallery-2' class='gallery galleryid-2097 gallery-columns-2 gallery-size-thumbnail'><figure class='gallery-item'>\n\t\t\t<div class='gallery-icon landscape'>\n\t\t\t\t<a href='https:\/\/urbincasa.es\/blog\/2013\/07\/presumiendo-de-pisos-en-cartagena\/dsc_0660-small\/'><img loading=\"lazy\" decoding=\"async\" width=\"150\" height=\"150\" src=\"https:\/\/urbincasa.es\/blog\/wp-content\/uploads\/2013\/07\/DSC_0660-Small-150x150.jpg\" class=\"attachment-thumbnail size-thumbnail\" alt=\"\u00e1tico en cartagena\" aria-describedby=\"gallery-2-2105\" \/><\/a>\n\t\t\t<\/div>\n\t\t\t\t<figcaption class='wp-caption-text gallery-caption' id='gallery-2-2105'>\n\t\t\t\t\u00e1tico en cartagena\n\t\t\t\t<\/figcaption><\/figure><figure class='gallery-item'>\n\t\t\t<div class='gallery-icon landscape'>\n\t\t\t\t<a href='https:\/\/urbincasa.es\/blog\/2013\/07\/presumiendo-de-pisos-en-cartagena\/dsc_0652-small\/'><img loading=\"lazy\" decoding=\"async\" width=\"150\" height=\"150\" src=\"https:\/\/urbincasa.es\/blog\/wp-content\/uploads\/2013\/07\/DSC_0652-Small-150x150.jpg\" class=\"attachment-thumbnail size-thumbnail\" alt=\"\u00e1tico en cartagena\" aria-describedby=\"gallery-2-2102\" \/><\/a>\n\t\t\t<\/div>\n\t\t\t\t<figcaption class='wp-caption-text gallery-caption' id='gallery-2-2102'>\n\t\t\t\t\u00e1tico en cartagena\n\t\t\t\t<\/figcaption><\/figure><figure class='gallery-item'>\n\t\t\t<div class='gallery-icon landscape'>\n\t\t\t\t<a href='https:\/\/urbincasa.es\/blog\/2013\/07\/presumiendo-de-pisos-en-cartagena\/dsc_0722-small\/'><img loading=\"lazy\" decoding=\"async\" width=\"150\" height=\"150\" src=\"https:\/\/urbincasa.es\/blog\/wp-content\/uploads\/2013\/07\/DSC_0722-Small-150x150.jpg\" class=\"attachment-thumbnail size-thumbnail\" alt=\"\u00e1tico en cartagena\" aria-describedby=\"gallery-2-2103\" \/><\/a>\n\t\t\t<\/div>\n\t\t\t\t<figcaption class='wp-caption-text gallery-caption' id='gallery-2-2103'>\n\t\t\t\t\u00e1tico en cartagena\n\t\t\t\t<\/figcaption><\/figure><figure class='gallery-item'>\n\t\t\t<div class='gallery-icon landscape'>\n\t\t\t\t<a href='https:\/\/urbincasa.es\/blog\/2013\/07\/presumiendo-de-pisos-en-cartagena\/dsc_0768-small\/'><img loading=\"lazy\" decoding=\"async\" width=\"150\" height=\"150\" src=\"https:\/\/urbincasa.es\/blog\/wp-content\/uploads\/2013\/07\/DSC_0768-Small-150x150.jpg\" class=\"attachment-thumbnail size-thumbnail\" alt=\"\u00e1tico en cartagena\" aria-describedby=\"gallery-2-2104\" \/><\/a>\n\t\t\t<\/div>\n\t\t\t\t<figcaption class='wp-caption-text gallery-caption' id='gallery-2-2104'>\n\t\t\t\t\u00e1tico en cartagena\n\t\t\t\t<\/figcaption><\/figure>\n\t\t<\/div>\n\n<p>\u00c9stas son s\u00f3lo algunas fotos, el resto las pod\u00e9is ver en <a href=\"http:\/\/www.flickr.com\/photos\/urbincasa\/\">nuestro perfil de Flickr<\/a>\u00a0y si lo que quieres es <strong>visitarlos<\/strong> y verlos in situ, llamad al<strong> 968.510.380<\/strong><\/p>\n<h2>Te puede interesar ver en nuestro blog otras\u00a0<a title=\"Casas en Cartagena\" href=\"https:\/\/urbincasa.es\/blog\/category\/viviendas-cartagena\/\" target=\"_blank\">viviendas destacadas en Cartagena<\/a><\/h2>\n","protected":false},"excerpt":{"rendered":"<p>Lo prometido es deuda. Llevamos unas semanas cont\u00e1ndoos que nuestro equipo de decoraci\u00f3n estaba trabajando en los pisos piloto de nuestro Residencial Zarzuela en Cartagena y ya los tenemos listos para que los ve\u00e1is.\u00a0<\/p>\n","protected":false},"author":4,"featured_media":2099,"comment_status":"open","ping_status":"open","sticky":false,"template":"","format":"standard","meta":{"footnotes":""},"categories":[8,281,23],"tags":[35,703,294,374,121],"class_list":["post-2097","post","type-post","status-publish","format-standard","has-post-thumbnail","hentry","category-decoracion","category-urbincasashop","category-viviendas-cartagena","tag-cartagena","tag-decoracion","tag-inmobiliaria","tag-piso-piloto","tag-residencial-zarzuela"],"_links":{"self":[{"href":"https:\/\/urbincasa.es\/blog\/wp-json\/wp\/v2\/posts\/2097","targetHints":{"allow":["GET"]}}],"collection":[{"href":"https:\/\/urbincasa.es\/blog\/wp-json\/wp\/v2\/posts"}],"about":[{"href":"https:\/\/urbincasa.es\/blog\/wp-json\/wp\/v2\/types\/post"}],"author":[{"embeddable":true,"href":"https:\/\/urbincasa.es\/blog\/wp-json\/wp\/v2\/users\/4"}],"replies":[{"embeddable":true,"href":"https:\/\/urbincasa.es\/blog\/wp-json\/wp\/v2\/comments?post=2097"}],"version-history":[{"count":17,"href":"https:\/\/urbincasa.es\/blog\/wp-json\/wp\/v2\/posts\/2097\/revisions"}],"predecessor-version":[{"id":2142,"href":"https:\/\/urbincasa.es\/blog\/wp-json\/wp\/v2\/posts\/2097\/revisions\/2142"}],"wp:featuredmedia":[{"embeddable":true,"href":"https:\/\/urbincasa.es\/blog\/wp-json\/wp\/v2\/media\/2099"}],"wp:attachment":[{"href":"https:\/\/urbincasa.es\/blog\/wp-json\/wp\/v2\/media?parent=2097"}],"wp:term":[{"taxonomy":"category","embeddable":true,"href":"https:\/\/urbincasa.es\/blog\/wp-json\/wp\/v2\/categories?post=2097"},{"taxonomy":"post_tag","embeddable":true,"href":"https:\/\/urbincasa.es\/blog\/wp-json\/wp\/v2\/tags?post=2097"}],"curies":[{"name":"wp","href":"https:\/\/api.w.org\/{rel}","templated":true}]}}