{"id":212,"date":"2010-05-31T10:08:20","date_gmt":"2010-05-31T09:08:20","guid":{"rendered":"https:\/\/urbincasa.es\/blog\/?p=212"},"modified":"2013-04-29T18:00:20","modified_gmt":"2013-04-29T16:00:20","slug":"urbincasa-distinguida-con-el-premio-a-la-responsabilidad-social","status":"publish","type":"post","link":"https:\/\/urbincasa.es\/blog\/2010\/05\/urbincasa-distinguida-con-el-premio-a-la-responsabilidad-social\/","title":{"rendered":"URBINCASA distinguida con el Premio a la Responsabilidad Social"},"content":{"rendered":"<div id=\"bsf_rt_marker\"><\/div><p>El pasado 27\/05\/2010 <a href=\"http:\/\/www.urbincasa.es\">URBINCASA<\/a> ha sido distinguida por <a href=\"http:\/\/www.frecom.com\/\">FRECOM<\/a>, en la categor\u00eda de <strong>Premio a la Responsabilidad Social<\/strong>, reconociendo el esfuerzo realizado en adaptar nuestra estructura de producci\u00f3n a la demanda social, y por sus actuaciones en materia de seguridad y salud, gesti\u00f3n medioambiental, promoci\u00f3n laboral y social.<\/p>\n<p>Pod\u00e9is ver en la web nuestra secci\u00f3n de <a href=\"https:\/\/urbincasa.es\/inmobiliaria\/es\/comprometidos\/11\">Responsabilidad Social<\/a><\/p>\n<p>Algunas fotos del acto y su <a title=\"Premio Urbincasa en La Verdad.\" href=\"http:\/\/www.laverdad.es\/murcia\/v\/20100528\/region\/constructores-premian-dirigente-consejero-20100528.html\" target=\"_blank\">menci\u00f3n en prensa.<\/a><\/p>\n<p style=\"text-align: center;\">[slideshow id=10]<\/p>\n","protected":false},"excerpt":{"rendered":"<p>El pasado 27\/05\/2010 URBINCASA ha sido distinguida por FRECOM, en la categor\u00eda de Premio a la Responsabilidad Social, reconociendo el esfuerzo realizado en adaptar nuestra estructura de producci\u00f3n a la demanda social, y por sus actuaciones en materia de seguridad y salud, gesti\u00f3n medioambiental, promoci\u00f3n laboral y social. Pod\u00e9is ver en la web nuestra secci\u00f3n [&hellip;]<\/p>\n","protected":false},"author":3,"featured_media":1690,"comment_status":"open","ping_status":"open","sticky":false,"template":"","format":"standard","meta":{"footnotes":""},"categories":[11],"tags":[705,149,111,122],"class_list":["post-212","post","type-post","status-publish","format-standard","has-post-thumbnail","hentry","category-informacion","tag-informacion","tag-iniciativas","tag-premios","tag-responsabilidad-social"],"_links":{"self":[{"href":"https:\/\/urbincasa.es\/blog\/wp-json\/wp\/v2\/posts\/212","targetHints":{"allow":["GET"]}}],"collection":[{"href":"https:\/\/urbincasa.es\/blog\/wp-json\/wp\/v2\/posts"}],"about":[{"href":"https:\/\/urbincasa.es\/blog\/wp-json\/wp\/v2\/types\/post"}],"author":[{"embeddable":true,"href":"https:\/\/urbincasa.es\/blog\/wp-json\/wp\/v2\/users\/3"}],"replies":[{"embeddable":true,"href":"https:\/\/urbincasa.es\/blog\/wp-json\/wp\/v2\/comments?post=212"}],"version-history":[{"count":2,"href":"https:\/\/urbincasa.es\/blog\/wp-json\/wp\/v2\/posts\/212\/revisions"}],"predecessor-version":[{"id":1686,"href":"https:\/\/urbincasa.es\/blog\/wp-json\/wp\/v2\/posts\/212\/revisions\/1686"}],"wp:featuredmedia":[{"embeddable":true,"href":"https:\/\/urbincasa.es\/blog\/wp-json\/wp\/v2\/media\/1690"}],"wp:attachment":[{"href":"https:\/\/urbincasa.es\/blog\/wp-json\/wp\/v2\/media?parent=212"}],"wp:term":[{"taxonomy":"category","embeddable":true,"href":"https:\/\/urbincasa.es\/blog\/wp-json\/wp\/v2\/categories?post=212"},{"taxonomy":"post_tag","embeddable":true,"href":"https:\/\/urbincasa.es\/blog\/wp-json\/wp\/v2\/tags?post=212"}],"curies":[{"name":"wp","href":"https:\/\/api.w.org\/{rel}","templated":true}]}}