{"id":2121,"date":"2013-07-15T09:30:59","date_gmt":"2013-07-15T07:30:59","guid":{"rendered":"https:\/\/urbincasa.es\/blog\/?p=2121"},"modified":"2013-12-03T11:28:15","modified_gmt":"2013-12-03T09:28:15","slug":"julio-suena-a-la-mar-de-musicas","status":"publish","type":"post","link":"https:\/\/urbincasa.es\/blog\/2013\/07\/julio-suena-a-la-mar-de-musicas\/","title":{"rendered":"Julio suena a La mar de M\u00fasicas"},"content":{"rendered":"<div id=\"bsf_rt_marker\"><\/div><p>El mes de julio en <strong>Cartagena<\/strong> se llena de m\u00fasica cada a\u00f1o con el festival La Mar de M\u00fasicas que acerca a la ciudad, no solo los sonidos, si no tambi\u00e9n la cultura de un pa\u00eds invitado. En esta edici\u00f3n el festival gira entorno a <strong>Per\u00fa.<!--more--> <\/strong><\/p>\n<figure id=\"attachment_2126\" aria-describedby=\"caption-attachment-2126\" style=\"width: 216px\" class=\"wp-caption alignleft\"><a href=\"https:\/\/urbincasa.es\/blog\/wp-content\/uploads\/2013\/07\/Cartel2013+logos11.png\"><img loading=\"lazy\" decoding=\"async\" class=\"size-medium wp-image-2126\" alt=\"la mar de m\u00fasicas 2013\" src=\"https:\/\/urbincasa.es\/blog\/wp-content\/uploads\/2013\/07\/Cartel2013+logos11-216x300.png\" width=\"216\" height=\"300\" srcset=\"https:\/\/urbincasa.es\/blog\/wp-content\/uploads\/2013\/07\/Cartel2013+logos11-216x300.png 216w, https:\/\/urbincasa.es\/blog\/wp-content\/uploads\/2013\/07\/Cartel2013+logos11.png 412w\" sizes=\"auto, (max-width: 216px) 100vw, 216px\" \/><\/a><figcaption id=\"caption-attachment-2126\" class=\"wp-caption-text\">la mar de m\u00fasicas 2013<\/figcaption><\/figure>\n<p><strong>La mar de m\u00fasicas<\/strong> ha conseguido hacerse un hueco importante en el panorama nacional por su filosof\u00eda de dar a conocer m\u00fasicas desconocidas para el gran p\u00fablico y por las actividades paralelas que surgen alrededor del programa musical.<\/p>\n<p>De esta manera, adem\u00e1s de los conciertos, en Cartagena disfrutamos de toda una programaci\u00f3n cultural que muestra la realidad del pa\u00eds invitado en cuestiones como la literatura, el cine o el arte.<\/p>\n<p>El 2011 fue el continente africano el protagonista que tom\u00f3 el relevo de Italia o Colombia y en esta ocasi\u00f3n Per\u00fa centrar\u00e1 las tertulias literarias, las exposiciones de arte y tambi\u00e9n el programa cinematogr\u00e1fico en el que se pueden ver 10 pel\u00edculas totalmente gratis en el Nuevo Teatro Circo.<\/p>\n<p>Ya sab\u00e9is, este mes en Cartagena, \u00a1suena la m\u00fasica!<\/p>\n<p>Puedes <a href=\"http:\/\/www.decartagena.info\/cartagena-programacion-la-mar-de-musicas-2013-peru\/\">descargar la programaci\u00f3n de La Mar de M\u00fasicas 2013<\/a><\/p>\n<p><a href=\"https:\/\/urbincasa.es\/blog\/category\/vivir-en-cartagena\/\"><img loading=\"lazy\" decoding=\"async\" class=\"aligncenter size-medium wp-image-2834\" alt=\"VIVIR EN CARTAGENA\" src=\"https:\/\/urbincasa.es\/blog\/wp-content\/uploads\/2013\/12\/VIVIRENCARTAGENA-300x150.png\" width=\"300\" height=\"150\" srcset=\"https:\/\/urbincasa.es\/blog\/wp-content\/uploads\/2013\/12\/VIVIRENCARTAGENA-300x150.png 300w, https:\/\/urbincasa.es\/blog\/wp-content\/uploads\/2013\/12\/VIVIRENCARTAGENA.png 400w\" sizes=\"auto, (max-width: 300px) 100vw, 300px\" \/><\/a><\/p>\n","protected":false},"excerpt":{"rendered":"<p>El mes de julio en Cartagena se llena de m\u00fasica cada a\u00f1o con el festival La Mar de M\u00fasicas que acerca a la ciudad, no solo los sonidos, si no tambi\u00e9n la cultura de un pa\u00eds invitado. En esta edici\u00f3n el festival gira entorno a Per\u00fa.<\/p>\n","protected":false},"author":4,"featured_media":2126,"comment_status":"open","ping_status":"open","sticky":false,"template":"","format":"standard","meta":{"footnotes":""},"categories":[247],"tags":[35,269,376,375],"class_list":["post-2121","post","type-post","status-publish","format-standard","has-post-thumbnail","hentry","category-vivir-en-cartagena","tag-cartagena","tag-cultura","tag-festival","tag-musica"],"_links":{"self":[{"href":"https:\/\/urbincasa.es\/blog\/wp-json\/wp\/v2\/posts\/2121","targetHints":{"allow":["GET"]}}],"collection":[{"href":"https:\/\/urbincasa.es\/blog\/wp-json\/wp\/v2\/posts"}],"about":[{"href":"https:\/\/urbincasa.es\/blog\/wp-json\/wp\/v2\/types\/post"}],"author":[{"embeddable":true,"href":"https:\/\/urbincasa.es\/blog\/wp-json\/wp\/v2\/users\/4"}],"replies":[{"embeddable":true,"href":"https:\/\/urbincasa.es\/blog\/wp-json\/wp\/v2\/comments?post=2121"}],"version-history":[{"count":9,"href":"https:\/\/urbincasa.es\/blog\/wp-json\/wp\/v2\/posts\/2121\/revisions"}],"predecessor-version":[{"id":2138,"href":"https:\/\/urbincasa.es\/blog\/wp-json\/wp\/v2\/posts\/2121\/revisions\/2138"}],"wp:featuredmedia":[{"embeddable":true,"href":"https:\/\/urbincasa.es\/blog\/wp-json\/wp\/v2\/media\/2126"}],"wp:attachment":[{"href":"https:\/\/urbincasa.es\/blog\/wp-json\/wp\/v2\/media?parent=2121"}],"wp:term":[{"taxonomy":"category","embeddable":true,"href":"https:\/\/urbincasa.es\/blog\/wp-json\/wp\/v2\/categories?post=2121"},{"taxonomy":"post_tag","embeddable":true,"href":"https:\/\/urbincasa.es\/blog\/wp-json\/wp\/v2\/tags?post=2121"}],"curies":[{"name":"wp","href":"https:\/\/api.w.org\/{rel}","templated":true}]}}