{"id":216,"date":"2010-06-01T09:25:46","date_gmt":"2010-06-01T08:25:46","guid":{"rendered":"https:\/\/urbincasa.es\/blog\/?p=216"},"modified":"2010-06-01T09:25:46","modified_gmt":"2010-06-01T08:25:46","slug":"primer-flashmob-en-cartagena-el%e2%80%9cmaking-of%e2%80%9d-como-se-hizo","status":"publish","type":"post","link":"https:\/\/urbincasa.es\/blog\/2010\/06\/primer-flashmob-en-cartagena-el%e2%80%9cmaking-of%e2%80%9d-como-se-hizo\/","title":{"rendered":"PRIMER FLASHMOB EN CARTAGENA. EL\u201cMAKING OF\u201d. C\u00d3MO SE HIZO."},"content":{"rendered":"<div id=\"bsf_rt_marker\"><\/div><p>La primera vez que o\u00edmos hablar del <a title=\"Flashmob wikipedia\" href=\"http:\/\/es.wikipedia.org\/wiki\/Flashmob\" target=\"_blank\">Flashmob<\/a> enseguida detectamos que all\u00ed hab\u00eda una muy <strong>buena opci\u00f3n para divertirnos un rato,<\/strong> y adem\u00e1s pod\u00edamos incluso promocionar a la compa\u00f1\u00eda. As\u00ed que contactamos inmediatamente con el grupo coreogr\u00e1fico que hab\u00eda ganado uno de los primeros premios del festival de baile del <strong>Carnaval de Cartagena <\/strong>en 2010. La<a title=\"Premio Comparsa Paraiso\" href=\"http:\/\/especiales-murcia.laverdad.es\/carnaval-murcia-cartagena\/887-veinte-comparsas-desafian-al-frio-y-acompanan-a-don-carnal-en-su-desfile\" target=\"_blank\"> comparsa Para\u00edso del Pol\u00edgono de Santa Ana<\/a>.<br \/>\nLes ense\u00f1amos un par de v\u00eddeos de flashmob y les preguntamos si ser\u00edan capaces de organizar una coreograf\u00eda en tiempo record en la que interviniesen un m\u00ednimo de 50 o 60 bailarines.<br \/>\n<strong>Dicho y hecho, las chicas y chicos del grupo ya se sab\u00edan de memoria el baile<\/strong> incluso antes de que<\/p>\n<figure id=\"attachment_219\" aria-describedby=\"caption-attachment-219\" style=\"width: 251px\" class=\"wp-caption alignright\"><img loading=\"lazy\" decoding=\"async\" class=\"size-medium  wp-image-219  \" style=\"margin: 0px;\" title=\"flashmob_ct\" src=\"https:\/\/urbincasa.es\/blog\/wp-content\/uploads\/2010\/06\/flashmob_ct-300x168.jpg\" alt=\"\" width=\"251\" height=\"140\" srcset=\"https:\/\/urbincasa.es\/blog\/wp-content\/uploads\/2010\/06\/flashmob_ct-300x168.jpg 300w, https:\/\/urbincasa.es\/blog\/wp-content\/uploads\/2010\/06\/flashmob_ct-500x281.jpg 500w, https:\/\/urbincasa.es\/blog\/wp-content\/uploads\/2010\/06\/flashmob_ct.jpg 1024w\" sizes=\"auto, (max-width: 251px) 100vw, 251px\" \/><figcaption id=\"caption-attachment-219\" class=\"wp-caption-text\">Flashmob en  acci\u00f3n<\/figcaption><\/figure>\n<p>consigui\u00e9semos los permisos para poder organizar el evento. <strong>Pensamos en distintas ubicaciones<\/strong> pero al final nos pareci\u00f3 m\u00e1s adecuado hacerlo en un espacio cerrado y transitado.\u00a0 Nada mejor para ello que el<a title=\"El centro comercial\" href=\"http:\/\/www.espaciomediterraneo.net\/\" target=\"_blank\"> Centro Comercial Espacio Mediterr\u00e1neo de Cartagena<\/a>. Ya hemos estado en tratos con ellos en varias ocasiones as\u00ed que contamos con su colaboraci\u00f3n y adem\u00e1s nos dejaron la plaza central del centro comercial para realizar el baile.<strong> Por fin, llego el d\u00eda 29 de Mayo, s\u00e1bado, siete de la tarde,<\/strong> espl\u00e9ndido d\u00eda de sol y playa, jugando Espa\u00f1a su primer amistoso para el mundial, y a continuaci\u00f3n el Cartagena se jugaba gran parte de sus aspiraciones para el ascenso a primera\u2026.<strong> \u00a1Ufff! Qu\u00e9 mal panorama. \u00bfestar\u00e1 desierto el centro comercial? <\/strong>El caso es que dentro el Espacio Mediterr\u00e1neo se estaba fresquito. Casi todos los bares y restaurantes ten\u00edan el futbol en sus TVs as\u00ed que al final hab\u00eda bastante p\u00fablico de compras o de paseo. <strong>A las 19:15 se puso la m\u00fasica en marcha <\/strong>\u2013 I\u2019ve got a feeling de Black Eyed Peas- y empez\u00f3 el espect\u00e1culo.<strong> La plaza central se llen\u00f3 de bailarines y toda la terraza superior se congestion\u00f3 con curiosos.<\/strong> <strong>El pase de las 20:15 estuvo a\u00fan mejor.<\/strong> Se sumaron curiosos al baile. Las madres de las artistas bajaron por las escaleras mec\u00e1nicas improvisando su particular coreograf\u00eda. Los espectadores coreaban la m\u00fasica.<br \/>\n<strong>\u00a1Estupendo! El grupo coreogr\u00e1fico se lo pas\u00f3 tan bien que quer\u00edan seguir haciendo m\u00e1s pases. <\/strong>En el centro comercial. En la calle. Donde fuese. Se lo hab\u00edan pasado bomba. A la salida me encontr\u00e9 con un antiguo y excelente compa\u00f1ero de EGB (ahora se llama Primaria ya lo s\u00e9, pero seguir\u00e9 pensando en t\u00e9rminos de EGB y de pesetas hasta que me muera, je je). Bueno, <strong>mi amigo me pregunt\u00f3 que si hab\u00eda visto el baile.<\/strong> Me dec\u00eda que se sorprendieron \u00e9l y su esposa de c\u00f3mo todo esa gente se puso a bailar espont\u00e1neamente y se sab\u00edan el paso de baile.  \u00a1Prueba conseguida! <strong>Una de las principales metas del flashmob es conseguir que el espectador crea que el hecho de que se sumen a \u00e9l m\u00e1s y m\u00e1s espectadores, es espont\u00e1neo<\/strong>.  Ah, no dej\u00e9is de ver el video en YouTube.<strong> Y si os ha gustado, por favor, mandar el enlace a vuestras amistades.<\/strong> Que vean que en Murcia, <strong>en Cartagena estamos tambi\u00e9n a  la vanguardia de las nuevas t\u00e9cnicas de comunicaci\u00f3n.<\/strong><\/p>\n<p><strong> <\/strong><\/p>\n<p style=\"text-align: center;\"><strong><strong>[youtube T1Z9l0qGC0Q]<\/strong><\/strong><\/p>\n<p><strong> <\/strong><\/p>\n<p><strong><br \/>\n<\/strong><\/p>\n","protected":false},"excerpt":{"rendered":"<p>La primera vez que o\u00edmos hablar del Flashmob enseguida detectamos que all\u00ed hab\u00eda una muy buena opci\u00f3n para divertirnos un rato, y adem\u00e1s pod\u00edamos incluso promocionar a la compa\u00f1\u00eda. As\u00ed que contactamos inmediatamente con el grupo coreogr\u00e1fico que hab\u00eda ganado uno de los primeros premios del festival de baile del Carnaval de Cartagena en 2010. [&hellip;]<\/p>\n","protected":false},"author":3,"featured_media":0,"comment_status":"closed","ping_status":"open","sticky":false,"template":"","format":"standard","meta":{"footnotes":""},"categories":[9,11],"tags":[35,68,149],"class_list":["post-216","post","type-post","status-publish","format-standard","hentry","category-eventos","category-informacion","tag-cartagena","tag-flashmob","tag-iniciativas"],"_links":{"self":[{"href":"https:\/\/urbincasa.es\/blog\/wp-json\/wp\/v2\/posts\/216","targetHints":{"allow":["GET"]}}],"collection":[{"href":"https:\/\/urbincasa.es\/blog\/wp-json\/wp\/v2\/posts"}],"about":[{"href":"https:\/\/urbincasa.es\/blog\/wp-json\/wp\/v2\/types\/post"}],"author":[{"embeddable":true,"href":"https:\/\/urbincasa.es\/blog\/wp-json\/wp\/v2\/users\/3"}],"replies":[{"embeddable":true,"href":"https:\/\/urbincasa.es\/blog\/wp-json\/wp\/v2\/comments?post=216"}],"version-history":[{"count":0,"href":"https:\/\/urbincasa.es\/blog\/wp-json\/wp\/v2\/posts\/216\/revisions"}],"wp:attachment":[{"href":"https:\/\/urbincasa.es\/blog\/wp-json\/wp\/v2\/media?parent=216"}],"wp:term":[{"taxonomy":"category","embeddable":true,"href":"https:\/\/urbincasa.es\/blog\/wp-json\/wp\/v2\/categories?post=216"},{"taxonomy":"post_tag","embeddable":true,"href":"https:\/\/urbincasa.es\/blog\/wp-json\/wp\/v2\/tags?post=216"}],"curies":[{"name":"wp","href":"https:\/\/api.w.org\/{rel}","templated":true}]}}