{"id":2162,"date":"2013-07-17T09:02:36","date_gmt":"2013-07-17T07:02:36","guid":{"rendered":"https:\/\/urbincasa.es\/blog\/?p=2162"},"modified":"2015-06-25T17:27:09","modified_gmt":"2015-06-25T15:27:09","slug":"destacamos-alquiler-cartagena-5-dormitorios","status":"publish","type":"post","link":"https:\/\/urbincasa.es\/blog\/2013\/07\/destacamos-alquiler-cartagena-5-dormitorios\/","title":{"rendered":"Destacamos: Casa de 5 dormitorios en Cartagena (Alquiler)"},"content":{"rendered":"<div id=\"bsf_rt_marker\"><\/div><p>\u00a1Ya tenemos nueva <strong>casa destacada<\/strong>!<\/p>\n<p>Esta semana hemos decidido recomendaros una <strong>vivienda en alquiler<\/strong>, ya que sin darnos cuenta, las tres anteriores han sido inmuebles a la venta.\u00a0<!--more--><\/p>\n<p>En esta ocasi\u00f3n y como contraposici\u00f3n al art\u00edculos de <a href=\"https:\/\/urbincasa.es\/blog\/2013\/06\/pisos-un-dormitorio-alquiler-en-cartagena\/\">Pisos con un dormitorio<\/a> os traemos una vivienda con nada menos que <strong>5 habitaciones<\/strong>.<\/p>\n<figure id=\"attachment_2170\" aria-describedby=\"caption-attachment-2170\" style=\"width: 150px\" class=\"wp-caption alignleft\"><a href=\"https:\/\/urbincasa.es\/blog\/wp-content\/uploads\/2013\/07\/sala-de-m\u00fasica.png\"><img loading=\"lazy\" decoding=\"async\" class=\"size-thumbnail wp-image-2170\" alt=\"alquiler cartagena\" src=\"https:\/\/urbincasa.es\/blog\/wp-content\/uploads\/2013\/07\/sala-de-m\u00fasica-150x150.png\" width=\"150\" height=\"150\" \/><\/a><figcaption id=\"caption-attachment-2170\" class=\"wp-caption-text\">sala de m\u00fasica<\/figcaption><\/figure>\n<p>Una vivienda perfecta para familias numerosas, pero tambi\u00e9n para aquellos que teng\u00e1is muchos invitados a menudo o para los que trabajan en casa y necesitan espacios exclusivamente para poder concentrarse en sus tareas incluso para un buen amante de la m\u00fasica que quiera montar su \u00absantuario musical\u00bb o de las letras con espacio para una verdadera biblioteca personal.<\/p>\n<p><strong>\u00bfPor qu\u00e9 la destacamos?<\/strong><\/p>\n<p>&#8211;<span style=\"text-decoration: underline;\"> Por sus cinco habitaciones<\/span>: el espacio puede ser en ocasiones un verdadero problema pero en esta casa eso se ha terminado<\/p>\n<p>&#8211;<span style=\"text-decoration: underline;\"> Por su equipamiento:<\/span> La vivienda cuenta con una cocina completamente equipada con electrodom\u00e9sticos de l\u00ednea moderna en alumninio y aire acondicionado<\/p>\n<p>&#8211; <span style=\"text-decoration: underline;\">Por su localizaci\u00f3n:<\/span> Se encuentra en ciudad jard\u00edn, un barrio tranquilo y familiar perfecto para poder ir al centro de <a title=\"Casas en Cartagena\" href=\"https:\/\/urbincasa.es\/inmobiliaria\/es\/promociones\/3\/cartagena\" target=\"_blank\">Cartagena<\/a> andando.<\/p>\n<p>&#8211; <span style=\"text-decoration: underline;\">Por sus espacios al aire libre:<\/span> el porche de la planta baja es un espacio genial para desayunar o tener a los ni\u00f1os controlados mientras los adultos est\u00e1n dentro de casa y la terraza superior har\u00e1 que las delicias de sus invitados (y no solo de ellos)<\/p>\n<p>&#8211; <span style=\"text-decoration: underline;\">Por sus ba\u00f1os:<\/span> En una casa con 5 dormitorios cabe mucha gente, el complemento indispensable para tantas habitaciones son los 3 ba\u00f1os.<\/p>\n<p>&#8211; <span style=\"text-decoration: underline;\">Garaje<\/span>: Aunque en ciudad jard\u00edn hay predominio de zona blanca para aparcar (no de pago) siempre es mejor poder tener el veh\u00edculo bajo techo. En esta casa podemos meter en el garaje privado 2 coches sin problema.<\/p>\n<p>&#8211; <span style=\"text-decoration: underline;\">Ascensor<\/span>: Si est\u00e1n empezando a pensar que tres plantas significan muchas escaleras deja de preocuparte porque esta casa cuenta con ascensor para facilitar el acceso a todas las personas.<\/p>\n<div id='gallery-1' class='gallery galleryid-2162 gallery-columns-2 gallery-size-thumbnail'><figure class='gallery-item'>\n\t\t\t<div class='gallery-icon landscape'>\n\t\t\t\t<a href='https:\/\/urbincasa.es\/blog\/2013\/07\/destacamos-alquiler-cartagena-5-dormitorios\/azotea\/'><img loading=\"lazy\" decoding=\"async\" width=\"150\" height=\"150\" src=\"https:\/\/urbincasa.es\/blog\/wp-content\/uploads\/2013\/07\/azotea-150x150.png\" class=\"attachment-thumbnail size-thumbnail\" alt=\"alquiler cartagena\" aria-describedby=\"gallery-1-2166\" \/><\/a>\n\t\t\t<\/div>\n\t\t\t\t<figcaption class='wp-caption-text gallery-caption' id='gallery-1-2166'>\n\t\t\t\tazotea\n\t\t\t\t<\/figcaption><\/figure><figure class='gallery-item'>\n\t\t\t<div class='gallery-icon landscape'>\n\t\t\t\t<a href='https:\/\/urbincasa.es\/blog\/2013\/07\/destacamos-alquiler-cartagena-5-dormitorios\/cocina\/'><img loading=\"lazy\" decoding=\"async\" width=\"150\" height=\"150\" src=\"https:\/\/urbincasa.es\/blog\/wp-content\/uploads\/2013\/07\/cocina-150x150.png\" class=\"attachment-thumbnail size-thumbnail\" alt=\"alquiler cartagena\" aria-describedby=\"gallery-1-2168\" \/><\/a>\n\t\t\t<\/div>\n\t\t\t\t<figcaption class='wp-caption-text gallery-caption' id='gallery-1-2168'>\n\t\t\t\tcocina\n\t\t\t\t<\/figcaption><\/figure><figure class='gallery-item'>\n\t\t\t<div class='gallery-icon landscape'>\n\t\t\t\t<a href='https:\/\/urbincasa.es\/blog\/2013\/07\/destacamos-alquiler-cartagena-5-dormitorios\/porche\/'><img loading=\"lazy\" decoding=\"async\" width=\"150\" height=\"150\" src=\"https:\/\/urbincasa.es\/blog\/wp-content\/uploads\/2013\/07\/porche-150x150.png\" class=\"attachment-thumbnail size-thumbnail\" alt=\"alquiler cartagena\" aria-describedby=\"gallery-1-2169\" \/><\/a>\n\t\t\t<\/div>\n\t\t\t\t<figcaption class='wp-caption-text gallery-caption' id='gallery-1-2169'>\n\t\t\t\tporche\n\t\t\t\t<\/figcaption><\/figure><figure class='gallery-item'>\n\t\t\t<div class='gallery-icon landscape'>\n\t\t\t\t<a href='https:\/\/urbincasa.es\/blog\/2013\/07\/destacamos-alquiler-cartagena-5-dormitorios\/bano\/'><img loading=\"lazy\" decoding=\"async\" width=\"150\" height=\"150\" src=\"https:\/\/urbincasa.es\/blog\/wp-content\/uploads\/2013\/07\/ba\u00f1o-150x150.png\" class=\"attachment-thumbnail size-thumbnail\" alt=\"alquiler cartagena\" aria-describedby=\"gallery-1-2167\" \/><\/a>\n\t\t\t<\/div>\n\t\t\t\t<figcaption class='wp-caption-text gallery-caption' id='gallery-1-2167'>\n\t\t\t\tba\u00f1o\n\t\t\t\t<\/figcaption><\/figure>\n\t\t<\/div>\n\n<p>&nbsp;<\/p>\n<p>&#8211; <span style=\"text-decoration: underline; color: #ff0000;\"><strong>ACTUALIZACI\u00d3N<\/strong><\/span>: Este inmueble <strong>ya est\u00e1 alquilado<\/strong>, puedes ver otras viviendas de 5 dormitorios<a title=\"Casa 5 dormitorios en Cartagena\" href=\"https:\/\/urbincasa.es\/inmobiliaria\/es\/viviendas\/4\/cartagena-playas\/magnifico-duplex-ciudad-jardin\/3716-001632\/?fuente=CDblog\"> AQU\u00ed <\/a>y <a title=\"D\u00faplex 5 dormitorios en Cartagena\" href=\"https:\/\/urbincasa.es\/inmobiliaria\/es\/viviendas\/4\/cartagena-playas\/fantastico-duplex-ramon-cajal\/3716-001719\/?fuente=CDblog\">AQU\u00cd<\/a><\/p>\n<h2>Te puede interesar ver en nuestro blog otras\u00a0<a title=\"Casas en Cartagena\" href=\"https:\/\/urbincasa.es\/blog\/category\/viviendas-cartagena\/\" target=\"_blank\">viviendas destacadas en Cartagena<\/a><\/h2>\n","protected":false},"excerpt":{"rendered":"<p>\u00a1Ya tenemos nueva casa destacada! Esta semana hemos decidido recomendaros una vivienda en alquiler, ya que sin darnos cuenta, las tres anteriores han sido inmuebles a la venta.\u00a0<\/p>\n","protected":false},"author":4,"featured_media":2166,"comment_status":"open","ping_status":"open","sticky":false,"template":"","format":"standard","meta":{"footnotes":""},"categories":[17,281,23],"tags":[378,278,35,379,294,377],"class_list":["post-2162","post","type-post","status-publish","format-standard","has-post-thumbnail","hentry","category-ofertas","category-urbincasashop","category-viviendas-cartagena","tag-5-dormitorios","tag-alquiler","tag-cartagena","tag-ciudad-jardin","tag-inmobiliaria","tag-triplex"],"_links":{"self":[{"href":"https:\/\/urbincasa.es\/blog\/wp-json\/wp\/v2\/posts\/2162","targetHints":{"allow":["GET"]}}],"collection":[{"href":"https:\/\/urbincasa.es\/blog\/wp-json\/wp\/v2\/posts"}],"about":[{"href":"https:\/\/urbincasa.es\/blog\/wp-json\/wp\/v2\/types\/post"}],"author":[{"embeddable":true,"href":"https:\/\/urbincasa.es\/blog\/wp-json\/wp\/v2\/users\/4"}],"replies":[{"embeddable":true,"href":"https:\/\/urbincasa.es\/blog\/wp-json\/wp\/v2\/comments?post=2162"}],"version-history":[{"count":15,"href":"https:\/\/urbincasa.es\/blog\/wp-json\/wp\/v2\/posts\/2162\/revisions"}],"predecessor-version":[{"id":4939,"href":"https:\/\/urbincasa.es\/blog\/wp-json\/wp\/v2\/posts\/2162\/revisions\/4939"}],"wp:featuredmedia":[{"embeddable":true,"href":"https:\/\/urbincasa.es\/blog\/wp-json\/wp\/v2\/media\/2166"}],"wp:attachment":[{"href":"https:\/\/urbincasa.es\/blog\/wp-json\/wp\/v2\/media?parent=2162"}],"wp:term":[{"taxonomy":"category","embeddable":true,"href":"https:\/\/urbincasa.es\/blog\/wp-json\/wp\/v2\/categories?post=2162"},{"taxonomy":"post_tag","embeddable":true,"href":"https:\/\/urbincasa.es\/blog\/wp-json\/wp\/v2\/tags?post=2162"}],"curies":[{"name":"wp","href":"https:\/\/api.w.org\/{rel}","templated":true}]}}