{"id":2192,"date":"2013-11-18T17:27:31","date_gmt":"2013-11-18T15:27:31","guid":{"rendered":"https:\/\/urbincasa.es\/blog\/?p=2192"},"modified":"2013-11-18T17:27:31","modified_gmt":"2013-11-18T15:27:31","slug":"decoracion-preciosos-casas-en-santa-pola","status":"publish","type":"post","link":"https:\/\/urbincasa.es\/blog\/2013\/11\/decoracion-preciosos-casas-en-santa-pola\/","title":{"rendered":"Preciosas casas en Santa Pola"},"content":{"rendered":"<div id=\"bsf_rt_marker\"><\/div><p>Continuamos presumiendo de nuestros nuevos <strong>pisos piloto<\/strong>.<\/p>\n<p>Si el otro d\u00eda os ense\u00f1\u00e1bamos los del <a title=\"Pisos en Cartagena\" href=\"https:\/\/urbincasa.es\/blog\/2013\/07\/presumiendo-de-pisos-en-cartagena\/\">Residencial Zarzuela (el piso y el \u00e1tico<\/a>) en esta ocasi\u00f3n os traemos algunas fotos de las casas que tenemos en <strong>Santa Pola<\/strong>.\u00a0<!--more--><\/p>\n<p>Nuestro <a href=\"https:\/\/urbincasa.es\/inmobiliaria\/es\/promociones\/3\/santa-pola\/residencial-montefaro\/3\">Residencial Montefaro<\/a> (Gran Alacant) es una urbanizaci\u00f3n privada de chalets con unas maravillosas zonas comunes entre las que destaca la piscina.<\/p>\n<p>El <strong>equipo de decoraci\u00f3n<\/strong> de <a title=\"inmobiliaria \" href=\"http:\/\/www.urbincasa.es\">Urbincasa<\/a> lleva unos meses trabajando para que pod\u00e1is ver c\u00f3mo pueden quedar las casas una vez amuebladas y vestidas, en lugar de verlas vac\u00edas. En esta ocasi\u00f3n, os traemos las casas en Santa Pola.<\/p>\n<p>En los nuevos tres pisos piloto, nuestro equipo ha decidido que el color predominante sea el blanco, ya que es un <a title=\"Colores para pintar nuestro hogar\" href=\"https:\/\/urbincasa.es\/blog\/2011\/03\/el-color-de-nuestro-hogar\/\">color<\/a> que potencia la <strong>maravillosa luz natural<\/strong> que entra por los ventanales del sal\u00f3n y de los <a title=\"Dormitorio: Tu Rinc\u00f3n de ensue\u00f1o\" href=\"https:\/\/urbincasa.es\/blog\/2011\/04\/dormitorio-tu-rincon-de-ensueno\/\">dormitorios<\/a><\/p>\n<div id='gallery-1' class='gallery galleryid-2192 gallery-columns-3 gallery-size-thumbnail'><figure class='gallery-item'>\n\t\t\t<div class='gallery-icon landscape'>\n\t\t\t\t<a href='https:\/\/urbincasa.es\/blog\/2013\/11\/decoracion-preciosos-casas-en-santa-pola\/piso-piloto-6\/'><img loading=\"lazy\" decoding=\"async\" width=\"150\" height=\"150\" src=\"https:\/\/urbincasa.es\/blog\/wp-content\/uploads\/2013\/09\/piso-piloto-6-150x150.jpg\" class=\"attachment-thumbnail size-thumbnail\" alt=\"casas en santa pola\" aria-describedby=\"gallery-1-2348\" \/><\/a>\n\t\t\t<\/div>\n\t\t\t\t<figcaption class='wp-caption-text gallery-caption' id='gallery-1-2348'>\n\t\t\t\tSal\u00f3n\n\t\t\t\t<\/figcaption><\/figure><figure class='gallery-item'>\n\t\t\t<div class='gallery-icon landscape'>\n\t\t\t\t<a href='https:\/\/urbincasa.es\/blog\/2013\/11\/decoracion-preciosos-casas-en-santa-pola\/piso-piloto-5\/'><img loading=\"lazy\" decoding=\"async\" width=\"150\" height=\"150\" src=\"https:\/\/urbincasa.es\/blog\/wp-content\/uploads\/2013\/09\/piso-piloto-5-150x150.jpg\" class=\"attachment-thumbnail size-thumbnail\" alt=\"casas en santa pola\" aria-describedby=\"gallery-1-2347\" \/><\/a>\n\t\t\t<\/div>\n\t\t\t\t<figcaption class='wp-caption-text gallery-caption' id='gallery-1-2347'>\n\t\t\t\tSal\u00f3n y entrada\n\t\t\t\t<\/figcaption><\/figure><figure class='gallery-item'>\n\t\t\t<div class='gallery-icon landscape'>\n\t\t\t\t<a href='https:\/\/urbincasa.es\/blog\/2013\/11\/decoracion-preciosos-casas-en-santa-pola\/piso-piloto-4\/'><img loading=\"lazy\" decoding=\"async\" width=\"150\" height=\"150\" src=\"https:\/\/urbincasa.es\/blog\/wp-content\/uploads\/2013\/09\/piso-piloto-4-150x150.jpg\" class=\"attachment-thumbnail size-thumbnail\" alt=\"casas en santa pola\" \/><\/a>\n\t\t\t<\/div><\/figure><figure class='gallery-item'>\n\t\t\t<div class='gallery-icon landscape'>\n\t\t\t\t<a href='https:\/\/urbincasa.es\/blog\/2013\/11\/decoracion-preciosos-casas-en-santa-pola\/piso-piloto-1\/'><img loading=\"lazy\" decoding=\"async\" width=\"150\" height=\"150\" src=\"https:\/\/urbincasa.es\/blog\/wp-content\/uploads\/2013\/09\/piso-piloto-1-150x150.jpg\" class=\"attachment-thumbnail size-thumbnail\" alt=\"casas en santa pola\" aria-describedby=\"gallery-1-2343\" \/><\/a>\n\t\t\t<\/div>\n\t\t\t\t<figcaption class='wp-caption-text gallery-caption' id='gallery-1-2343'>\n\t\t\t\tDetalle del comedor\n\t\t\t\t<\/figcaption><\/figure><figure class='gallery-item'>\n\t\t\t<div class='gallery-icon landscape'>\n\t\t\t\t<a href='https:\/\/urbincasa.es\/blog\/2013\/11\/decoracion-preciosos-casas-en-santa-pola\/piso-piloto-2\/'><img loading=\"lazy\" decoding=\"async\" width=\"150\" height=\"150\" src=\"https:\/\/urbincasa.es\/blog\/wp-content\/uploads\/2013\/09\/piso-piloto-2-150x150.jpg\" class=\"attachment-thumbnail size-thumbnail\" alt=\"casas en santa pola\" aria-describedby=\"gallery-1-2344\" \/><\/a>\n\t\t\t<\/div>\n\t\t\t\t<figcaption class='wp-caption-text gallery-caption' id='gallery-1-2344'>\n\t\t\t\tDormitorio principal\n\t\t\t\t<\/figcaption><\/figure><figure class='gallery-item'>\n\t\t\t<div class='gallery-icon landscape'>\n\t\t\t\t<a href='https:\/\/urbincasa.es\/blog\/2013\/11\/decoracion-preciosos-casas-en-santa-pola\/piso-piloto-3\/'><img loading=\"lazy\" decoding=\"async\" width=\"150\" height=\"150\" src=\"https:\/\/urbincasa.es\/blog\/wp-content\/uploads\/2013\/09\/piso-piloto-3-150x150.jpg\" class=\"attachment-thumbnail size-thumbnail\" alt=\"casas en santa pola\" aria-describedby=\"gallery-1-2345\" \/><\/a>\n\t\t\t<\/div>\n\t\t\t\t<figcaption class='wp-caption-text gallery-caption' id='gallery-1-2345'>\n\t\t\t\tSal\u00f3n\n\t\t\t\t<\/figcaption><\/figure><figure class='gallery-item'>\n\t\t\t<div class='gallery-icon landscape'>\n\t\t\t\t<a href='https:\/\/urbincasa.es\/blog\/2013\/11\/decoracion-preciosos-casas-en-santa-pola\/piso-piloto\/'><img loading=\"lazy\" decoding=\"async\" width=\"150\" height=\"150\" src=\"https:\/\/urbincasa.es\/blog\/wp-content\/uploads\/2013\/09\/piso-piloto-150x150.jpg\" class=\"attachment-thumbnail size-thumbnail\" alt=\"\" aria-describedby=\"gallery-1-2342\" \/><\/a>\n\t\t\t<\/div>\n\t\t\t\t<figcaption class='wp-caption-text gallery-caption' id='gallery-1-2342'>\n\t\t\t\tDetalle del sal\u00f3n\n\t\t\t\t<\/figcaption><\/figure>\n\t\t<\/div>\n\n<p>Estamos muy contentos con el resultado ya que ya han sido muchos los que han decidido comprar las viviendas con los muebles que hab\u00eda seleccionado nuestro equipo. Y a t\u00ed, \u00bfQu\u00e9 te parecen?<\/p>\n","protected":false},"excerpt":{"rendered":"<p>Continuamos presumiendo de nuestros nuevos pisos piloto. Si el otro d\u00eda os ense\u00f1\u00e1bamos los del Residencial Zarzuela (el piso y el \u00e1tico) en esta ocasi\u00f3n os traemos algunas fotos de las casas que tenemos en Santa Pola.\u00a0<\/p>\n","protected":false},"author":4,"featured_media":2345,"comment_status":"open","ping_status":"open","sticky":false,"template":"","format":"standard","meta":{"footnotes":""},"categories":[8,21],"tags":[703,383,382,258],"class_list":["post-2192","post","type-post","status-publish","format-standard","has-post-thumbnail","hentry","category-decoracion","category-vivienda-santa-pola","tag-decoracion","tag-gran-alacant","tag-pisos-piloto","tag-santa-pola"],"_links":{"self":[{"href":"https:\/\/urbincasa.es\/blog\/wp-json\/wp\/v2\/posts\/2192","targetHints":{"allow":["GET"]}}],"collection":[{"href":"https:\/\/urbincasa.es\/blog\/wp-json\/wp\/v2\/posts"}],"about":[{"href":"https:\/\/urbincasa.es\/blog\/wp-json\/wp\/v2\/types\/post"}],"author":[{"embeddable":true,"href":"https:\/\/urbincasa.es\/blog\/wp-json\/wp\/v2\/users\/4"}],"replies":[{"embeddable":true,"href":"https:\/\/urbincasa.es\/blog\/wp-json\/wp\/v2\/comments?post=2192"}],"version-history":[{"count":11,"href":"https:\/\/urbincasa.es\/blog\/wp-json\/wp\/v2\/posts\/2192\/revisions"}],"predecessor-version":[{"id":2746,"href":"https:\/\/urbincasa.es\/blog\/wp-json\/wp\/v2\/posts\/2192\/revisions\/2746"}],"wp:featuredmedia":[{"embeddable":true,"href":"https:\/\/urbincasa.es\/blog\/wp-json\/wp\/v2\/media\/2345"}],"wp:attachment":[{"href":"https:\/\/urbincasa.es\/blog\/wp-json\/wp\/v2\/media?parent=2192"}],"wp:term":[{"taxonomy":"category","embeddable":true,"href":"https:\/\/urbincasa.es\/blog\/wp-json\/wp\/v2\/categories?post=2192"},{"taxonomy":"post_tag","embeddable":true,"href":"https:\/\/urbincasa.es\/blog\/wp-json\/wp\/v2\/tags?post=2192"}],"curies":[{"name":"wp","href":"https:\/\/api.w.org\/{rel}","templated":true}]}}