{"id":2202,"date":"2013-07-31T09:08:53","date_gmt":"2013-07-31T07:08:53","guid":{"rendered":"https:\/\/urbincasa.es\/blog\/?p=2202"},"modified":"2015-06-25T17:44:48","modified_gmt":"2015-06-25T15:44:48","slug":"destacamos-casa-en-cabo-de-palos","status":"publish","type":"post","link":"https:\/\/urbincasa.es\/blog\/2013\/07\/destacamos-casa-en-cabo-de-palos\/","title":{"rendered":"Destacamos: Casa en Cabo de Palos"},"content":{"rendered":"<div id=\"bsf_rt_marker\"><\/div><p>Continuamos con nuestras casas destacadas y en esta ocasi\u00f3n os traemos una planta baja en el maravilloso <strong>pueblo marinero de Cabo de Palos<\/strong> en <a title=\"Casas en Cartagena\" href=\"https:\/\/urbincasa.es\/inmobiliaria\/es\/promociones\/3\/cartagena\">Cartagena<\/a>.<!--more--><\/p>\n<p>Os hemos mostrado con anterioridad algunos \u00e1ticos con maravillosas vistas y hoy bajamos al nivel del mar.<\/p>\n<p>Para quien no conozca la zona os contamos que <strong>Cabo de Palos es un pueblo justo al lado de La Manga del Mar Menor<\/strong>. El pueblo tiene vida todo el a\u00f1o a pesar de tambi\u00e9n ser zona de veraneo y que en los meses de Julio y Agosto se nota la afluencia de personas.<\/p>\n<p>La mayor\u00eda de las construcciones son viviendas bajas (chalets y d\u00faplex) y urbanizaciones tranquilas. La zona dispone de todos los servicios necesarios para el d\u00eda a d\u00eda y adem\u00e1s est\u00e1 a tan solo 20 minutos en coche de la ciudad de Cartagena.<\/p>\n<p><strong>\u00bfPor qu\u00e9 destacamos esta <span style=\"text-decoration: underline;\">casa en Cabo de Palos<\/span>?<\/strong><\/p>\n<p><a href=\"https:\/\/urbincasa.es\/blog\/wp-content\/uploads\/2013\/07\/casa-cabo-de-palos-5.jpg\"><img loading=\"lazy\" decoding=\"async\" class=\"alignleft size-thumbnail wp-image-2223\" alt=\"casa en cabo de palos\" src=\"https:\/\/urbincasa.es\/blog\/wp-content\/uploads\/2013\/07\/casa-cabo-de-palos-5-150x150.jpg\" width=\"150\" height=\"150\" \/><\/a>&#8211; <span style=\"text-decoration: underline;\">Ubicaci\u00f3n:<\/span> Nos encantan las <a title=\"Comprar casa en Cabo de Palos\" href=\"https:\/\/urbincasa.es\/inmobiliaria\/es\/promociones\/3\/cabo-palos\/drizas\/11\/?fuente=CDBlog\" target=\"_blank\">casas en Cabo de Palos,<\/a> como ya hemos explicado es un lugar perfecto para veranear pero tambi\u00e9n para disfrutar durante todo el a\u00f1o.<\/p>\n<p>&#8211; <span style=\"text-decoration: underline;\">Planta baja:<\/span> Aunque disfrutamos mucho con las vistas de los \u00e1ticos, las plantas bajas tienen tambi\u00e9n sus ventajas sobre todo si tenemos en casa personas mayores o ni\u00f1os.<\/p>\n<p>&#8211;\u00a0<span style=\"text-decoration: underline;\">Estado:<\/span> A pesar de ser una casa de segunda mano est\u00e1 en perfectas condiciones y con un estilo moderno como se puede ver por ejemplo en la cocina.<\/p>\n<p>&#8211; <span style=\"text-decoration: underline;\">Plaza de garaje y trastero<\/span>: Aunque el pueblo es m\u00e1s tranquilo que La Manga, en los meses de verano es una tranquilidad tener plaza de garaje; ahorras tiempo y tambi\u00e9n escapas del calor.<\/p>\n<p>&#8211; <span style=\"text-decoration: underline;\">La terraza<\/span>:\u00a0M\u00e1s de 35 metros cuadrados de terraza bien valen estar entre las viviendas destacadas\u00a0\u00a1todo un lujo para las noches de verano!<\/p>\n<div id='gallery-1' class='gallery galleryid-2202 gallery-columns-2 gallery-size-thumbnail'><figure class='gallery-item'>\n\t\t\t<div class='gallery-icon landscape'>\n\t\t\t\t<a href='https:\/\/urbincasa.es\/blog\/2013\/07\/destacamos-casa-en-cabo-de-palos\/casa-cabo-de-palos\/'><img loading=\"lazy\" decoding=\"async\" width=\"150\" height=\"150\" src=\"https:\/\/urbincasa.es\/blog\/wp-content\/uploads\/2013\/07\/casa-cabo-de-palos-150x150.jpg\" class=\"attachment-thumbnail size-thumbnail\" alt=\"casa en cabo de palos\" aria-describedby=\"gallery-1-2221\" \/><\/a>\n\t\t\t<\/div>\n\t\t\t\t<figcaption class='wp-caption-text gallery-caption' id='gallery-1-2221'>\n\t\t\t\tDormitorio principal \n\t\t\t\t<\/figcaption><\/figure><figure class='gallery-item'>\n\t\t\t<div class='gallery-icon landscape'>\n\t\t\t\t<a href='https:\/\/urbincasa.es\/blog\/2013\/07\/destacamos-casa-en-cabo-de-palos\/casa-cabo-de-palos-3\/'><img loading=\"lazy\" decoding=\"async\" width=\"150\" height=\"150\" src=\"https:\/\/urbincasa.es\/blog\/wp-content\/uploads\/2013\/07\/casa-cabo-de-palos-3-150x150.jpg\" class=\"attachment-thumbnail size-thumbnail\" alt=\"casa en cabo de palos\" aria-describedby=\"gallery-1-2222\" \/><\/a>\n\t\t\t<\/div>\n\t\t\t\t<figcaption class='wp-caption-text gallery-caption' id='gallery-1-2222'>\n\t\t\t\tSegundo dormitorio\n\t\t\t\t<\/figcaption><\/figure><figure class='gallery-item'>\n\t\t\t<div class='gallery-icon landscape'>\n\t\t\t\t<a href='https:\/\/urbincasa.es\/blog\/2013\/07\/destacamos-casa-en-cabo-de-palos\/casa-cabo-de-palos-6\/'><img loading=\"lazy\" decoding=\"async\" width=\"150\" height=\"150\" src=\"https:\/\/urbincasa.es\/blog\/wp-content\/uploads\/2013\/07\/casa-cabo-de-palos-6-150x150.jpg\" class=\"attachment-thumbnail size-thumbnail\" alt=\"casa en cabo de palos\" aria-describedby=\"gallery-1-2224\" \/><\/a>\n\t\t\t<\/div>\n\t\t\t\t<figcaption class='wp-caption-text gallery-caption' id='gallery-1-2224'>\n\t\t\t\tSal\u00f3n\n\t\t\t\t<\/figcaption><\/figure><figure class='gallery-item'>\n\t\t\t<div class='gallery-icon landscape'>\n\t\t\t\t<a href='https:\/\/urbincasa.es\/blog\/2013\/07\/destacamos-casa-en-cabo-de-palos\/casa-cabo-de-palos-7\/'><img loading=\"lazy\" decoding=\"async\" width=\"150\" height=\"150\" src=\"https:\/\/urbincasa.es\/blog\/wp-content\/uploads\/2013\/07\/casa-cabo-de-palos-7-150x150.jpg\" class=\"attachment-thumbnail size-thumbnail\" alt=\"casa en cabo de palos\" aria-describedby=\"gallery-1-2225\" \/><\/a>\n\t\t\t<\/div>\n\t\t\t\t<figcaption class='wp-caption-text gallery-caption' id='gallery-1-2225'>\n\t\t\t\tTerraza\n\t\t\t\t<\/figcaption><\/figure>\n\t\t<\/div>\n\n<p><a title=\"Casa en venta en Cabo de Palos\" href=\"https:\/\/urbincasa.es\/inmobiliaria\/es\/viviendas\/4\/cartagena-playas\/amplio-cabo-palos\/3716-001910\/?fuente=a0eD000000EyAelIAF\" target=\"_blank\">Puedes pedir m\u00e1s informaci\u00f3n sobre esta casa en Cabo de Palos o incluso una visita aqu\u00ed<\/a><\/p>\n<h2>Te puede interesar ver en nuestro blog otras\u00a0<a title=\"Casas en Cartagena\" href=\"https:\/\/urbincasa.es\/blog\/category\/viviendas-cartagena\/\" target=\"_blank\">viviendas destacadas en Cartagena<\/a><\/h2>\n","protected":false},"excerpt":{"rendered":"<p>Continuamos con nuestras casas destacadas y en esta ocasi\u00f3n os traemos una planta baja en el maravilloso pueblo marinero de Cabo de Palos en Cartagena.<\/p>\n","protected":false},"author":4,"featured_media":2234,"comment_status":"open","ping_status":"open","sticky":false,"template":"","format":"standard","meta":{"footnotes":""},"categories":[17,281,23],"tags":[252,35,388,389,294,225],"class_list":["post-2202","post","type-post","status-publish","format-standard","has-post-thumbnail","hentry","category-ofertas","category-urbincasashop","category-viviendas-cartagena","tag-cabo-de-palos","tag-cartagena","tag-casa-destacada","tag-en-venta","tag-inmobiliaria","tag-playa"],"_links":{"self":[{"href":"https:\/\/urbincasa.es\/blog\/wp-json\/wp\/v2\/posts\/2202","targetHints":{"allow":["GET"]}}],"collection":[{"href":"https:\/\/urbincasa.es\/blog\/wp-json\/wp\/v2\/posts"}],"about":[{"href":"https:\/\/urbincasa.es\/blog\/wp-json\/wp\/v2\/types\/post"}],"author":[{"embeddable":true,"href":"https:\/\/urbincasa.es\/blog\/wp-json\/wp\/v2\/users\/4"}],"replies":[{"embeddable":true,"href":"https:\/\/urbincasa.es\/blog\/wp-json\/wp\/v2\/comments?post=2202"}],"version-history":[{"count":21,"href":"https:\/\/urbincasa.es\/blog\/wp-json\/wp\/v2\/posts\/2202\/revisions"}],"predecessor-version":[{"id":2875,"href":"https:\/\/urbincasa.es\/blog\/wp-json\/wp\/v2\/posts\/2202\/revisions\/2875"}],"wp:featuredmedia":[{"embeddable":true,"href":"https:\/\/urbincasa.es\/blog\/wp-json\/wp\/v2\/media\/2234"}],"wp:attachment":[{"href":"https:\/\/urbincasa.es\/blog\/wp-json\/wp\/v2\/media?parent=2202"}],"wp:term":[{"taxonomy":"category","embeddable":true,"href":"https:\/\/urbincasa.es\/blog\/wp-json\/wp\/v2\/categories?post=2202"},{"taxonomy":"post_tag","embeddable":true,"href":"https:\/\/urbincasa.es\/blog\/wp-json\/wp\/v2\/tags?post=2202"}],"curies":[{"name":"wp","href":"https:\/\/api.w.org\/{rel}","templated":true}]}}