{"id":2265,"date":"2013-09-16T09:10:30","date_gmt":"2013-09-16T07:10:30","guid":{"rendered":"https:\/\/urbincasa.es\/blog\/?p=2265"},"modified":"2013-12-03T11:27:36","modified_gmt":"2013-12-03T09:27:36","slug":"programa-carthagineses-y-romanos-2013-cartagena","status":"publish","type":"post","link":"https:\/\/urbincasa.es\/blog\/2013\/09\/programa-carthagineses-y-romanos-2013-cartagena\/","title":{"rendered":"Programa carthagineses y romanos 2013 &#8211; Cartagena"},"content":{"rendered":"<div id=\"bsf_rt_marker\"><\/div><p>Y despu\u00e9s del verano&#8230; \u00a1<a href=\"http:\/\/www.cartaginesesyromanos.es\/\">Carthagineses y Romanos<\/a>!<\/p>\n<p>Un a\u00f1o m\u00e1s <strong>Cartagena<\/strong> viaja en el tiempo hasta las guerras p\u00fanicas para vivir unos d\u00edas de fiesta. Os dejamos el programa de actos para que no os perd\u00e1is nada.\u00a0<!--more--><\/p>\n<p><a href=\"https:\/\/urbincasa.es\/blog\/wp-content\/uploads\/2013\/08\/CyR-2013.jpg\"><img loading=\"lazy\" decoding=\"async\" class=\" wp-image-2279 alignleft\" alt=\"Carthagineses y Romanos 2013\" src=\"https:\/\/urbincasa.es\/blog\/wp-content\/uploads\/2013\/08\/CyR-2013-215x300.jpg\" width=\"172\" height=\"240\" srcset=\"https:\/\/urbincasa.es\/blog\/wp-content\/uploads\/2013\/08\/CyR-2013-215x300.jpg 215w, https:\/\/urbincasa.es\/blog\/wp-content\/uploads\/2013\/08\/CyR-2013-734x1024.jpg 734w, https:\/\/urbincasa.es\/blog\/wp-content\/uploads\/2013\/08\/CyR-2013.jpg 933w\" sizes=\"auto, (max-width: 172px) 100vw, 172px\" \/><\/a>Durante algo m\u00e1s de una semana las tropas carthaginesas y las legiones romanas vuelven a luchar por el control de la ciudad rememorando la historia a trav\u00e9s de una serie de <strong>actos oficiales<\/strong> que se desarrollan entre el escenario en el puerto, el campamento festero y las calles de <strong>Cartagena<\/strong>.<\/p>\n<p>Puedes <a href=\"http:\/\/decartagena.info\/wp-content\/plugins\/download-monitor\/download.php?id=2\"><strong>DESCARGAR EL PROGRAMA DE ACTOS AQU\u00cd<\/strong><\/a><\/p>\n<p>Adem\u00e1s del <strong>programa oficial de actos,<\/strong> en el campamento festero todas las noches hay actividades gratuitas en las que se puede participar libremente aunque no se forme parte de ninguna agrupaci\u00f3n.<\/p>\n<p>Este a\u00f1o tambi\u00e9n habr\u00e1 una <a title=\"M\u00e1s informaci\u00f3n sobre esta Ruta de la tapa\" href=\"http:\/\/www.laverdad.es\/murcia\/v\/20130827\/comarcas\/hosteleros-organizan-ruta-tapa-20130827.html\">ruta de la tapa especial<\/a>\u00a0y los hoteles de la ciudad tienen <strong>ofertas especiales<\/strong> para los que quer\u00e1is venir a visitarnos esos d\u00edas. Esta oferta tendr\u00e1 incluida la entrada a alguno de los actos hist\u00f3ricos.<\/p>\n<p><a href=\"https:\/\/urbincasa.es\/blog\/category\/vivir-en-cartagena\/\"><img loading=\"lazy\" decoding=\"async\" class=\"aligncenter size-medium wp-image-2834\" alt=\"VIVIR EN CARTAGENA\" src=\"https:\/\/urbincasa.es\/blog\/wp-content\/uploads\/2013\/12\/VIVIRENCARTAGENA-300x150.png\" width=\"300\" height=\"150\" srcset=\"https:\/\/urbincasa.es\/blog\/wp-content\/uploads\/2013\/12\/VIVIRENCARTAGENA-300x150.png 300w, https:\/\/urbincasa.es\/blog\/wp-content\/uploads\/2013\/12\/VIVIRENCARTAGENA.png 400w\" sizes=\"auto, (max-width: 300px) 100vw, 300px\" \/><\/a><\/p>\n","protected":false},"excerpt":{"rendered":"<p>Y despu\u00e9s del verano&#8230; \u00a1Carthagineses y Romanos! Un a\u00f1o m\u00e1s Cartagena viaja en el tiempo hasta las guerras p\u00fanicas para vivir unos d\u00edas de fiesta. Os dejamos el programa de actos para que no os perd\u00e1is nada.\u00a0<\/p>\n","protected":false},"author":3,"featured_media":2279,"comment_status":"open","ping_status":"open","sticky":false,"template":"","format":"standard","meta":{"footnotes":""},"categories":[247],"tags":[35,394,392,371,395],"class_list":["post-2265","post","type-post","status-publish","format-standard","has-post-thumbnail","hentry","category-vivir-en-cartagena","tag-cartagena","tag-carthagineses-y-romanos","tag-fiestas","tag-programa","tag-septiembre"],"_links":{"self":[{"href":"https:\/\/urbincasa.es\/blog\/wp-json\/wp\/v2\/posts\/2265","targetHints":{"allow":["GET"]}}],"collection":[{"href":"https:\/\/urbincasa.es\/blog\/wp-json\/wp\/v2\/posts"}],"about":[{"href":"https:\/\/urbincasa.es\/blog\/wp-json\/wp\/v2\/types\/post"}],"author":[{"embeddable":true,"href":"https:\/\/urbincasa.es\/blog\/wp-json\/wp\/v2\/users\/3"}],"replies":[{"embeddable":true,"href":"https:\/\/urbincasa.es\/blog\/wp-json\/wp\/v2\/comments?post=2265"}],"version-history":[{"count":21,"href":"https:\/\/urbincasa.es\/blog\/wp-json\/wp\/v2\/posts\/2265\/revisions"}],"predecessor-version":[{"id":2838,"href":"https:\/\/urbincasa.es\/blog\/wp-json\/wp\/v2\/posts\/2265\/revisions\/2838"}],"wp:featuredmedia":[{"embeddable":true,"href":"https:\/\/urbincasa.es\/blog\/wp-json\/wp\/v2\/media\/2279"}],"wp:attachment":[{"href":"https:\/\/urbincasa.es\/blog\/wp-json\/wp\/v2\/media?parent=2265"}],"wp:term":[{"taxonomy":"category","embeddable":true,"href":"https:\/\/urbincasa.es\/blog\/wp-json\/wp\/v2\/categories?post=2265"},{"taxonomy":"post_tag","embeddable":true,"href":"https:\/\/urbincasa.es\/blog\/wp-json\/wp\/v2\/tags?post=2265"}],"curies":[{"name":"wp","href":"https:\/\/api.w.org\/{rel}","templated":true}]}}