{"id":2290,"date":"2013-09-05T12:32:26","date_gmt":"2013-09-05T10:32:26","guid":{"rendered":"https:\/\/urbincasa.es\/blog\/?p=2290"},"modified":"2015-06-25T17:44:31","modified_gmt":"2015-06-25T15:44:31","slug":"destacado-duplex-alquiler-en-cartagena","status":"publish","type":"post","link":"https:\/\/urbincasa.es\/blog\/2013\/09\/destacado-duplex-alquiler-en-cartagena\/","title":{"rendered":"Destacamos: D\u00faplex en alquiler en Cartagena por menos de 450\u20ac"},"content":{"rendered":"<div id=\"bsf_rt_marker\"><\/div><p>Comenzamos el curso con una nueva casa destacada, en esta ocasi\u00f3n <strong>en alquiler\u00a0<\/strong>y con un precio muy ajustado. \u00a0<!--more--><\/p>\n<p>Hoy os traemos un d\u00faplex a estrenar en la periferia de <a title=\"Casas en Cartagena\" href=\"https:\/\/urbincasa.es\/inmobiliaria\/es\/promociones\/3\/cartagena\" target=\"_blank\">Cartagena<\/a>. Concretamente se encuentra en la diputaci\u00f3n de <a href=\"http:\/\/es.wikipedia.org\/wiki\/La_Aljorra\"><strong>La Aljorra<\/strong><\/a>\u00a0que est\u00e1 en la parte norte del municipio cerca de El Albuj\u00f3n.<\/p>\n<p>Totalmente equipado y en perfectas condiciones para entrar a vivir ma\u00f1ana mismo.<\/p>\n<p><strong><a href=\"https:\/\/urbincasa.es\/blog\/wp-content\/uploads\/2013\/09\/duplex-en-alquiler-en-cartagena-5.jpg\"><img loading=\"lazy\" decoding=\"async\" class=\" wp-image-2298 alignleft\" alt=\"duplex en alquiler en cartagena\" src=\"https:\/\/urbincasa.es\/blog\/wp-content\/uploads\/2013\/09\/duplex-en-alquiler-en-cartagena-5-225x300.jpg\" width=\"203\" height=\"270\" srcset=\"https:\/\/urbincasa.es\/blog\/wp-content\/uploads\/2013\/09\/duplex-en-alquiler-en-cartagena-5-225x300.jpg 225w, https:\/\/urbincasa.es\/blog\/wp-content\/uploads\/2013\/09\/duplex-en-alquiler-en-cartagena-5.jpg 576w\" sizes=\"auto, (max-width: 203px) 100vw, 203px\" \/><\/a>\u00bfPor qu\u00e9 destacamos este <span style=\"text-decoration: underline;\">d\u00faplex en alquiler en Cartagena<\/span>?<\/strong><\/p>\n<p>&#8211; <span style=\"text-decoration: underline;\">Su estado<\/span>: la vivienda est\u00e1 para estrenar y se puede entrar a vivir de manera inmediata.<\/p>\n<p>&#8211; <span style=\"text-decoration: underline;\">Tama\u00f1o:<\/span> Este d\u00faplex tiene \u00a1\u00a14 habitaciones y 3 ba\u00f1os!! La cola para ducharte por la ma\u00f1ana es cosa del pasado.<\/p>\n<p>&#8211; <span style=\"text-decoration: underline;\">Aire libre:<\/span> Adem\u00e1s del espacio interior tambi\u00e9n se puede disfrutar del aire libre en su jard\u00edn y terraza de 25 y 35 metros cuadrados respectivamente.<\/p>\n<p>&#8211; <span style=\"text-decoration: underline;\">Extras<\/span>: Est\u00e1 amueblado, la cocina est\u00e1 equipada, tiene garaje y aire acondicionado.<\/p>\n<p>Todas las razones anteriores ya ser\u00edan suficientes para incluir este magnifico d\u00faplex entre nuestras casas destacadas, sin embargo, a\u00fan queda una muy importante:<\/p>\n<p>&#8211; <span style=\"text-decoration: underline;\">El precio<\/span>: vivir en esta casa te cuesta ahora mismo <strong>menos de 450 euros al mes<\/strong><\/p>\n<div id='gallery-1' class='gallery galleryid-2290 gallery-columns-3 gallery-size-thumbnail'><figure class='gallery-item'>\n\t\t\t<div class='gallery-icon portrait'>\n\t\t\t\t<a href='https:\/\/urbincasa.es\/blog\/2013\/09\/destacado-duplex-alquiler-en-cartagena\/duplex-en-alquiler-en-cartagena-6\/'><img loading=\"lazy\" decoding=\"async\" width=\"150\" height=\"150\" src=\"https:\/\/urbincasa.es\/blog\/wp-content\/uploads\/2013\/09\/duplex-en-alquiler-en-cartagena-6-150x150.jpg\" class=\"attachment-thumbnail size-thumbnail\" alt=\"duplex en alquiler en cartagena\" \/><\/a>\n\t\t\t<\/div><\/figure><figure class='gallery-item'>\n\t\t\t<div class='gallery-icon landscape'>\n\t\t\t\t<a href='https:\/\/urbincasa.es\/blog\/2013\/09\/destacado-duplex-alquiler-en-cartagena\/duplex-alquiler-en-cartagena-4\/'><img loading=\"lazy\" decoding=\"async\" width=\"150\" height=\"150\" src=\"https:\/\/urbincasa.es\/blog\/wp-content\/uploads\/2013\/09\/duplex-alquiler-en-cartagena-4-150x150.jpg\" class=\"attachment-thumbnail size-thumbnail\" alt=\"duplex en alquiler en cartagena\" \/><\/a>\n\t\t\t<\/div><\/figure><figure class='gallery-item'>\n\t\t\t<div class='gallery-icon landscape'>\n\t\t\t\t<a href='https:\/\/urbincasa.es\/blog\/2013\/09\/destacado-duplex-alquiler-en-cartagena\/duplex-alquiler-en-cartagena-1\/'><img loading=\"lazy\" decoding=\"async\" width=\"150\" height=\"150\" src=\"https:\/\/urbincasa.es\/blog\/wp-content\/uploads\/2013\/09\/duplex-alquiler-en-cartagena-1-150x150.jpg\" class=\"attachment-thumbnail size-thumbnail\" alt=\"duplex en alquiler en cartagena\" \/><\/a>\n\t\t\t<\/div><\/figure><figure class='gallery-item'>\n\t\t\t<div class='gallery-icon landscape'>\n\t\t\t\t<a href='https:\/\/urbincasa.es\/blog\/2013\/09\/destacado-duplex-alquiler-en-cartagena\/duplex-alquiler-en-cartagena-2\/'><img loading=\"lazy\" decoding=\"async\" width=\"150\" height=\"150\" src=\"https:\/\/urbincasa.es\/blog\/wp-content\/uploads\/2013\/09\/duplex-alquiler-en-cartagena-2-150x150.jpg\" class=\"attachment-thumbnail size-thumbnail\" alt=\"duplex en alquiler en cartagena\" \/><\/a>\n\t\t\t<\/div><\/figure><figure class='gallery-item'>\n\t\t\t<div class='gallery-icon landscape'>\n\t\t\t\t<a href='https:\/\/urbincasa.es\/blog\/2013\/09\/destacado-duplex-alquiler-en-cartagena\/duplex-alquiler-en-cartagena-3\/'><img loading=\"lazy\" decoding=\"async\" width=\"150\" height=\"150\" src=\"https:\/\/urbincasa.es\/blog\/wp-content\/uploads\/2013\/09\/duplex-alquiler-en-cartagena-3-150x150.jpg\" class=\"attachment-thumbnail size-thumbnail\" alt=\"duplex en alquiler en cartagena\" \/><\/a>\n\t\t\t<\/div><\/figure><figure class='gallery-item'>\n\t\t\t<div class='gallery-icon landscape'>\n\t\t\t\t<a href='https:\/\/urbincasa.es\/blog\/2013\/09\/destacado-duplex-alquiler-en-cartagena\/duplex-alquiler-en-cartagena\/'><img loading=\"lazy\" decoding=\"async\" width=\"150\" height=\"150\" src=\"https:\/\/urbincasa.es\/blog\/wp-content\/uploads\/2013\/09\/duplex-alquiler-en-cartagena-150x150.jpg\" class=\"attachment-thumbnail size-thumbnail\" alt=\"alquiler en cartagena\" \/><\/a>\n\t\t\t<\/div><\/figure>\n\t\t<\/div>\n\n<p><span style=\"color: #ff0000;\"><strong><span style=\"text-decoration: underline;\">ACTUALIZACI\u00d3N:<\/span>\u00a0<span style=\"color: #000000;\">El inmueble se encuentra en estos momentos alquilado puedes buscar otros en nuestro buscador <a title=\"Casas en alquiler en Cartagena\" href=\"https:\/\/urbincasa.es\/inmobiliaria\/es\/viviendas\/4\/?fuente=a0eD000000EyAelIAF\">AQU\u00cd<\/a><\/span><\/strong><\/span><\/p>\n<h2>Te puede interesar ver en nuestro blog otras\u00a0<a title=\"Casas en Cartagena\" href=\"https:\/\/urbincasa.es\/blog\/category\/viviendas-cartagena\/\" target=\"_blank\">viviendas destacadas en Cartagena<\/a><\/h2>\n","protected":false},"excerpt":{"rendered":"<p>Comenzamos el curso con una nueva casa destacada, en esta ocasi\u00f3n en alquiler\u00a0y con un precio muy ajustado. \u00a0<\/p>\n","protected":false},"author":3,"featured_media":2298,"comment_status":"open","ping_status":"open","sticky":false,"template":"","format":"standard","meta":{"footnotes":""},"categories":[17,1,281,23],"tags":[396,278,35,52,294,350],"class_list":["post-2290","post","type-post","status-publish","format-standard","has-post-thumbnail","hentry","category-ofertas","category-sin-categoria","category-urbincasashop","category-viviendas-cartagena","tag-aljorra","tag-alquiler","tag-cartagena","tag-duplex","tag-inmobiliaria","tag-oportunidad"],"_links":{"self":[{"href":"https:\/\/urbincasa.es\/blog\/wp-json\/wp\/v2\/posts\/2290","targetHints":{"allow":["GET"]}}],"collection":[{"href":"https:\/\/urbincasa.es\/blog\/wp-json\/wp\/v2\/posts"}],"about":[{"href":"https:\/\/urbincasa.es\/blog\/wp-json\/wp\/v2\/types\/post"}],"author":[{"embeddable":true,"href":"https:\/\/urbincasa.es\/blog\/wp-json\/wp\/v2\/users\/3"}],"replies":[{"embeddable":true,"href":"https:\/\/urbincasa.es\/blog\/wp-json\/wp\/v2\/comments?post=2290"}],"version-history":[{"count":12,"href":"https:\/\/urbincasa.es\/blog\/wp-json\/wp\/v2\/posts\/2290\/revisions"}],"predecessor-version":[{"id":4954,"href":"https:\/\/urbincasa.es\/blog\/wp-json\/wp\/v2\/posts\/2290\/revisions\/4954"}],"wp:featuredmedia":[{"embeddable":true,"href":"https:\/\/urbincasa.es\/blog\/wp-json\/wp\/v2\/media\/2298"}],"wp:attachment":[{"href":"https:\/\/urbincasa.es\/blog\/wp-json\/wp\/v2\/media?parent=2290"}],"wp:term":[{"taxonomy":"category","embeddable":true,"href":"https:\/\/urbincasa.es\/blog\/wp-json\/wp\/v2\/categories?post=2290"},{"taxonomy":"post_tag","embeddable":true,"href":"https:\/\/urbincasa.es\/blog\/wp-json\/wp\/v2\/tags?post=2290"}],"curies":[{"name":"wp","href":"https:\/\/api.w.org\/{rel}","templated":true}]}}