{"id":234,"date":"2010-06-07T11:03:17","date_gmt":"2010-06-07T10:03:17","guid":{"rendered":"https:\/\/urbincasa.es\/blog\/?p=234"},"modified":"2010-06-07T11:03:17","modified_gmt":"2010-06-07T10:03:17","slug":"colabora-con-el-proyecto-saras","status":"publish","type":"post","link":"https:\/\/urbincasa.es\/blog\/2010\/06\/colabora-con-el-proyecto-saras\/","title":{"rendered":"Colabora con el Proyecto Saras."},"content":{"rendered":"<div id=\"bsf_rt_marker\"><\/div><p>Dentro de nuestras acciones solidarias y de responsabilidad social URBINCASA, junto con otras Empresas de la <img loading=\"lazy\" decoding=\"async\" class=\"size-full wp-image-235 alignright\" style=\"margin: 5px;\" title=\"caritas sara\" src=\"https:\/\/urbincasa.es\/blog\/wp-content\/uploads\/2010\/06\/caritas-sara.png\" alt=\"\" width=\"292\" height=\"246\" srcset=\"https:\/\/urbincasa.es\/blog\/wp-content\/uploads\/2010\/06\/caritas-sara.png 292w, https:\/\/urbincasa.es\/blog\/wp-content\/uploads\/2010\/06\/caritas-sara-230x195.png 230w\" sizes=\"auto, (max-width: 292px) 100vw, 292px\" \/>Regi\u00f3n(APIRM) , va a colaborar en el proyecto creado por\u00a0C\u00e1ritas Diocesana de Murcia,\u00a0\u00a0<strong>\u00abProyecto \u00abSara\u00bb<\/strong> que tiene como fin a<strong>yudar a los ni\u00f1os que han nacido en familias de situaci\u00f3n de pobreza y cuyos padres no tienen recursos <\/strong>para ofrecerles ni siquiera las necesidades m\u00ednimas de higiene, alimentaci\u00f3n o ropa. <strong>URBINCASA se une a esta iniciativa mediante la difusi\u00f3n de la misma<\/strong> y ofreciendo <strong>nuestra oficina central como punto de recogida<\/strong> de productos infantiles que ir\u00e1n destinados a ni\u00f1os menores de 3 a\u00f1os que viven en situaci\u00f3n de pobreza en la Regi\u00f3n.<\/p>\n<p><strong>Qu\u00e9 puedo donar?,<\/strong> Ropa infantil (todas las edades), alimentaci\u00f3n infantil no perecedera (leche de continuaci\u00f3n, potitos, cereales, galletas, &#8230;) productos de higiene infantil como pa\u00f1ales, toallitas, cremas infantiles,&#8230;. y accesorios para ni\u00f1os hasta 3 a\u00f1os, carricoches, cunas, o cualquier otro.<\/p>\n<p><strong>Donde puedo dejarlos y hasta cuando?,<\/strong> en nuestras oficinas centrales en Cl. Juan Fern\u00e1ndez, 61 &#8211; Cartagena,\u00a0 y antes del d\u00eda 30 de junio que es cuando se har\u00e1 entrega a C\u00e1ritas de todo lo donado.<\/p>\n<p>Esperamos que os animeis a colaborar por esta buena causa y deis traslado de esta iniciativa a vuestro entorno de amigos y familiares.<\/p>\n","protected":false},"excerpt":{"rendered":"<p>Dentro de nuestras acciones solidarias y de responsabilidad social URBINCASA, junto con otras Empresas de la Regi\u00f3n(APIRM) , va a colaborar en el proyecto creado por\u00a0C\u00e1ritas Diocesana de Murcia,\u00a0\u00a0\u00abProyecto \u00abSara\u00bb que tiene como fin ayudar a los ni\u00f1os que han nacido en familias de situaci\u00f3n de pobreza y cuyos padres no tienen recursos para ofrecerles [&hellip;]<\/p>\n","protected":false},"author":3,"featured_media":0,"comment_status":"closed","ping_status":"open","sticky":false,"template":"","format":"standard","meta":{"footnotes":""},"categories":[7,11],"tags":[27,34,702,149,115],"class_list":["post-234","post","type-post","status-publish","format-standard","hentry","category-compromiso-social","category-informacion","tag-apirm","tag-caritas","tag-compromiso-social","tag-iniciativas","tag-proyecto-sara"],"_links":{"self":[{"href":"https:\/\/urbincasa.es\/blog\/wp-json\/wp\/v2\/posts\/234","targetHints":{"allow":["GET"]}}],"collection":[{"href":"https:\/\/urbincasa.es\/blog\/wp-json\/wp\/v2\/posts"}],"about":[{"href":"https:\/\/urbincasa.es\/blog\/wp-json\/wp\/v2\/types\/post"}],"author":[{"embeddable":true,"href":"https:\/\/urbincasa.es\/blog\/wp-json\/wp\/v2\/users\/3"}],"replies":[{"embeddable":true,"href":"https:\/\/urbincasa.es\/blog\/wp-json\/wp\/v2\/comments?post=234"}],"version-history":[{"count":0,"href":"https:\/\/urbincasa.es\/blog\/wp-json\/wp\/v2\/posts\/234\/revisions"}],"wp:attachment":[{"href":"https:\/\/urbincasa.es\/blog\/wp-json\/wp\/v2\/media?parent=234"}],"wp:term":[{"taxonomy":"category","embeddable":true,"href":"https:\/\/urbincasa.es\/blog\/wp-json\/wp\/v2\/categories?post=234"},{"taxonomy":"post_tag","embeddable":true,"href":"https:\/\/urbincasa.es\/blog\/wp-json\/wp\/v2\/tags?post=234"}],"curies":[{"name":"wp","href":"https:\/\/api.w.org\/{rel}","templated":true}]}}