{"id":2353,"date":"2013-09-18T10:00:49","date_gmt":"2013-09-18T08:00:49","guid":{"rendered":"https:\/\/urbincasa.es\/blog\/?p=2353"},"modified":"2015-06-25T17:44:13","modified_gmt":"2015-06-25T15:44:13","slug":"destacamos-piso-en-cartagena-totalmente-reformado","status":"publish","type":"post","link":"https:\/\/urbincasa.es\/blog\/2013\/09\/destacamos-piso-en-cartagena-totalmente-reformado\/","title":{"rendered":"Destacamos: Piso en Cartagena totalmente reformado"},"content":{"rendered":"<div id=\"bsf_rt_marker\"><\/div><p>Esta semana, nuestro equipo de <a title=\"inmobiliaria en Cartagena\" href=\"http:\/\/www.urbincasashop.com\">UrbincasaShop<\/a>\u00a0ha seleccionado un <strong>piso en<\/strong> <strong>Cartagena<\/strong> que aunque es de segunda mano, sus due\u00f1os lo han dejado como nuevo y para que el inquilino estrene todos los cambios de la reforma. \u00a0<!--more--><\/p>\n<p>Cada vez notamos m\u00e1s que dentro del <strong>perfil del inquilino<\/strong> aumentan las personas que buscan una <strong>casa de alquiler para un largo plazo<\/strong>, por eso son cada vez <strong>m\u00e1s exigentes con el estado de la vivienda. <\/strong><\/p>\n<p><strong><\/strong><span style=\"text-decoration: underline;\">Si ese es tu caso, este es tu piso.<\/span><\/p>\n<p>La casa es de segunda mano, sin embargo, tras la reforma integral que han llevado a cabo sus due\u00f1os, el inquilino estrenar\u00e1 piso en la zona del ensanche de <a title=\"inmobiliaria en Cartagena\" href=\"http:\/\/www.urbincasa.es\">Cartagena<\/a>.<\/p>\n<p><strong>\u00bfPor qu\u00e9 destacamos este piso en Cartagena?<\/strong><\/p>\n<p>&#8211; <span style=\"text-decoration: underline;\">Ubicaci\u00f3n<\/span>: la zona en la que se encuentra el piso es muy c\u00f3moda para los que quieren vivir en el casco urbano sin estar en el centro de la ciudad para no tener que supeditar su d\u00eda a d\u00eda a las fiestas y eventos. El ensanche tiene todos los servicios necesarios y se puede ir dando un paseo a la zona del puerto.<\/p>\n<p>&#8211; <span style=\"text-decoration: underline;\">A estrenar<\/span>: Como ya hemos dicho, la casa es de segunda mano pero la reforma se acaba de realizar por lo que la casa est\u00e1 igual que si estuviera \u00aba estrenar\u00bb .<\/p>\n<p>&#8211; <span style=\"text-decoration: underline;\">Dise\u00f1o:<\/span> con la reforma se ha tenido muy en cuenta el dise\u00f1o. El piso muestra ahora l\u00edneas, distribuci\u00f3n y colores acordes a las \u00faltimas tendencias.<\/p>\n<p>&#8211; <span style=\"text-decoration: underline;\">Luz<\/span>: Se aprecia ya en las fotos la luminosidad del piso. El sol ilumina el sal\u00f3n, la cocina y los dormitorios, una situaci\u00f3n que llenar\u00e1 de energ\u00eda y alegr\u00eda el piso, adem\u00e1s de ahorrarnos electricidad.<\/p>\n<p>&#8211; <span style=\"text-decoration: underline;\">Precio<\/span>: Los <strong>550\u20ac\/mes<\/strong> que los due\u00f1os piden al inquilino por este piso son un precio muy razonable ya que, adem\u00e1s del estado de la vivienda, el piso tiene <strong>3 dormitorios y 2 ba\u00f1os<\/strong><\/p>\n<div id='gallery-1' class='gallery galleryid-2353 gallery-columns-3 gallery-size-thumbnail'><figure class='gallery-item'>\n\t\t\t<div class='gallery-icon landscape'>\n\t\t\t\t<a href='https:\/\/urbincasa.es\/blog\/2013\/09\/destacamos-piso-en-cartagena-totalmente-reformado\/attachment\/1\/'><img loading=\"lazy\" decoding=\"async\" width=\"150\" height=\"150\" src=\"https:\/\/urbincasa.es\/blog\/wp-content\/uploads\/2013\/09\/1-150x150.jpg\" class=\"attachment-thumbnail size-thumbnail\" alt=\"piso en Cartagena\" aria-describedby=\"gallery-1-2359\" \/><\/a>\n\t\t\t<\/div>\n\t\t\t\t<figcaption class='wp-caption-text gallery-caption' id='gallery-1-2359'>\n\t\t\t\tLuminoso sal\u00f3n\n\t\t\t\t<\/figcaption><\/figure><figure class='gallery-item'>\n\t\t\t<div class='gallery-icon landscape'>\n\t\t\t\t<a href='https:\/\/urbincasa.es\/blog\/2013\/09\/destacamos-piso-en-cartagena-totalmente-reformado\/attachment\/2\/'><img loading=\"lazy\" decoding=\"async\" width=\"150\" height=\"150\" src=\"https:\/\/urbincasa.es\/blog\/wp-content\/uploads\/2013\/09\/2-150x150.jpg\" class=\"attachment-thumbnail size-thumbnail\" alt=\"piso en Cartagena\" aria-describedby=\"gallery-1-2360\" \/><\/a>\n\t\t\t<\/div>\n\t\t\t\t<figcaption class='wp-caption-text gallery-caption' id='gallery-1-2360'>\n\t\t\t\tEspacios abiertos\n\t\t\t\t<\/figcaption><\/figure><figure class='gallery-item'>\n\t\t\t<div class='gallery-icon landscape'>\n\t\t\t\t<a href='https:\/\/urbincasa.es\/blog\/2013\/09\/destacamos-piso-en-cartagena-totalmente-reformado\/attachment\/4\/'><img loading=\"lazy\" decoding=\"async\" width=\"150\" height=\"150\" src=\"https:\/\/urbincasa.es\/blog\/wp-content\/uploads\/2013\/09\/4-150x150.jpg\" class=\"attachment-thumbnail size-thumbnail\" alt=\"piso en Cartagena\" aria-describedby=\"gallery-1-2361\" \/><\/a>\n\t\t\t<\/div>\n\t\t\t\t<figcaption class='wp-caption-text gallery-caption' id='gallery-1-2361'>\n\t\t\t\tEspacio abierto\n\t\t\t\t<\/figcaption><\/figure><figure class='gallery-item'>\n\t\t\t<div class='gallery-icon landscape'>\n\t\t\t\t<a href='https:\/\/urbincasa.es\/blog\/2013\/09\/destacamos-piso-en-cartagena-totalmente-reformado\/attachment\/8\/'><img loading=\"lazy\" decoding=\"async\" width=\"150\" height=\"150\" src=\"https:\/\/urbincasa.es\/blog\/wp-content\/uploads\/2013\/09\/8-150x150.jpg\" class=\"attachment-thumbnail size-thumbnail\" alt=\"piso en Cartagena\" aria-describedby=\"gallery-1-2362\" \/><\/a>\n\t\t\t<\/div>\n\t\t\t\t<figcaption class='wp-caption-text gallery-caption' id='gallery-1-2362'>\n\t\t\t\tCocina\n\t\t\t\t<\/figcaption><\/figure><figure class='gallery-item'>\n\t\t\t<div class='gallery-icon landscape'>\n\t\t\t\t<a href='https:\/\/urbincasa.es\/blog\/2013\/09\/destacamos-piso-en-cartagena-totalmente-reformado\/attachment\/12\/'><img loading=\"lazy\" decoding=\"async\" width=\"150\" height=\"150\" src=\"https:\/\/urbincasa.es\/blog\/wp-content\/uploads\/2013\/09\/12-150x150.jpg\" class=\"attachment-thumbnail size-thumbnail\" alt=\"piso en Cartagena\" aria-describedby=\"gallery-1-2363\" \/><\/a>\n\t\t\t<\/div>\n\t\t\t\t<figcaption class='wp-caption-text gallery-caption' id='gallery-1-2363'>\n\t\t\t\tba\u00f1os\n\t\t\t\t<\/figcaption><\/figure><figure class='gallery-item'>\n\t\t\t<div class='gallery-icon landscape'>\n\t\t\t\t<a href='https:\/\/urbincasa.es\/blog\/2013\/09\/destacamos-piso-en-cartagena-totalmente-reformado\/attachment\/14\/'><img loading=\"lazy\" decoding=\"async\" width=\"150\" height=\"150\" src=\"https:\/\/urbincasa.es\/blog\/wp-content\/uploads\/2013\/09\/14-150x150.jpg\" class=\"attachment-thumbnail size-thumbnail\" alt=\"piso en Cartagena\" aria-describedby=\"gallery-1-2364\" \/><\/a>\n\t\t\t<\/div>\n\t\t\t\t<figcaption class='wp-caption-text gallery-caption' id='gallery-1-2364'>\n\t\t\t\tHabitaciones amplias\n\t\t\t\t<\/figcaption><\/figure>\n\t\t<\/div>\n\n<p><strong><span style=\"color: #ff0000;\"><span style=\"color: #ff0000;\">A<\/span>CTUALIZACI\u00d3N: Este piso ya est\u00e1 alquilado. <\/span><\/strong><\/p>\n<p><strong><span style=\"color: #ff0000;\">Puedes ver otros pisos en alquiler <a href=\"https:\/\/urbincasa.es\/inmobiliaria\/es\/viviendas\/4\/?fuente=a0eD000000EyAelIAF\">AQUI<\/a><\/span><\/strong><\/p>\n<h2>Te puede interesar ver en nuestro blog otras\u00a0<a title=\"Casas en Cartagena\" href=\"https:\/\/urbincasa.es\/blog\/category\/viviendas-cartagena\/\" target=\"_blank\">viviendas destacadas en Cartagena<\/a><\/h2>\n","protected":false},"excerpt":{"rendered":"<p>Esta semana, nuestro equipo de UrbincasaShop\u00a0ha seleccionado un piso en Cartagena que aunque es de segunda mano, sus due\u00f1os lo han dejado como nuevo y para que el inquilino estrene todos los cambios de la reforma. \u00a0<\/p>\n","protected":false},"author":3,"featured_media":2355,"comment_status":"open","ping_status":"open","sticky":false,"template":"","format":"standard","meta":{"footnotes":""},"categories":[17,1,281,23],"tags":[278,35,228,294,402,401,403],"class_list":["post-2353","post","type-post","status-publish","format-standard","has-post-thumbnail","hentry","category-ofertas","category-sin-categoria","category-urbincasashop","category-viviendas-cartagena","tag-alquiler","tag-cartagena","tag-casa","tag-inmobiliaria","tag-moderno","tag-piso","tag-reforma"],"_links":{"self":[{"href":"https:\/\/urbincasa.es\/blog\/wp-json\/wp\/v2\/posts\/2353","targetHints":{"allow":["GET"]}}],"collection":[{"href":"https:\/\/urbincasa.es\/blog\/wp-json\/wp\/v2\/posts"}],"about":[{"href":"https:\/\/urbincasa.es\/blog\/wp-json\/wp\/v2\/types\/post"}],"author":[{"embeddable":true,"href":"https:\/\/urbincasa.es\/blog\/wp-json\/wp\/v2\/users\/3"}],"replies":[{"embeddable":true,"href":"https:\/\/urbincasa.es\/blog\/wp-json\/wp\/v2\/comments?post=2353"}],"version-history":[{"count":16,"href":"https:\/\/urbincasa.es\/blog\/wp-json\/wp\/v2\/posts\/2353\/revisions"}],"predecessor-version":[{"id":2372,"href":"https:\/\/urbincasa.es\/blog\/wp-json\/wp\/v2\/posts\/2353\/revisions\/2372"}],"wp:featuredmedia":[{"embeddable":true,"href":"https:\/\/urbincasa.es\/blog\/wp-json\/wp\/v2\/media\/2355"}],"wp:attachment":[{"href":"https:\/\/urbincasa.es\/blog\/wp-json\/wp\/v2\/media?parent=2353"}],"wp:term":[{"taxonomy":"category","embeddable":true,"href":"https:\/\/urbincasa.es\/blog\/wp-json\/wp\/v2\/categories?post=2353"},{"taxonomy":"post_tag","embeddable":true,"href":"https:\/\/urbincasa.es\/blog\/wp-json\/wp\/v2\/tags?post=2353"}],"curies":[{"name":"wp","href":"https:\/\/api.w.org\/{rel}","templated":true}]}}