{"id":2374,"date":"2013-09-30T09:10:08","date_gmt":"2013-09-30T07:10:08","guid":{"rendered":"https:\/\/urbincasa.es\/blog\/?p=2374"},"modified":"2015-06-25T17:26:34","modified_gmt":"2015-06-25T15:26:34","slug":"decorar-para-alquilar","status":"publish","type":"post","link":"https:\/\/urbincasa.es\/blog\/2013\/09\/decorar-para-alquilar\/","title":{"rendered":"Decorar para alquilar: claves y consejos (tambi\u00e9n aplicables a venta)"},"content":{"rendered":"<div id=\"bsf_rt_marker\"><\/div><p>Muchas de las personas que se animan a poner una casa de su propiedad en alquiler se enfrentan a una pregunta <strong>\u00bfdebo decorar para alquilar? <\/strong>Nuestra respuesta es un S\u00cd rotundo.<\/p>\n<p>\u00a1\u00bfQue tienes una casa en alquiler y no te has hecho esa pregunta?! Entonces, te urge m\u00e1s que a nadie leer estos consejos<\/p>\n<p><!--more--><\/p>\n<p>Ya hemos hablado en otras ocasiones sobre la mejor manera de <strong>gestionar el alquiler<\/strong> de un piso tanto desde el punto de vista del due\u00f1o como del inquilino que, como venimos advirtiendo, ya no es s\u00f3lo o en mayor\u00eda, un estudiante o trabajador que quiere un alquiler a corto plazo.<\/p>\n<p>Ahora es habitual encontrar familias o parejas j\u00f3venes que empiezan a construir su vida con un planteamiento de alquilar sin plazos establecidos para abandonar esa vivienda si est\u00e1n a gusto, por eso ya no buscan una casa \u00abde paso\u00bb, buscan un hogar.<\/p>\n<blockquote><p><strong>Todos estos consejos son aplicables tambi\u00e9n a una casa en venta. Tenemos que conseguir en cualquiera de las dos opciones, que los interesados elijan nuestra vivienda en vez de otras.<\/strong><\/p>\n<p>&nbsp;<\/p><\/blockquote>\n<h1><strong>VENTAJAS de renovar la decoraci\u00f3n de nuestra casa en alquiler<\/strong><\/h1>\n<ol>\n<ol>\n<li>Obtener mejor precio a la hora alquilarla o venderla<\/li>\n<li>Encontrar a un comprador o inquilino m\u00e1s r\u00e1pido<\/li>\n<li>Encontrar m\u00e1s inquilinos y por tanto poder seleccionar el que m\u00e1s me convenga<\/li>\n<li>Diferenciarnos de otras viviendas<\/li>\n<\/ol>\n<\/ol>\n<h1><\/h1>\n<h1><strong>\u00bfDECORAR PARA ALQUILAR significa gastar mucho dinero?\u00a0<\/strong>No necesariamente.<\/h1>\n<p>Es m\u00e1s importante que los muebles sean <strong><span style=\"text-decoration: underline;\">nuevos, modernos y funcionales<\/span><\/strong> antes que de m\u00e1xima calidad.<\/p>\n<p>Tambi\u00e9n son muchos los inquilinos que <strong><span style=\"text-decoration: underline;\">prefieren pocos<\/span> muebles<\/strong> pero en buen estado, c\u00f3modos y a la moda, antes que una casa repleta de muebles que no les gustan o que se han quedado muy viejos.<\/p>\n<h1><strong>Consejos para <span style=\"text-decoration: underline;\">DECORAR PARA ALQUILAR<\/span><\/strong><\/h1>\n<p>&#8211; Lo m\u00e1s b\u00e1sico es limpiar en profundidad y dar una mano de <a title=\"Colores para pintar nuestro hogar\" href=\"https:\/\/urbincasa.es\/blog\/2011\/03\/el-color-de-nuestro-hogar\/\">pintura a toda la casa<\/a>.<\/p>\n<p>&#8211; Revisar la cocina y el ba\u00f1o en cuanto a arreglos b\u00e1sicos y sensaci\u00f3n de limpieza (\u00a1\u00a1cortina y escobillas nuevas!!) Si es necesario, <strong>pinta los azulejos<\/strong>. Existen pinturas especiales para ese efecto y actualizaremos el ba\u00f1o con un gasto m\u00ednimo.<\/p>\n<p>&#8211; <span style=\"text-decoration: underline;\">Despersonalizar la vivienda:<\/span> Es algo que casi nadie cuida. Hay que <strong>retirar las fotos<\/strong> personales, los juguetes de los ni\u00f1os o mascotas, etc<\/p>\n<p>&#8211; <strong>Decoraci\u00f3n neutra<\/strong>:<\/p>\n<ol>\n<ol>\n<ul>\n<li>Usar tonos claros (limpieza y amplitud)<\/li>\n<li>Hacer que predominen las l\u00edneas rectas (serenidad)<\/li>\n<li>Tapicer\u00edas lisas (f\u00e1cil de combinar y personalizar luego por el inquilino)<\/li>\n<li>L\u00e1mparas sencillas<\/li>\n<li>Usar <a title=\"Espejos y decoraci\u00f3n\" href=\"https:\/\/urbincasa.es\/blog\/2011\/06\/espejos-y-decoracion\/\">espejos para la decoraci\u00f3n<\/a> de algunos puntos (multiplican luz y espacio)<\/li>\n<\/ul>\n<\/ol>\n<\/ol>\n<div id='gallery-1' class='gallery galleryid-2374 gallery-columns-3 gallery-size-thumbnail'><figure class='gallery-item'>\n\t\t\t<div class='gallery-icon landscape'>\n\t\t\t\t<a href='https:\/\/urbincasa.es\/blog\/2013\/09\/decorar-para-alquilar\/alquiler-urbincasa2\/'><img loading=\"lazy\" decoding=\"async\" width=\"150\" height=\"150\" src=\"https:\/\/urbincasa.es\/blog\/wp-content\/uploads\/2013\/09\/alquiler-urbincasa2-150x150.jpg\" class=\"attachment-thumbnail size-thumbnail\" alt=\"decorar para alquilar\" aria-describedby=\"gallery-1-2385\" \/><\/a>\n\t\t\t<\/div>\n\t\t\t\t<figcaption class='wp-caption-text gallery-caption' id='gallery-1-2385'>\n\t\t\t\tJuvenil pero no personal\n\t\t\t\t<\/figcaption><\/figure><figure class='gallery-item'>\n\t\t\t<div class='gallery-icon landscape'>\n\t\t\t\t<a href='https:\/\/urbincasa.es\/blog\/2013\/09\/decorar-para-alquilar\/alquiler-urbincasa\/'><img loading=\"lazy\" decoding=\"async\" width=\"150\" height=\"150\" src=\"https:\/\/urbincasa.es\/blog\/wp-content\/uploads\/2013\/09\/alquiler-urbincasa-150x150.jpg\" class=\"attachment-thumbnail size-thumbnail\" alt=\"decorar para alquilar\" aria-describedby=\"gallery-1-2384\" \/><\/a>\n\t\t\t<\/div>\n\t\t\t\t<figcaption class='wp-caption-text gallery-caption' id='gallery-1-2384'>\n\t\t\t\tSal\u00f3n con l\u00edneas rectas\n\t\t\t\t<\/figcaption><\/figure><figure class='gallery-item'>\n\t\t\t<div class='gallery-icon landscape'>\n\t\t\t\t<a href='https:\/\/urbincasa.es\/blog\/2013\/09\/decorar-para-alquilar\/alquiler-urbincasa3\/'><img loading=\"lazy\" decoding=\"async\" width=\"150\" height=\"150\" src=\"https:\/\/urbincasa.es\/blog\/wp-content\/uploads\/2013\/09\/alquiler-urbincasa3-150x150.jpg\" class=\"attachment-thumbnail size-thumbnail\" alt=\"decorar para alquilar\" aria-describedby=\"gallery-1-2383\" \/><\/a>\n\t\t\t<\/div>\n\t\t\t\t<figcaption class='wp-caption-text gallery-caption' id='gallery-1-2383'>\n\t\t\t\tTonos claros \n\t\t\t\t<\/figcaption><\/figure>\n\t\t<\/div>\n\n<p><strong>En resumen&#8230;\u00a0<\/strong>La casa no es un trastero, queremos que vivan all\u00ed personas: fuera muebles viejos y\/o rotos<\/p>\n<p>Puedes escuchar c\u00f3mo hablamos de <span style=\"text-decoration: underline;\">Decorar para alquilar<\/span> en el Hoy por Hoy de la Cadena Ser de Cartagena <strong>a partir del minuto 73.30 del reproductor<\/strong>:<\/p>\n<p><iframe loading=\"lazy\" src=\"http:\/\/www.ivoox.com\/player_ek_2363944_1.html\" height=\"48\" width=\"238\" allowfullscreen=\"\" frameborder=\"0\" scrolling=\"no\"><\/iframe><\/p>\n<p>&nbsp;<\/p>\n<p style=\"text-align: center;\"><a href=\"https:\/\/urbincasa.es\/inmobiliaria\/es\/viviendas\/4\" target=\"_blank\"><img loading=\"lazy\" decoding=\"async\" class=\"size-full wp-image-1609 aligncenter\" alt=\"alquilar en cartagena\" src=\"https:\/\/urbincasa.es\/blog\/wp-content\/uploads\/2013\/04\/alquiler.png\" width=\"262\" height=\"89\" \/><\/a><\/p>\n","protected":false},"excerpt":{"rendered":"<p>Muchas de las personas que se animan a poner una casa de su propiedad en alquiler se enfrentan a una pregunta \u00bfdebo decorar para alquilar? Nuestra respuesta es un S\u00cd rotundo. \u00a1\u00bfQue tienes una casa en alquiler y no te has hecho esa pregunta?! Entonces, te urge m\u00e1s que a nadie leer estos consejos<\/p>\n","protected":false},"author":3,"featured_media":2383,"comment_status":"open","ping_status":"open","sticky":false,"template":"","format":"standard","meta":{"footnotes":""},"categories":[8,281],"tags":[278,35,404,264,703,294,318],"class_list":["post-2374","post","type-post","status-publish","format-standard","has-post-thumbnail","hentry","category-decoracion","category-urbincasashop","tag-alquiler","tag-cartagena","tag-claves","tag-consejos","tag-decoracion","tag-inmobiliaria","tag-rentabilidad"],"_links":{"self":[{"href":"https:\/\/urbincasa.es\/blog\/wp-json\/wp\/v2\/posts\/2374","targetHints":{"allow":["GET"]}}],"collection":[{"href":"https:\/\/urbincasa.es\/blog\/wp-json\/wp\/v2\/posts"}],"about":[{"href":"https:\/\/urbincasa.es\/blog\/wp-json\/wp\/v2\/types\/post"}],"author":[{"embeddable":true,"href":"https:\/\/urbincasa.es\/blog\/wp-json\/wp\/v2\/users\/3"}],"replies":[{"embeddable":true,"href":"https:\/\/urbincasa.es\/blog\/wp-json\/wp\/v2\/comments?post=2374"}],"version-history":[{"count":18,"href":"https:\/\/urbincasa.es\/blog\/wp-json\/wp\/v2\/posts\/2374\/revisions"}],"predecessor-version":[{"id":2390,"href":"https:\/\/urbincasa.es\/blog\/wp-json\/wp\/v2\/posts\/2374\/revisions\/2390"}],"wp:featuredmedia":[{"embeddable":true,"href":"https:\/\/urbincasa.es\/blog\/wp-json\/wp\/v2\/media\/2383"}],"wp:attachment":[{"href":"https:\/\/urbincasa.es\/blog\/wp-json\/wp\/v2\/media?parent=2374"}],"wp:term":[{"taxonomy":"category","embeddable":true,"href":"https:\/\/urbincasa.es\/blog\/wp-json\/wp\/v2\/categories?post=2374"},{"taxonomy":"post_tag","embeddable":true,"href":"https:\/\/urbincasa.es\/blog\/wp-json\/wp\/v2\/tags?post=2374"}],"curies":[{"name":"wp","href":"https:\/\/api.w.org\/{rel}","templated":true}]}}