{"id":238,"date":"2010-06-18T09:20:40","date_gmt":"2010-06-18T08:20:40","guid":{"rendered":"https:\/\/urbincasa.es\/blog\/?p=238"},"modified":"2013-04-29T17:48:23","modified_gmt":"2013-04-29T15:48:23","slug":"urbincasa-recibe-el-premio-a-la-cooperacion-empresarial","status":"publish","type":"post","link":"https:\/\/urbincasa.es\/blog\/2010\/06\/urbincasa-recibe-el-premio-a-la-cooperacion-empresarial\/","title":{"rendered":"Urbincasa recibe el Premio a la Cooperaci\u00f3n Empresarial"},"content":{"rendered":"<div id=\"bsf_rt_marker\"><\/div><p>Hoy empezamos con buenas noticias:<img loading=\"lazy\" decoding=\"async\" class=\"alignright size-medium wp-image-239\" title=\"escudorm\" src=\"https:\/\/urbincasa.es\/blog\/wp-content\/uploads\/2010\/06\/escudorm-300x290.jpg\" alt=\"\" width=\"300\" height=\"290\" srcset=\"https:\/\/urbincasa.es\/blog\/wp-content\/uploads\/2010\/06\/escudorm-300x290.jpg 300w, https:\/\/urbincasa.es\/blog\/wp-content\/uploads\/2010\/06\/escudorm-309x300.jpg 309w, https:\/\/urbincasa.es\/blog\/wp-content\/uploads\/2010\/06\/escudorm.jpg 320w\" sizes=\"auto, (max-width: 300px) 100vw, 300px\" \/><\/p>\n<p><strong>La Consejer\u00eda de Agricultura y Agua nos han concedido el premio a la Cooperaci\u00f3n Empresarial dentro de los Premios de Desarrollo Sostenible para el a\u00f1o 2009<\/strong> (<a title=\"EL BORM\" href=\"http:\/\/www.croem.es\/web\/croemwebambiente.nsf\/ca9fbec891192b50c1256bd7004f727c\/208e14ffd4429358c1257742003abf2e\/$FILE\/Premios Desarrollo Sostenible 2009.pdf\" target=\"_blank\">BORM 134, de 14\/06\/2010<\/a>).<\/p>\n<p>Extracto del BORM:<\/p>\n<p><em>\u00abPor el establecimiento de un <strong>Premio Anual a la Ecoinnovaci\u00f3n y el Desarrollo de Actividades Econ\u00f3micas Sostenibles<\/strong>, dotado inicialmente con 6.000 \u20ac anuales, en colaboraci\u00f3n con la Universidad Polit\u00e9cnica de Cartagena dentro de un acuerdo de colaboraci\u00f3n para la <strong>\u201cpromoci\u00f3n de ecoinnovaciones y desarrollo de actividades econ\u00f3micas sostenibles\u201d<\/strong>. Este premio tiene como objeto <strong>motivar a los estudiantes de \u00faltimos cursos de ingenier\u00eda y los reci\u00e9n titulados, as\u00ed como a los departamentos de investigaci\u00f3n de la UPCT, para enfocar su investigaci\u00f3n en el desarrollo de nuevas tecnolog\u00edas destinadas al mejor aprovechamiento energ\u00e9tico y de los recursos naturales.<\/strong>\u00ab<\/em><\/p>\n<p>Nota: nos lo conceden &#8216;ex aequo&#8217; con la Asociaci\u00f3n Murciana de Log\u00edstica.<\/p>\n","protected":false},"excerpt":{"rendered":"<p>Hoy empezamos con buenas noticias: La Consejer\u00eda de Agricultura y Agua nos han concedido el premio a la Cooperaci\u00f3n Empresarial dentro de los Premios de Desarrollo Sostenible para el a\u00f1o 2009 (BORM 134, de 14\/06\/2010). Extracto del BORM: \u00abPor el establecimiento de un Premio Anual a la Ecoinnovaci\u00f3n y el Desarrollo de Actividades Econ\u00f3micas Sostenibles, [&hellip;]<\/p>\n","protected":false},"author":3,"featured_media":239,"comment_status":"open","ping_status":"open","sticky":false,"template":"","format":"standard","meta":{"footnotes":""},"categories":[7,11],"tags":[330,51,149,111,133],"class_list":["post-238","post","type-post","status-publish","format-standard","has-post-thumbnail","hentry","category-compromiso-social","category-informacion","tag-cooperacion-empresarial","tag-desarrollo-sostenible","tag-iniciativas","tag-premios","tag-universidad-politecnica-cartagena"],"_links":{"self":[{"href":"https:\/\/urbincasa.es\/blog\/wp-json\/wp\/v2\/posts\/238","targetHints":{"allow":["GET"]}}],"collection":[{"href":"https:\/\/urbincasa.es\/blog\/wp-json\/wp\/v2\/posts"}],"about":[{"href":"https:\/\/urbincasa.es\/blog\/wp-json\/wp\/v2\/types\/post"}],"author":[{"embeddable":true,"href":"https:\/\/urbincasa.es\/blog\/wp-json\/wp\/v2\/users\/3"}],"replies":[{"embeddable":true,"href":"https:\/\/urbincasa.es\/blog\/wp-json\/wp\/v2\/comments?post=238"}],"version-history":[{"count":2,"href":"https:\/\/urbincasa.es\/blog\/wp-json\/wp\/v2\/posts\/238\/revisions"}],"predecessor-version":[{"id":1683,"href":"https:\/\/urbincasa.es\/blog\/wp-json\/wp\/v2\/posts\/238\/revisions\/1683"}],"wp:featuredmedia":[{"embeddable":true,"href":"https:\/\/urbincasa.es\/blog\/wp-json\/wp\/v2\/media\/239"}],"wp:attachment":[{"href":"https:\/\/urbincasa.es\/blog\/wp-json\/wp\/v2\/media?parent=238"}],"wp:term":[{"taxonomy":"category","embeddable":true,"href":"https:\/\/urbincasa.es\/blog\/wp-json\/wp\/v2\/categories?post=238"},{"taxonomy":"post_tag","embeddable":true,"href":"https:\/\/urbincasa.es\/blog\/wp-json\/wp\/v2\/tags?post=238"}],"curies":[{"name":"wp","href":"https:\/\/api.w.org\/{rel}","templated":true}]}}