{"id":2392,"date":"2013-10-28T09:05:27","date_gmt":"2013-10-28T07:05:27","guid":{"rendered":"https:\/\/urbincasa.es\/blog\/?p=2392"},"modified":"2013-12-03T11:27:55","modified_gmt":"2013-12-03T09:27:55","slug":"noviembre-suena-a-jazz-en-cartagena","status":"publish","type":"post","link":"https:\/\/urbincasa.es\/blog\/2013\/10\/noviembre-suena-a-jazz-en-cartagena\/","title":{"rendered":"Noviembre suena a Jazz en Cartagena"},"content":{"rendered":"<div id=\"bsf_rt_marker\"><\/div><p><a href=\"https:\/\/urbincasa.es\/blog\/wp-content\/uploads\/2013\/09\/33-jazz-cartagena.jpg\"><img loading=\"lazy\" decoding=\"async\" class=\"size-medium wp-image-2393 alignleft\" alt=\"jazz en cartagena\" src=\"https:\/\/urbincasa.es\/blog\/wp-content\/uploads\/2013\/09\/33-jazz-cartagena-300x203.jpg\" width=\"300\" height=\"203\" srcset=\"https:\/\/urbincasa.es\/blog\/wp-content\/uploads\/2013\/09\/33-jazz-cartagena-300x203.jpg 300w, https:\/\/urbincasa.es\/blog\/wp-content\/uploads\/2013\/09\/33-jazz-cartagena-443x300.jpg 443w, https:\/\/urbincasa.es\/blog\/wp-content\/uploads\/2013\/09\/33-jazz-cartagena.jpg 960w\" sizes=\"auto, (max-width: 300px) 100vw, 300px\" \/><\/a>El <strong>Cartagena Jazz Festival<\/strong> cumple en esta edici\u00f3n 33 a\u00f1os con lo que se convierte en uno de los m\u00e1s longevos de Espa\u00f1a y por ello, entre otras cosas, en referente dentro y fuera de nuestro pa\u00eds.<\/p>\n<p>Este 2013, el festival va a ocupar todos los fines de semana del mes de <strong>Noviembre<\/strong>.<\/p>\n<p><b>En el programa encontramos nombres como Low, Chucho Vald\u00e9s<\/b><b>, Chano Dominguez<\/b>\u00a0o\u00a0<strong>The Waterboys<\/strong>, que se encargar\u00e1n de la clausura en donde celebrar\u00e1n el 25 aniversario de\u00a0la publicaci\u00f3n de\u00a0<i>Fisherman&#8217;s Blues,<\/i> la obra clave de la banda<b>.<\/b><\/p>\n<p><b><\/b>Los<b>\u00a0ocho concierto se distribuir\u00e1n entre\u00a0<\/b><b>el <\/b><strong>Nuevo Teatro Circo y el Auditorio El Batel.\u00a0<\/strong><\/p>\n<p>Las entradas est\u00e1n a la venta en taquilla e internet y tambi\u00e9n se han puesto a la venta\u00a0<b>200 abonos, de 65 euros<\/b>, que incluye<b>\u00a0todos los conciertos excepto el The Waterboys<\/b>.<\/p>\n<p>Seg\u00fan el director del festival, la 32\u00aa edici\u00f3n cont\u00f3 con m\u00e1s de 8.000 espectadores.<\/p>\n<p>El programa completo del festival de Jazz en Cartagena y m\u00e1s informaci\u00f3n en\u00a0<a href=\"https:\/\/www.jazzcartagena.es\/\" target=\"_blank\">www.jazzcartagena.es<\/a><\/p>\n<p><a href=\"https:\/\/urbincasa.es\/blog\/category\/vivir-en-cartagena\/\"><img loading=\"lazy\" decoding=\"async\" class=\"aligncenter size-medium wp-image-2834\" alt=\"VIVIR EN CARTAGENA\" src=\"https:\/\/urbincasa.es\/blog\/wp-content\/uploads\/2013\/12\/VIVIRENCARTAGENA-300x150.png\" width=\"300\" height=\"150\" srcset=\"https:\/\/urbincasa.es\/blog\/wp-content\/uploads\/2013\/12\/VIVIRENCARTAGENA-300x150.png 300w, https:\/\/urbincasa.es\/blog\/wp-content\/uploads\/2013\/12\/VIVIRENCARTAGENA.png 400w\" sizes=\"auto, (max-width: 300px) 100vw, 300px\" \/><\/a><\/p>\n","protected":false},"excerpt":{"rendered":"<p>El Cartagena Jazz Festival cumple en esta edici\u00f3n 33 a\u00f1os con lo que se convierte en uno de los m\u00e1s longevos de Espa\u00f1a y por ello, entre otras cosas, en referente dentro y fuera de nuestro pa\u00eds. Este 2013, el festival va a ocupar todos los fines de semana del mes de Noviembre. En el [&hellip;]<\/p>\n","protected":false},"author":3,"featured_media":2393,"comment_status":"open","ping_status":"open","sticky":false,"template":"","format":"standard","meta":{"footnotes":""},"categories":[247],"tags":[35,269,376,435],"class_list":["post-2392","post","type-post","status-publish","format-standard","has-post-thumbnail","hentry","category-vivir-en-cartagena","tag-cartagena","tag-cultura","tag-festival","tag-jazz"],"_links":{"self":[{"href":"https:\/\/urbincasa.es\/blog\/wp-json\/wp\/v2\/posts\/2392","targetHints":{"allow":["GET"]}}],"collection":[{"href":"https:\/\/urbincasa.es\/blog\/wp-json\/wp\/v2\/posts"}],"about":[{"href":"https:\/\/urbincasa.es\/blog\/wp-json\/wp\/v2\/types\/post"}],"author":[{"embeddable":true,"href":"https:\/\/urbincasa.es\/blog\/wp-json\/wp\/v2\/users\/3"}],"replies":[{"embeddable":true,"href":"https:\/\/urbincasa.es\/blog\/wp-json\/wp\/v2\/comments?post=2392"}],"version-history":[{"count":10,"href":"https:\/\/urbincasa.es\/blog\/wp-json\/wp\/v2\/posts\/2392\/revisions"}],"predecessor-version":[{"id":2839,"href":"https:\/\/urbincasa.es\/blog\/wp-json\/wp\/v2\/posts\/2392\/revisions\/2839"}],"wp:featuredmedia":[{"embeddable":true,"href":"https:\/\/urbincasa.es\/blog\/wp-json\/wp\/v2\/media\/2393"}],"wp:attachment":[{"href":"https:\/\/urbincasa.es\/blog\/wp-json\/wp\/v2\/media?parent=2392"}],"wp:term":[{"taxonomy":"category","embeddable":true,"href":"https:\/\/urbincasa.es\/blog\/wp-json\/wp\/v2\/categories?post=2392"},{"taxonomy":"post_tag","embeddable":true,"href":"https:\/\/urbincasa.es\/blog\/wp-json\/wp\/v2\/tags?post=2392"}],"curies":[{"name":"wp","href":"https:\/\/api.w.org\/{rel}","templated":true}]}}