{"id":2427,"date":"2013-09-26T17:04:04","date_gmt":"2013-09-26T15:04:04","guid":{"rendered":"https:\/\/urbincasa.es\/blog\/?p=2427"},"modified":"2013-09-26T17:07:49","modified_gmt":"2013-09-26T15:07:49","slug":"fiestas-virgen-del-rosario-guardamar-del-segura","status":"publish","type":"post","link":"https:\/\/urbincasa.es\/blog\/2013\/09\/fiestas-virgen-del-rosario-guardamar-del-segura\/","title":{"rendered":"Fiestas de la Virgen del Rosario en Guardamar del Segura"},"content":{"rendered":"<div id=\"bsf_rt_marker\"><\/div><p>\u00a1Vaya racha llevamos! Desde que lleg\u00f3 el mes de Septiembre no hemos hecho m\u00e1s que anunciar fiestas, y es que la vuelta al cole para muchos de nuestros vecinos se hace m\u00e1s llevadera con las fiestas locales.<\/p>\n<p>Los primeros en pasarlo en grande fueron los vecinos de <a title=\"Programa de Moros y Cristianos 2013 \u2013 Santa Pola\" href=\"https:\/\/urbincasa.es\/blog\/2013\/08\/programa-moros-y-cristianos-2013-santa-pola\/\">Santa Pola con los Moros y Cristianos<\/a>, despu\u00e9s los de <a title=\"Programa carthagineses y romanos 2013 \u2013 Cartagena\" href=\"https:\/\/urbincasa.es\/blog\/2013\/09\/programa-carthagineses-y-romanos-2013-cartagena\/\">Cartagena con los Carthagineses y Romanos<\/a> y hoy traemos el programa de las fiestas de la <strong>Virgen del Rosario de <a href=\"https:\/\/urbincasa.es\/inmobiliaria\/es\/promociones\/3\/guardamar-segura\/residencial-puertomarino\/2\">Guardamar del Segura<\/a><\/strong>.\u00a0<!--more--><\/p>\n<p><span style=\"text-decoration: underline;\"><b>S\u00e1bado 28 de septiembre<\/b><\/span><\/p>\n<p><b>13:00h<\/b>\u00a0Disparo de cohetes y volteo de campanas<br \/>\n<b>19:30h<\/b>\u00a0Rezo del Santo Rosario<br \/>\n<b>19:50h<\/b>\u00a0Solemne traslado de nuestra Patrona desde su Capilla al Altar Mayor y Eucarist\u00eda.<br \/>\n<b>20:00h<\/b>\u00a0Santa Misa con Homil\u00eda y oraci\u00f3n por los enfermos y besamanos.<\/p>\n<p><span style=\"text-decoration: underline;\"><b>Domingo 29 de septiembre<\/b><\/span><br \/>\n<b>13:00h<\/b>\u00a0disparo de cohetes y volteo de campanas<br \/>\n<b>17:00h<\/b>\u00a0Gran Carrera de Autos Locos en la calle Molivent. Premios en met\u00e1lico al veh\u00edculo m\u00e1s original y al m\u00e1s r\u00e1pido.<br \/>\n<b>19:30h<\/b>\u00a0Rezo del Santo Rosario<br \/>\n<b>20:00h<\/b>\u00a0Santa Misa con Homil\u00eda<\/p>\n<p><span style=\"text-decoration: underline;\"><b>Lunes 30 de septiembre<\/b><\/span><br \/>\n<b>13:00h<\/b>\u00a0Disparo de cohetes y volteo de campanas<br \/>\n<b>19:30h<\/b>\u00a0Rezo del Santo Rosario<br \/>\n<b>20:00h<\/b>\u00a0Santa Misa con Homil\u00eda<\/p>\n<p><span style=\"text-decoration: underline;\"><b>Martes 1 de octubre<\/b><\/span><br \/>\n<b>13:00h<\/b>\u00a0Disparo de cohetes y volteo de campanas<br \/>\n<b>19:30h<\/b>\u00a0Rezo del Santo Rosario<br \/>\n<b>20:00h<\/b>\u00a0Santa Misa con Homil\u00eda<\/p>\n<p><span style=\"text-decoration: underline;\"><b>Mi\u00e9rcoles 2 de octubre<\/b><\/span><br \/>\n<b>13:00h<\/b>\u00a0Disparo de cohetes y volteo de campanas<br \/>\n<b>19:30h<\/b>\u00a0Rezo del Santo Rosario<br \/>\n<b>20:00h<\/b>\u00a0Santa Misa con Homil\u00eda<\/p>\n<p><span style=\"text-decoration: underline;\"><b>Jueves 3 de octubre<\/b><\/span><b><br \/>\n13:00h<\/b>\u00a0Disparo de cohetes y volteo de campanas<br \/>\n<b>19:30h<\/b>\u00a0Rezo del Santo Rosario<br \/>\n<b>20:00h<\/b>\u00a0Santa Misa con Homil\u00eda<\/p>\n<p><span style=\"text-decoration: underline;\"><b>Viernes 4 de octubre<\/b><\/span><br \/>\n<b>13:00h<\/b>\u00a0Disparo de cohetes y volteo de campanas<br \/>\n19:30h Rezo del Santo Rosario<br \/>\n<b>20:00h<\/b>\u00a0Santa Misa con Homil\u00eda. Presentaci\u00f3n y Ofrenda de los ni\u00f1os a la Sant\u00edsima Virgen.<br \/>\n<strong>22:00h\u00a0INAUGURACI\u00d3N del Recinto Festero<\/strong> en los bajos del Ayuntamiento. Actuaci\u00f3n del Ballet de Chari Candela y de los cantantes Ana Aldeguer y Pedro T\u00e9var.<\/p>\n<p><span style=\"text-decoration: underline;\"><b>S\u00e1bado 5 de octubre<\/b><\/span><br \/>\n<b>10:00h<\/b>\u00a0IV Trofeo de Petanca Virgen del Rosario en las pistas de Petanca del Parque Reina Sof\u00eda.<br \/>\n<b>11:30h<\/b>\u00a0En los bajos del Ayuntamiento LOS NI\u00d1OS FELICITAN A NUESTRA PATRONA. Juegos, canciones y todo lo necesario para que los ni\u00f1os lo pasen en grande.<br \/>\n<b>13:00h<\/b>\u00a0Disparo de cohetes y volteo de campanas<br \/>\n<b>19:30h<\/b>\u00a0Rezo del Santo Rosario<br \/>\n<b>20:00h<\/b>\u00a0Santa Misa con Homil\u00eda.\u00a0Despu\u00e9s de la Misa, OFRENDA DE FLORES a nuestra Patrona. Desfile se iniciar\u00e1 desde la calle Migdia. Al finalizar, JOTA EN HONOR A NUESTRA PATRONA, a cargo del Ballet de Jacqueline y la rondalla \u201cLa eterna juventud\u201d.<br \/>\n<b>22:00h<\/b>\u00a0Actuaci\u00f3n de m\u00fasica en vivo en el recinto festero.<\/p>\n<p><span style=\"text-decoration: underline;\"><b>Domingo 6 de octubre<\/b><\/span><br \/>\n<b>11:00h<\/b>\u00a0TROFEO DE F\u00daTBOL \u201cVIRGEN DEL ROSARIO\u201d en el Complejo Deportivo \u201cLes Raboses\u201d entre las Pe\u00f1as guardamarencas del Elche C. F. y del H\u00e9rcules C. F.<br \/>\n<b>13:00h<\/b>\u00a0Disparo de cohetes y volteo de campanas<br \/>\n<b>19:30h<\/b>\u00a0Rezo del Santo Rosario<br \/>\n<b>20:00h<\/b>\u00a0Santa Misa con Homil\u00eda<\/p>\n<p><span style=\"text-decoration: underline;\"><b>Lunes 7 de octubre<\/b><\/span><br \/>\n<b>D\u00cdA GRANDE Y SOLEMNE DE NUESTRA SE\u00d1ORA DEL ROSARIO<\/b><br \/>\n<b>07:00h<\/b>\u00a0Rosario de la Aurora, presidido por la imagen peque\u00f1a de la Virgen.<br \/>\nSanta Misa, al terminar el Rosario. Preside y predica el Rvdo. Sr. D. Manuel Vicente Linares. Coro: \u201cAuroros de Guardamar\u201d<br \/>\n<b>10:30h<\/b>\u00a0Pasacalles a cargo de la Agrupaci\u00f3n Musical \u201cSe\u00f1or del Monte\u201d<br \/>\n<b>12:00h<\/b>\u00a0SOLEMNE EUCARIST\u00cdA concelebrada por los Sacerdotes de la Parroquia y del Arciprestazgo.<br \/>\n<b>13:00h<\/b>\u00a0Disparo de cohetes y volteo de campanas<br \/>\n<b>18:15h<\/b>\u00a0Rezo del Santo Rosario<br \/>\n<b>19:00h<\/b>\u00a0Santa Misa<br \/>\n<b>20:00h<\/b>\u00a0SOLEMNE Y TRIUNFAL PROCESI\u00d3N con la imagen de nuestra Patrona la Virgen del Rosario.<br \/>\nGRAN CASTILLO DE FUEGOS ARTIFICIALES<\/p>\n<p><em>*Fuente: Guardamar turismo<\/em><\/p>\n","protected":false},"excerpt":{"rendered":"<p>\u00a1Vaya racha llevamos! Desde que lleg\u00f3 el mes de Septiembre no hemos hecho m\u00e1s que anunciar fiestas, y es que la vuelta al cole para muchos de nuestros vecinos se hace m\u00e1s llevadera con las fiestas locales. Los primeros en pasarlo en grande fueron los vecinos de Santa Pola con los Moros y Cristianos, despu\u00e9s [&hellip;]<\/p>\n","protected":false},"author":3,"featured_media":2428,"comment_status":"open","ping_status":"open","sticky":false,"template":"","format":"standard","meta":{"footnotes":""},"categories":[331],"tags":[392,371,407,219],"class_list":["post-2427","post","type-post","status-publish","format-standard","has-post-thumbnail","hentry","category-vivir-en-alicante","tag-fiestas","tag-programa","tag-rosario","tag-turismo"],"_links":{"self":[{"href":"https:\/\/urbincasa.es\/blog\/wp-json\/wp\/v2\/posts\/2427","targetHints":{"allow":["GET"]}}],"collection":[{"href":"https:\/\/urbincasa.es\/blog\/wp-json\/wp\/v2\/posts"}],"about":[{"href":"https:\/\/urbincasa.es\/blog\/wp-json\/wp\/v2\/types\/post"}],"author":[{"embeddable":true,"href":"https:\/\/urbincasa.es\/blog\/wp-json\/wp\/v2\/users\/3"}],"replies":[{"embeddable":true,"href":"https:\/\/urbincasa.es\/blog\/wp-json\/wp\/v2\/comments?post=2427"}],"version-history":[{"count":5,"href":"https:\/\/urbincasa.es\/blog\/wp-json\/wp\/v2\/posts\/2427\/revisions"}],"predecessor-version":[{"id":2433,"href":"https:\/\/urbincasa.es\/blog\/wp-json\/wp\/v2\/posts\/2427\/revisions\/2433"}],"wp:featuredmedia":[{"embeddable":true,"href":"https:\/\/urbincasa.es\/blog\/wp-json\/wp\/v2\/media\/2428"}],"wp:attachment":[{"href":"https:\/\/urbincasa.es\/blog\/wp-json\/wp\/v2\/media?parent=2427"}],"wp:term":[{"taxonomy":"category","embeddable":true,"href":"https:\/\/urbincasa.es\/blog\/wp-json\/wp\/v2\/categories?post=2427"},{"taxonomy":"post_tag","embeddable":true,"href":"https:\/\/urbincasa.es\/blog\/wp-json\/wp\/v2\/tags?post=2427"}],"curies":[{"name":"wp","href":"https:\/\/api.w.org\/{rel}","templated":true}]}}