{"id":2503,"date":"2013-10-16T09:05:02","date_gmt":"2013-10-16T07:05:02","guid":{"rendered":"https:\/\/urbincasa.es\/blog\/?p=2503"},"modified":"2015-06-25T17:44:00","modified_gmt":"2015-06-25T15:44:00","slug":"destacamos-enorme-y-centrico-piso-en-cartagena-venta","status":"publish","type":"post","link":"https:\/\/urbincasa.es\/blog\/2013\/10\/destacamos-enorme-y-centrico-piso-en-cartagena-venta\/","title":{"rendered":"Destacamos: Enorme y c\u00e9ntrico piso en Cartagena (en venta)"},"content":{"rendered":"<div id=\"bsf_rt_marker\"><\/div><p>Continuamos mostrandoos nuestras casas destacadas que selecciona el equipo de nuestra <a href=\"http:\/\/www.urbincasa.es\">inmobiliaria en Cartagena<\/a>, Urbincasashop.<\/p>\n<p>Esta semana os traemos un <strong>c\u00e9ntrico piso en Cartagena<\/strong> con m\u00e1s de 100 m2 de terraza<\/p>\n<p><!--more--><\/p>\n<p>Est\u00e1 claro que \u00abpara gustos, colores\u00bb y de la misma forma que hay quien viene a <a href=\"http:\/\/www.urbincasashop.com\">UrbincasaShop<\/a> pidiendo casas o pisos en las afueras tambi\u00e9n los hay que no conciben vivir fuera del centro de la ciudad.<\/p>\n<p>La mayor\u00eda de las personas creen que vivir en el centro (en la zona de la calle Real a la Plaza San Francisco) significa vivir en un piso viejo, sin ascensor, peque\u00f1o y sin luz \u00a1Nada m\u00e1s lejos de la realidad! Hoy os traemos el ejemplo, de todo lo contario.<\/p>\n<p><strong>\u00bfPor qu\u00e9 destacamos este piso en Cartagena?<\/strong><\/p>\n<p>&#8211;\u00a0<span style=\"text-decoration: underline;\">Ubicaci\u00f3n<\/span>: En pleno centro hist\u00f3rico de Cartagena, es la ubicaci\u00f3n perfecta para el que quiere vivir sin coger el coche para pr\u00e1cticamente nada y empaparse de la vida cartagenera.<\/p>\n<p>&#8211; <span style=\"text-decoration: underline;\">Espacio<\/span>: Con 3 dormitorios y 3 ba\u00f1os, no hay problemas de espacio y de tiempo a la hora de organizarse para ir a trabajar o a la escuela.<\/p>\n<p>&#8211; <span style=\"text-decoration: underline;\">Luz<\/span>: A pesar de encontrarse en las calles m\u00e1s c\u00e9ntricas de Cartagena, el piso est\u00e1 muy iluminado con luz natural ya que la mayor\u00eda de sus habitaciones, incluido el sal\u00f3n y cocina, dan a <strong>exterior<\/strong>.<\/p>\n<p>&#8211; <span style=\"text-decoration: underline;\">Terraza<\/span>: <strong>140 metros cuadrados de terraza<\/strong> dan para mucho. Ni\u00f1os y mayores, disfrutar\u00e1n sin problema del aire libre cuando quieran.<\/p>\n<p>&#8211; <span style=\"text-decoration: underline;\">Extras:<\/span> Este piso tiene <strong>aire acondicionado<\/strong>, <strong>2 plazas de garaje<\/strong>, calefacci\u00f3n y agua caliente individual, \u00a0armarios empotrados, cocina equipada y por supuesto <strong>ascensor<\/strong>.<\/p>\n<div id='gallery-1' class='gallery galleryid-2503 gallery-columns-2 gallery-size-thumbnail'><figure class='gallery-item'>\n\t\t\t<div class='gallery-icon landscape'>\n\t\t\t\t<a href='https:\/\/urbincasa.es\/blog\/2013\/10\/destacamos-enorme-y-centrico-piso-en-cartagena-venta\/img_0382-large\/'><img loading=\"lazy\" decoding=\"async\" width=\"150\" height=\"150\" src=\"https:\/\/urbincasa.es\/blog\/wp-content\/uploads\/2013\/10\/IMG_0382-Large-150x150.jpg\" class=\"attachment-thumbnail size-thumbnail\" alt=\"piso en cartagena\" aria-describedby=\"gallery-1-2507\" \/><\/a>\n\t\t\t<\/div>\n\t\t\t\t<figcaption class='wp-caption-text gallery-caption' id='gallery-1-2507'>\n\t\t\t\tCocina\n\t\t\t\t<\/figcaption><\/figure><figure class='gallery-item'>\n\t\t\t<div class='gallery-icon landscape'>\n\t\t\t\t<a href='https:\/\/urbincasa.es\/blog\/2013\/10\/destacamos-enorme-y-centrico-piso-en-cartagena-venta\/img_0387-large\/'><img loading=\"lazy\" decoding=\"async\" width=\"150\" height=\"150\" src=\"https:\/\/urbincasa.es\/blog\/wp-content\/uploads\/2013\/10\/IMG_0387-Large-150x150.jpg\" class=\"attachment-thumbnail size-thumbnail\" alt=\"piso en cartagena\" aria-describedby=\"gallery-1-2508\" \/><\/a>\n\t\t\t<\/div>\n\t\t\t\t<figcaption class='wp-caption-text gallery-caption' id='gallery-1-2508'>\n\t\t\t\tUno de los tres ba\u00f1os\n\t\t\t\t<\/figcaption><\/figure><figure class='gallery-item'>\n\t\t\t<div class='gallery-icon landscape'>\n\t\t\t\t<a href='https:\/\/urbincasa.es\/blog\/2013\/10\/destacamos-enorme-y-centrico-piso-en-cartagena-venta\/img_0401-large\/'><img loading=\"lazy\" decoding=\"async\" width=\"150\" height=\"150\" src=\"https:\/\/urbincasa.es\/blog\/wp-content\/uploads\/2013\/10\/IMG_0401-Large-150x150.jpg\" class=\"attachment-thumbnail size-thumbnail\" alt=\"piso en cartagena\" aria-describedby=\"gallery-1-2509\" \/><\/a>\n\t\t\t<\/div>\n\t\t\t\t<figcaption class='wp-caption-text gallery-caption' id='gallery-1-2509'>\n\t\t\t\tAmpl\u00edsima terraza\n\t\t\t\t<\/figcaption><\/figure><figure class='gallery-item'>\n\t\t\t<div class='gallery-icon landscape'>\n\t\t\t\t<a href='https:\/\/urbincasa.es\/blog\/2013\/10\/destacamos-enorme-y-centrico-piso-en-cartagena-venta\/img_0376-large\/'><img loading=\"lazy\" decoding=\"async\" width=\"150\" height=\"150\" src=\"https:\/\/urbincasa.es\/blog\/wp-content\/uploads\/2013\/10\/IMG_0376-Large-150x150.jpg\" class=\"attachment-thumbnail size-thumbnail\" alt=\"piso en cartagena\" aria-describedby=\"gallery-1-2510\" \/><\/a>\n\t\t\t<\/div>\n\t\t\t\t<figcaption class='wp-caption-text gallery-caption' id='gallery-1-2510'>\n\t\t\t\tSal\u00f3n luminoso\n\t\t\t\t<\/figcaption><\/figure>\n\t\t<\/div>\n\n<p>Puedes ver el anuncio completo,\u00a0<strong>pedir informaci\u00f3n e incluso solicitar visitarla<\/strong>\u00a0<a title=\"Piso en Cartagena\" href=\"https:\/\/urbincasa.es\/inmobiliaria\/es\/viviendas\/4\/cartagena-playas\/magnifico-piso-venta-c-aire\/3716-001817\/?fuente=a0eD000000EyAelIAF\">AQU\u00cd<\/a><\/p>\n<h2>Te puede interesar ver en nuestro blog otras\u00a0<a title=\"Casas en Cartagena\" href=\"https:\/\/urbincasa.es\/blog\/category\/viviendas-cartagena\/\" target=\"_blank\">viviendas destacadas en Cartagena<\/a><\/h2>\n","protected":false},"excerpt":{"rendered":"<p>Continuamos mostrandoos nuestras casas destacadas que selecciona el equipo de nuestra inmobiliaria en Cartagena, Urbincasashop. Esta semana os traemos un c\u00e9ntrico piso en Cartagena con m\u00e1s de 100 m2 de terraza<\/p>\n","protected":false},"author":3,"featured_media":2506,"comment_status":"open","ping_status":"open","sticky":false,"template":"","format":"standard","meta":{"footnotes":""},"categories":[17,281,23],"tags":[35,417,314,294,418],"class_list":["post-2503","post","type-post","status-publish","format-standard","has-post-thumbnail","hentry","category-ofertas","category-urbincasashop","category-viviendas-cartagena","tag-cartagena","tag-centro","tag-comprar-casa","tag-inmobiliaria","tag-piso-en-venta"],"_links":{"self":[{"href":"https:\/\/urbincasa.es\/blog\/wp-json\/wp\/v2\/posts\/2503","targetHints":{"allow":["GET"]}}],"collection":[{"href":"https:\/\/urbincasa.es\/blog\/wp-json\/wp\/v2\/posts"}],"about":[{"href":"https:\/\/urbincasa.es\/blog\/wp-json\/wp\/v2\/types\/post"}],"author":[{"embeddable":true,"href":"https:\/\/urbincasa.es\/blog\/wp-json\/wp\/v2\/users\/3"}],"replies":[{"embeddable":true,"href":"https:\/\/urbincasa.es\/blog\/wp-json\/wp\/v2\/comments?post=2503"}],"version-history":[{"count":12,"href":"https:\/\/urbincasa.es\/blog\/wp-json\/wp\/v2\/posts\/2503\/revisions"}],"predecessor-version":[{"id":2516,"href":"https:\/\/urbincasa.es\/blog\/wp-json\/wp\/v2\/posts\/2503\/revisions\/2516"}],"wp:featuredmedia":[{"embeddable":true,"href":"https:\/\/urbincasa.es\/blog\/wp-json\/wp\/v2\/media\/2506"}],"wp:attachment":[{"href":"https:\/\/urbincasa.es\/blog\/wp-json\/wp\/v2\/media?parent=2503"}],"wp:term":[{"taxonomy":"category","embeddable":true,"href":"https:\/\/urbincasa.es\/blog\/wp-json\/wp\/v2\/categories?post=2503"},{"taxonomy":"post_tag","embeddable":true,"href":"https:\/\/urbincasa.es\/blog\/wp-json\/wp\/v2\/tags?post=2503"}],"curies":[{"name":"wp","href":"https:\/\/api.w.org\/{rel}","templated":true}]}}