{"id":2630,"date":"2013-11-06T09:00:00","date_gmt":"2013-11-06T07:00:00","guid":{"rendered":"https:\/\/urbincasa.es\/blog\/?p=2630"},"modified":"2015-06-25T17:43:45","modified_gmt":"2015-06-25T15:43:45","slug":"destacamos-atico-en-cartagena-en-venta","status":"publish","type":"post","link":"https:\/\/urbincasa.es\/blog\/2013\/11\/destacamos-atico-en-cartagena-en-venta\/","title":{"rendered":"Destacamos: Moderno \u00e1tico en Cartagena (en venta)"},"content":{"rendered":"<div id=\"bsf_rt_marker\"><\/div><p>Nuestros compa\u00f1eros de UrbincasaShop nos traen en esta ocasi\u00f3n una vivienda de \u00abaltos vuelos\u00bb, un estupendo <strong>\u00e1tico en Cartagena\u00a0<\/strong>para los que busquen una casa nueva, con bastante espacio y vistas sin salir de la ciudad.<!--more--><\/p>\n<p><a href=\"https:\/\/urbincasa.es\/blog\/wp-content\/uploads\/2013\/10\/atico-en-cartagena-11.jpg\"><img loading=\"lazy\" decoding=\"async\" class=\" wp-image-2645 alignleft\" alt=\"\u00e1tico en Cartagena\" src=\"https:\/\/urbincasa.es\/blog\/wp-content\/uploads\/2013\/10\/atico-en-cartagena-11-300x225.jpg\" width=\"210\" height=\"158\" srcset=\"https:\/\/urbincasa.es\/blog\/wp-content\/uploads\/2013\/10\/atico-en-cartagena-11-300x225.jpg 300w, https:\/\/urbincasa.es\/blog\/wp-content\/uploads\/2013\/10\/atico-en-cartagena-11-400x300.jpg 400w, https:\/\/urbincasa.es\/blog\/wp-content\/uploads\/2013\/10\/atico-en-cartagena-11.jpg 800w\" sizes=\"auto, (max-width: 210px) 100vw, 210px\" \/><\/a>Ya hemos hablado en alguna otra ocasi\u00f3n de otros <a href=\"https:\/\/urbincasa.es\/blog\/2013\/06\/destacamos-venta-atico-en-la-manga\/\">\u00e1ticos en Cartagena<\/a>\u00a0pero esta es la primera vez que os traemos uno en el casco urbano. Se trata de un \u00e1tico en la zona del ensanche de Cartagena.<\/p>\n<p><strong>\u00bfPor qu\u00e9 destacamos este \u00e1tico en Cartagena?<\/strong><\/p>\n<p>&#8211; <span style=\"text-decoration: underline;\">Estado:<\/span>\u00a0La vivienda se encuentra en estupendo estado. El edificio tiene muy pocos a\u00f1os y la vivienda est\u00e1 como nueva.<\/p>\n<p>&#8211; <span style=\"text-decoration: underline;\">Vistas<\/span>: Siempre que hablamos de \u00e1ticos, tenemos que destacar las vistas. En esta ocasi\u00f3n con una <em>terraza de 20 metros<\/em> para disfrutar del aire libre viviendo en un piso.<\/p>\n<p>&#8211; <span style=\"text-decoration: underline;\">Dise\u00f1o moderno<\/span>: Adem\u00e1s de estar en muy buenas condiciones, destaca de este \u00e1tico el dise\u00f1o. La cocina y los detalles, como la separaci\u00f3n transl\u00facida de la entrada muestran como se han tenido en cuenta los detalles.<\/p>\n<p>&#8211; <span style=\"text-decoration: underline;\">Estancias<\/span>: Este \u00e1tico cuenta con 3 dormitorios y 2 ba\u00f1os, por lo que puede ser una estupenda residencia familiar.<\/p>\n<p>&#8211; <span style=\"text-decoration: underline;\">Servicios<\/span>: Se encuentra en una zona de Cartagena muy c\u00f3moda para vivir ya que cuenta con varios supermercados muy cerca, buenas conexiones con transporte p\u00fablico, se puede ir al centro andando y tiene una estupenda conexi\u00f3n con la autov\u00eda sin necesidad de atravesar la ciudad.<\/p>\n<div id='gallery-1' class='gallery galleryid-2630 gallery-columns-3 gallery-size-thumbnail'><figure class='gallery-item'>\n\t\t\t<div class='gallery-icon landscape'>\n\t\t\t\t<a href='https:\/\/urbincasa.es\/blog\/2013\/11\/destacamos-atico-en-cartagena-en-venta\/atico-en-cartagena-4\/'><img loading=\"lazy\" decoding=\"async\" width=\"150\" height=\"150\" src=\"https:\/\/urbincasa.es\/blog\/wp-content\/uploads\/2013\/10\/atico-en-cartagena-4-150x150.jpg\" class=\"attachment-thumbnail size-thumbnail\" alt=\"\u00e1tico en Cartagena\" aria-describedby=\"gallery-1-2648\" \/><\/a>\n\t\t\t<\/div>\n\t\t\t\t<figcaption class='wp-caption-text gallery-caption' id='gallery-1-2648'>\n\t\t\t\tSal\u00f3n comedor\n\t\t\t\t<\/figcaption><\/figure><figure class='gallery-item'>\n\t\t\t<div class='gallery-icon landscape'>\n\t\t\t\t<a href='https:\/\/urbincasa.es\/blog\/2013\/11\/destacamos-atico-en-cartagena-en-venta\/atico-en-cartagena\/'><img loading=\"lazy\" decoding=\"async\" width=\"150\" height=\"150\" src=\"https:\/\/urbincasa.es\/blog\/wp-content\/uploads\/2013\/10\/atico-en-cartagena-150x150.jpg\" class=\"attachment-thumbnail size-thumbnail\" alt=\"\u00e1tico en Cartagena\" aria-describedby=\"gallery-1-2650\" \/><\/a>\n\t\t\t<\/div>\n\t\t\t\t<figcaption class='wp-caption-text gallery-caption' id='gallery-1-2650'>\n\t\t\t\tDormitorio\n\t\t\t\t<\/figcaption><\/figure><figure class='gallery-item'>\n\t\t\t<div class='gallery-icon landscape'>\n\t\t\t\t<a href='https:\/\/urbincasa.es\/blog\/2013\/11\/destacamos-atico-en-cartagena-en-venta\/atico-en-cartagena-5\/'><img loading=\"lazy\" decoding=\"async\" width=\"150\" height=\"150\" src=\"https:\/\/urbincasa.es\/blog\/wp-content\/uploads\/2013\/10\/atico-en-cartagena-5-150x150.jpg\" class=\"attachment-thumbnail size-thumbnail\" alt=\"\u00e1tico en Cartagena\" aria-describedby=\"gallery-1-2649\" \/><\/a>\n\t\t\t<\/div>\n\t\t\t\t<figcaption class='wp-caption-text gallery-caption' id='gallery-1-2649'>\n\t\t\t\tDormitorio principal\n\t\t\t\t<\/figcaption><\/figure><figure class='gallery-item'>\n\t\t\t<div class='gallery-icon landscape'>\n\t\t\t\t<a href='https:\/\/urbincasa.es\/blog\/2013\/11\/destacamos-atico-en-cartagena-en-venta\/atico-en-cartagena-2\/'><img loading=\"lazy\" decoding=\"async\" width=\"150\" height=\"150\" src=\"https:\/\/urbincasa.es\/blog\/wp-content\/uploads\/2013\/10\/atico-en-cartagena-2-150x150.jpg\" class=\"attachment-thumbnail size-thumbnail\" alt=\"\u00e1tico en Cartagena\" aria-describedby=\"gallery-1-2646\" \/><\/a>\n\t\t\t<\/div>\n\t\t\t\t<figcaption class='wp-caption-text gallery-caption' id='gallery-1-2646'>\n\t\t\t\tEstancia principal\n\t\t\t\t<\/figcaption><\/figure><figure class='gallery-item'>\n\t\t\t<div class='gallery-icon landscape'>\n\t\t\t\t<a href='https:\/\/urbincasa.es\/blog\/2013\/11\/destacamos-atico-en-cartagena-en-venta\/atico-en-cartagena-1\/'><img loading=\"lazy\" decoding=\"async\" width=\"150\" height=\"150\" src=\"https:\/\/urbincasa.es\/blog\/wp-content\/uploads\/2013\/10\/atico-en-cartagena-1-150x150.jpg\" class=\"attachment-thumbnail size-thumbnail\" alt=\"\u00e1tico en Cartagena\" aria-describedby=\"gallery-1-2644\" \/><\/a>\n\t\t\t<\/div>\n\t\t\t\t<figcaption class='wp-caption-text gallery-caption' id='gallery-1-2644'>\n\t\t\t\tCocina moderna\n\t\t\t\t<\/figcaption><\/figure>\n\t\t<\/div>\n\n<p><strong>Puedes ver el anuncio completo y solicitar ir a visitarlo <a title=\"\u00e1tico en cartagena\" href=\"https:\/\/urbincasa.es\/inmobiliaria\/es\/viviendas\/4\/cartagena-playas\/super-atico-angel-bruna\/3716-001706\/?fuente=CDblog\">AQU\u00cd<\/a><\/strong><\/p>\n<h2>Te puede interesar ver en nuestro blog otras\u00a0<a title=\"Casas en Cartagena\" href=\"https:\/\/urbincasa.es\/blog\/category\/viviendas-cartagena\/\" target=\"_blank\">viviendas destacadas en Cartagena<\/a><\/h2>\n","protected":false},"excerpt":{"rendered":"<p>Nuestros compa\u00f1eros de UrbincasaShop nos traen en esta ocasi\u00f3n una vivienda de \u00abaltos vuelos\u00bb, un estupendo \u00e1tico en Cartagena\u00a0para los que busquen una casa nueva, con bastante espacio y vistas sin salir de la ciudad.<\/p>\n","protected":false},"author":3,"featured_media":2645,"comment_status":"open","ping_status":"open","sticky":false,"template":"","format":"standard","meta":{"footnotes":""},"categories":[281,23],"tags":[361,35,314,363,294,289],"class_list":["post-2630","post","type-post","status-publish","format-standard","has-post-thumbnail","hentry","category-urbincasashop","category-viviendas-cartagena","tag-atico","tag-cartagena","tag-comprar-casa","tag-destacada","tag-inmobiliaria","tag-oferta"],"_links":{"self":[{"href":"https:\/\/urbincasa.es\/blog\/wp-json\/wp\/v2\/posts\/2630","targetHints":{"allow":["GET"]}}],"collection":[{"href":"https:\/\/urbincasa.es\/blog\/wp-json\/wp\/v2\/posts"}],"about":[{"href":"https:\/\/urbincasa.es\/blog\/wp-json\/wp\/v2\/types\/post"}],"author":[{"embeddable":true,"href":"https:\/\/urbincasa.es\/blog\/wp-json\/wp\/v2\/users\/3"}],"replies":[{"embeddable":true,"href":"https:\/\/urbincasa.es\/blog\/wp-json\/wp\/v2\/comments?post=2630"}],"version-history":[{"count":21,"href":"https:\/\/urbincasa.es\/blog\/wp-json\/wp\/v2\/posts\/2630\/revisions"}],"predecessor-version":[{"id":2664,"href":"https:\/\/urbincasa.es\/blog\/wp-json\/wp\/v2\/posts\/2630\/revisions\/2664"}],"wp:featuredmedia":[{"embeddable":true,"href":"https:\/\/urbincasa.es\/blog\/wp-json\/wp\/v2\/media\/2645"}],"wp:attachment":[{"href":"https:\/\/urbincasa.es\/blog\/wp-json\/wp\/v2\/media?parent=2630"}],"wp:term":[{"taxonomy":"category","embeddable":true,"href":"https:\/\/urbincasa.es\/blog\/wp-json\/wp\/v2\/categories?post=2630"},{"taxonomy":"post_tag","embeddable":true,"href":"https:\/\/urbincasa.es\/blog\/wp-json\/wp\/v2\/tags?post=2630"}],"curies":[{"name":"wp","href":"https:\/\/api.w.org\/{rel}","templated":true}]}}