{"id":2772,"date":"2013-11-27T19:38:33","date_gmt":"2013-11-27T17:38:33","guid":{"rendered":"https:\/\/urbincasa.es\/blog\/?p=2772"},"modified":"2014-03-13T18:16:38","modified_gmt":"2014-03-13T16:16:38","slug":"el-turismo-residencial-en-la-region-de-murcia","status":"publish","type":"post","link":"https:\/\/urbincasa.es\/blog\/2013\/11\/el-turismo-residencial-en-la-region-de-murcia\/","title":{"rendered":"El Turismo Residencial en la Regi\u00f3n de Murcia"},"content":{"rendered":"<div id=\"bsf_rt_marker\"><\/div><p>Asistimos a las<strong> IV Jornadas de Turismo Residencial<\/strong> organizada por la asociaci\u00f3n de promotores inmobiliarios de la Regi\u00f3n de Murcia (<a title=\"Web de la asociaci\u00f3n de promotores de la Regi\u00f3n de Murcia\" href=\"http:\/\/www.apirm.es\/\" target=\"_blank\">APIRM<\/a>). Un d\u00eda de intercambio de impresiones desde diferentes puntos de vista, del que sacamos much\u00edsimas conclusiones. <!--more--><\/p>\n<p><a href=\"https:\/\/urbincasa.es\/blog\/wp-content\/uploads\/2013\/11\/file000610153450.jpg\"><img loading=\"lazy\" decoding=\"async\" class=\"size-medium wp-image-2782 alignleft\" alt=\"Turismo residencial en la regi\u00f3n de Murcia\" src=\"https:\/\/urbincasa.es\/blog\/wp-content\/uploads\/2013\/11\/file000610153450-300x231.jpg\" width=\"300\" height=\"231\" srcset=\"https:\/\/urbincasa.es\/blog\/wp-content\/uploads\/2013\/11\/file000610153450-300x231.jpg 300w, https:\/\/urbincasa.es\/blog\/wp-content\/uploads\/2013\/11\/file000610153450-388x300.jpg 388w, https:\/\/urbincasa.es\/blog\/wp-content\/uploads\/2013\/11\/file000610153450.jpg 839w\" sizes=\"auto, (max-width: 300px) 100vw, 300px\" \/><\/a><\/p>\n<p><strong>\u00abEl desarrollo natural de la Regi\u00f3n de Murcia pasa por el turismo residencial\u00bb. <\/strong>Estas palabras del Consejero de Turismo de la CARM, Pedro Alberto Cruz, resumen a la perfecci\u00f3n la realidad a la que se enfrenta la Regi\u00f3n, no solo en el futuro, sino tambi\u00e9n en el presente.<\/p>\n<p>La importancia de este tipo de turismo es ya una realidad suponiendo el<strong> 71,5%<\/strong> del total del turismo anual, lo que se traduce en n\u00fameros totales, en que 3.700.000 turistas de los que recibe la Regi\u00f3n de Murcia lo hacen en alguna de las modalidades de turismo residencial.<\/p>\n<p>Si bien es verdad que la mayor\u00eda de los que usan viviendas en propiedad o alquiler para sus vacaciones en la Regi\u00f3n son espa\u00f1oles, el turismo residencial extranjero no para de aumentar (hoy est\u00e1 en un 20%). La mejora de las infraestructuras supondr\u00e1 un aumento important\u00edsimo. Antonio Sevilla, consejero de este \u00e1rea en la Regi\u00f3n, habl\u00f3 en las jornadas de la llegada del <strong>AVE<\/strong> a la Regi\u00f3n y del <strong>aeropuerto internacional<\/strong> de Corvera.<\/p>\n<p>Estas dos mejoras en las comunicaciones de la <strong>Costa C\u00e1lida<\/strong> son vital importancia si tomamos en cuenta un punto en el que todos los agentes internacionales hac\u00edan hincapi\u00e9: el extranjero no quiere tener su residencia a una distancia mayor de 50 minutos del aeropuerto desde el que llega de su pa\u00eds de origen.<\/p>\n<p>Los <a title=\"Pensamos en el d\u00eda a d\u00eda de nuestros vecinos\" href=\"https:\/\/urbincasa.es\/blog\/2013\/10\/vivir-en-alicante-cartagena-servicios\/\" target=\"_blank\">servicios cercanos<\/a>, tanto de sanidad como de opciones de <strong>ocio y cultura<\/strong>, adquieren cada vez m\u00e1s importancia puesto que vienen en m\u00e1s ocasiones a Espa\u00f1a a lo largo del a\u00f1o, precisamente por la mejora de las comunicaciones que reduce el tiempo de viaje. La visita anual de un mes en verano se complementa cada vez m\u00e1s con escapadas en fines de semana largos y vacaciones de navidad o primavera. Como ejemplo, una de las agencias participantes comentaba que los turistas residentes del Benelux est\u00e1n viniendo ya <strong>entre 5 y 8 veces al a\u00f1o. \u00a0<\/strong><\/p>\n<p>Otro de los datos curiosos relacionados en parte con la importancia de los servicios cercanos es que la <strong>edad media del comprador ha bajado<\/strong> en casi todas las nacionalidades y por tanto vienen a Espa\u00f1a con la familia y con m\u00e1s ganas de hacer cosas y m\u00e1s cosas distintas.<\/p>\n<p style=\"text-align: center;\"><a href=\"https:\/\/urbincasa.es\/inmobiliaria\/es\/promociones\/3\/?fuente=CDblog\"><img loading=\"lazy\" decoding=\"async\" class=\"aligncenter  wp-image-2462\" alt=\"comprar casa\" src=\"https:\/\/urbincasa.es\/blog\/wp-content\/uploads\/2013\/10\/INFOCOMPRA-300x150.png\" width=\"210\" height=\"105\" srcset=\"https:\/\/urbincasa.es\/blog\/wp-content\/uploads\/2013\/10\/INFOCOMPRA-300x150.png 300w, https:\/\/urbincasa.es\/blog\/wp-content\/uploads\/2013\/10\/INFOCOMPRA.png 400w\" sizes=\"auto, (max-width: 210px) 100vw, 210px\" \/><\/a><\/p>\n<p><a href=\"https:\/\/urbincasa.es\/blog\/category\/informacion\/\" target=\"_blank\"><strong>&#8211; Quiz\u00e1s te interesan otras informaciones sobre el mercado inmobiliario espa\u00f1ol<\/strong><\/a><\/p>\n","protected":false},"excerpt":{"rendered":"<p>Asistimos a las IV Jornadas de Turismo Residencial organizada por la asociaci\u00f3n de promotores inmobiliarios de la Regi\u00f3n de Murcia (APIRM). Un d\u00eda de intercambio de impresiones desde diferentes puntos de vista, del que sacamos much\u00edsimas conclusiones.<\/p>\n","protected":false},"author":3,"featured_media":2782,"comment_status":"open","ping_status":"open","sticky":false,"template":"","format":"standard","meta":{"footnotes":""},"categories":[11],"tags":[445,381,400,444],"class_list":["post-2772","post","type-post","status-publish","format-standard","has-post-thumbnail","hentry","category-informacion","tag-conclusiones","tag-datos","tag-region-de-murcia","tag-turismo-residencial"],"_links":{"self":[{"href":"https:\/\/urbincasa.es\/blog\/wp-json\/wp\/v2\/posts\/2772","targetHints":{"allow":["GET"]}}],"collection":[{"href":"https:\/\/urbincasa.es\/blog\/wp-json\/wp\/v2\/posts"}],"about":[{"href":"https:\/\/urbincasa.es\/blog\/wp-json\/wp\/v2\/types\/post"}],"author":[{"embeddable":true,"href":"https:\/\/urbincasa.es\/blog\/wp-json\/wp\/v2\/users\/3"}],"replies":[{"embeddable":true,"href":"https:\/\/urbincasa.es\/blog\/wp-json\/wp\/v2\/comments?post=2772"}],"version-history":[{"count":14,"href":"https:\/\/urbincasa.es\/blog\/wp-json\/wp\/v2\/posts\/2772\/revisions"}],"predecessor-version":[{"id":2795,"href":"https:\/\/urbincasa.es\/blog\/wp-json\/wp\/v2\/posts\/2772\/revisions\/2795"}],"wp:featuredmedia":[{"embeddable":true,"href":"https:\/\/urbincasa.es\/blog\/wp-json\/wp\/v2\/media\/2782"}],"wp:attachment":[{"href":"https:\/\/urbincasa.es\/blog\/wp-json\/wp\/v2\/media?parent=2772"}],"wp:term":[{"taxonomy":"category","embeddable":true,"href":"https:\/\/urbincasa.es\/blog\/wp-json\/wp\/v2\/categories?post=2772"},{"taxonomy":"post_tag","embeddable":true,"href":"https:\/\/urbincasa.es\/blog\/wp-json\/wp\/v2\/tags?post=2772"}],"curies":[{"name":"wp","href":"https:\/\/api.w.org\/{rel}","templated":true}]}}