{"id":2897,"date":"2013-12-26T09:05:53","date_gmt":"2013-12-26T07:05:53","guid":{"rendered":"https:\/\/urbincasa.es\/blog\/?p=2897"},"modified":"2014-01-21T14:56:21","modified_gmt":"2014-01-21T12:56:21","slug":"el-color-pantone-2014-decoracion","status":"publish","type":"post","link":"https:\/\/urbincasa.es\/blog\/2013\/12\/el-color-pantone-2014-decoracion\/","title":{"rendered":"El color de Pantone 2014 en la decoracion de nuestra casa"},"content":{"rendered":"<div id=\"bsf_rt_marker\"><\/div><p>Los que segu\u00eds el blog ya hab\u00e9is o\u00eddo hablar del \u00abColor del a\u00f1o\u00bb que cada a\u00f1o selecciona la marca <a title=\"Pantone Espa\u00f1a\" href=\"http:\/\/www.pantone-espana.com\/\" target=\"_blank\">Pantone<\/a>. Ya tenemos el de 2014 y a nuestro equipo de decoraci\u00f3n le ha encantado, ellos parece que ya lo sab\u00edan.\u00a0<!--more--><\/p>\n<p><a style=\"font-style: normal; line-height: 24px; text-decoration: underline;\" href=\"https:\/\/urbincasa.es\/blog\/wp-content\/uploads\/2013\/12\/pantone.jpg\"><img loading=\"lazy\" decoding=\"async\" class=\"size-medium wp-image-2899 alignleft\" style=\"border-color: #bbbbbb; background-color: #eeeeee;\" alt=\"pantone 2014\" src=\"https:\/\/urbincasa.es\/blog\/wp-content\/uploads\/2013\/12\/pantone-250x300.jpg\" width=\"250\" height=\"300\" srcset=\"https:\/\/urbincasa.es\/blog\/wp-content\/uploads\/2013\/12\/pantone-250x300.jpg 250w, https:\/\/urbincasa.es\/blog\/wp-content\/uploads\/2013\/12\/pantone.jpg 500w\" sizes=\"auto, (max-width: 250px) 100vw, 250px\" \/><\/a><\/p>\n<p>El a\u00f1o pasado fue <a title=\"Verde que te quiero verde - color del a\u00f1o 2013 Pantone\" href=\"https:\/\/urbincasa.es\/blog\/2013\/03\/verde-color-pantone-2013-patricio\/\">el verde esmeralda y lo recordamos en San Patricio<\/a>. En esta ocasi\u00f3n el elegido es el \u00abOrqu\u00eddea Radiante\u00bb, o lo que es lo mismo, un tipo de lila.<\/p>\n<p>Los morados son tendencia desde hace unos a\u00f1os y ha sido un color habitual en <a title=\"Pisos en Cartagena\" href=\"https:\/\/urbincasa.es\/blog\/2013\/07\/presumiendo-de-pisos-en-cartagena\/\">nuestros pisos piloto<\/a>, ser\u00e1 por eso que nuestro equipo de decoraci\u00f3n est\u00e1 muy contento con la elecci\u00f3n de<em> Pantone\u00a02014<\/em>.<\/p>\n<p>Ya hemos hablado en el blog de la importancia del <a title=\"Colores para pintar nuestro hogar\" href=\"https:\/\/urbincasa.es\/blog\/2011\/03\/el-color-de-nuestro-hogar\/\" target=\"_blank\">color en el hogar\u00a0<\/a>ya que es casi la primera decisi\u00f3n que tenemos que tomar en la decoraci\u00f3n y va a marcar todas las que vendr\u00e1n despu\u00e9s.<\/p>\n<p><strong>\u00bfEs bueno el color Pantone 2014 para la decoraci\u00f3n de mi casa?<\/strong><\/p>\n<p>La gama de los colores violeta tienen un efecto tranquilizador sobre la mente y por eso son utilizados por los psiquiatras como ayuda, para calmar a los pacientes que sufren problemas mentales y nerviosos. Est\u00e1 muy relacionado con la espiritualidad.<\/p>\n<p>Adem\u00e1s suelen estar relacionados con la limpieza emocional y la activaci\u00f3n de la creatividad musical y art\u00edstica.<\/p>\n<p><strong>Entonces&#8230;<\/strong><\/p>\n<p>Est\u00e1 de moda y adem\u00e1s transmite buenas sensaciones \u00a1a lanzarse con \u00e9l en casa!<\/p>\n<div id='gallery-1' class='gallery galleryid-2897 gallery-columns-3 gallery-size-thumbnail'><figure class='gallery-item'>\n\t\t\t<div class='gallery-icon landscape'>\n\t\t\t\t<a href='https:\/\/urbincasa.es\/blog\/2013\/12\/el-color-pantone-2014-decoracion\/pantone-2014\/'><img loading=\"lazy\" decoding=\"async\" width=\"150\" height=\"150\" src=\"https:\/\/urbincasa.es\/blog\/wp-content\/uploads\/2013\/12\/Pantone-2014-150x150.jpg\" class=\"attachment-thumbnail size-thumbnail\" alt=\"pantone-2014-decoracion\" aria-describedby=\"gallery-1-2901\" \/><\/a>\n\t\t\t<\/div>\n\t\t\t\t<figcaption class='wp-caption-text gallery-caption' id='gallery-1-2901'>\n\t\t\t\tApuesta total en el dormitorio\n\t\t\t\t<\/figcaption><\/figure><figure class='gallery-item'>\n\t\t\t<div class='gallery-icon portrait'>\n\t\t\t\t<a href='https:\/\/urbincasa.es\/blog\/2013\/12\/el-color-pantone-2014-decoracion\/pantone-2014-complementos\/'><img loading=\"lazy\" decoding=\"async\" width=\"150\" height=\"150\" src=\"https:\/\/urbincasa.es\/blog\/wp-content\/uploads\/2013\/12\/pantone-2014-complementos-150x150.jpg\" class=\"attachment-thumbnail size-thumbnail\" alt=\"pantone-2014-decoracion\" aria-describedby=\"gallery-1-2902\" \/><\/a>\n\t\t\t<\/div>\n\t\t\t\t<figcaption class='wp-caption-text gallery-caption' id='gallery-1-2902'>\n\t\t\t\tComplementos\n\t\t\t\t<\/figcaption><\/figure><figure class='gallery-item'>\n\t\t\t<div class='gallery-icon portrait'>\n\t\t\t\t<a href='https:\/\/urbincasa.es\/blog\/2013\/12\/el-color-pantone-2014-decoracion\/pantone-2014-decoracion\/'><img loading=\"lazy\" decoding=\"async\" width=\"150\" height=\"150\" src=\"https:\/\/urbincasa.es\/blog\/wp-content\/uploads\/2013\/12\/pantone-2014-decoracion-150x150.jpg\" class=\"attachment-thumbnail size-thumbnail\" alt=\"pantone-2014-decoracion\" aria-describedby=\"gallery-1-2903\" \/><\/a>\n\t\t\t<\/div>\n\t\t\t\t<figcaption class='wp-caption-text gallery-caption' id='gallery-1-2903'>\n\t\t\t\tDetalles como cuadros o cojines\n\t\t\t\t<\/figcaption><\/figure><figure class='gallery-item'>\n\t\t\t<div class='gallery-icon landscape'>\n\t\t\t\t<a href='https:\/\/urbincasa.es\/blog\/2013\/12\/el-color-pantone-2014-decoracion\/pantone-2014-muebles\/'><img loading=\"lazy\" decoding=\"async\" width=\"150\" height=\"150\" src=\"https:\/\/urbincasa.es\/blog\/wp-content\/uploads\/2013\/12\/pantone-2014-muebles-150x150.jpg\" class=\"attachment-thumbnail size-thumbnail\" alt=\"Pantone 2014 decoracion\" aria-describedby=\"gallery-1-2904\" \/><\/a>\n\t\t\t<\/div>\n\t\t\t\t<figcaption class='wp-caption-text gallery-caption' id='gallery-1-2904'>\n\t\t\t\tTapicerias\n\t\t\t\t<\/figcaption><\/figure>\n\t\t<\/div>\n\n<p style=\"text-align: center;\"><a href=\"http:\/\/www.urbincasa.es\/blog\/category\/decoracion\"><img loading=\"lazy\" decoding=\"async\" class=\"aligncenter  wp-image-2762\" alt=\"Seccion Decoraci\u00f3n\" src=\"https:\/\/urbincasa.es\/blog\/wp-content\/uploads\/2013\/08\/Secci\u00f3nDecoraci\u00f3n-300x150.png\" width=\"240\" height=\"120\" srcset=\"https:\/\/urbincasa.es\/blog\/wp-content\/uploads\/2013\/08\/Secci\u00f3nDecoraci\u00f3n-300x150.png 300w, https:\/\/urbincasa.es\/blog\/wp-content\/uploads\/2013\/08\/Secci\u00f3nDecoraci\u00f3n.png 320w\" sizes=\"auto, (max-width: 240px) 100vw, 240px\" \/><\/a><\/p>\n","protected":false},"excerpt":{"rendered":"<p>Los que segu\u00eds el blog ya hab\u00e9is o\u00eddo hablar del \u00abColor del a\u00f1o\u00bb que cada a\u00f1o selecciona la marca Pantone. Ya tenemos el de 2014 y a nuestro equipo de decoraci\u00f3n le ha encantado, ellos parece que ya lo sab\u00edan.\u00a0<\/p>\n","protected":false},"author":3,"featured_media":2899,"comment_status":"open","ping_status":"open","sticky":false,"template":"","format":"standard","meta":{"footnotes":""},"categories":[8],"tags":[458,234,703,282],"class_list":["post-2897","post","type-post","status-publish","format-standard","has-post-thumbnail","hentry","category-decoracion","tag-458","tag-color","tag-decoracion","tag-pantone"],"_links":{"self":[{"href":"https:\/\/urbincasa.es\/blog\/wp-json\/wp\/v2\/posts\/2897","targetHints":{"allow":["GET"]}}],"collection":[{"href":"https:\/\/urbincasa.es\/blog\/wp-json\/wp\/v2\/posts"}],"about":[{"href":"https:\/\/urbincasa.es\/blog\/wp-json\/wp\/v2\/types\/post"}],"author":[{"embeddable":true,"href":"https:\/\/urbincasa.es\/blog\/wp-json\/wp\/v2\/users\/3"}],"replies":[{"embeddable":true,"href":"https:\/\/urbincasa.es\/blog\/wp-json\/wp\/v2\/comments?post=2897"}],"version-history":[{"count":10,"href":"https:\/\/urbincasa.es\/blog\/wp-json\/wp\/v2\/posts\/2897\/revisions"}],"predecessor-version":[{"id":3219,"href":"https:\/\/urbincasa.es\/blog\/wp-json\/wp\/v2\/posts\/2897\/revisions\/3219"}],"wp:featuredmedia":[{"embeddable":true,"href":"https:\/\/urbincasa.es\/blog\/wp-json\/wp\/v2\/media\/2899"}],"wp:attachment":[{"href":"https:\/\/urbincasa.es\/blog\/wp-json\/wp\/v2\/media?parent=2897"}],"wp:term":[{"taxonomy":"category","embeddable":true,"href":"https:\/\/urbincasa.es\/blog\/wp-json\/wp\/v2\/categories?post=2897"},{"taxonomy":"post_tag","embeddable":true,"href":"https:\/\/urbincasa.es\/blog\/wp-json\/wp\/v2\/tags?post=2897"}],"curies":[{"name":"wp","href":"https:\/\/api.w.org\/{rel}","templated":true}]}}