{"id":297,"date":"2010-10-15T15:54:46","date_gmt":"2010-10-15T14:54:46","guid":{"rendered":"https:\/\/urbincasa.es\/blog\/?p=297"},"modified":"2010-10-15T15:54:46","modified_gmt":"2010-10-15T14:54:46","slug":"invitacion-i-feria-de-la-vivienda-en-murcia","status":"publish","type":"post","link":"https:\/\/urbincasa.es\/blog\/2010\/10\/invitacion-i-feria-de-la-vivienda-en-murcia\/","title":{"rendered":"Invitacion I Feria de la Vivienda en Murcia."},"content":{"rendered":"<div id=\"bsf_rt_marker\"><\/div><p><!--:en--><\/p>\n<p><!--:--><!--:es-->Los d\u00edas <strong>22, 23 y 24 de Octubre<\/strong>, en el <a title=\"Ubicacion del hotel.\" href=\"http:\/\/maps.google.com\/maps\/place?hl=en&amp;expIds=25907,26637,27103&amp;xhr=t&amp;cp=11&amp;wrapid=tljp128715421230402&amp;um=1&amp;ie=UTF-8&amp;q=nh+amistad+murcia&amp;fb=1&amp;hq=nh+amistad&amp;hnear=Murcia,+Spain&amp;cid=8202218508804593539\" target=\"_blank\">Hotel NH Amistad<\/a>. Esta feria tambi\u00e9n est\u00e1 organizada por la Asociaci\u00f3n <strong>de <\/strong><a href=\"https:\/\/urbincasa.es\/blog\/wp-content\/uploads\/2010\/10\/Tipo-9.jpg\"><strong><img loading=\"lazy\" decoding=\"async\" class=\"size-medium wp-image-299 alignright\" title=\"Feria Vivienda \" src=\"https:\/\/urbincasa.es\/blog\/wp-content\/uploads\/2010\/10\/Tipo-9-142x300.jpg\" alt=\"Feria Vivienda en Murcia\" width=\"142\" height=\"300\" srcset=\"https:\/\/urbincasa.es\/blog\/wp-content\/uploads\/2010\/10\/Tipo-9-142x300.jpg 142w, https:\/\/urbincasa.es\/blog\/wp-content\/uploads\/2010\/10\/Tipo-9-487x1024.jpg 487w\" sizes=\"auto, (max-width: 142px) 100vw, 142px\" \/><\/strong><\/a><strong>Promotores de la Regi\u00f3n de Murcia (<a title=\"Asociacion de Promotores de la Region de Murcia\" href=\"http:\/\/www.apirm.es\/\" target=\"_blank\">APIRM<\/a><\/strong>). Esta feria regional recoger\u00e1 la oferta de nueva vivienda y aprovechara la ocasi\u00f3n para comunicar a los interesados\u00a0<strong> la finalizaci\u00f3n\u00a0 de la desgravaci\u00f3n y las ayudas a la VPO<\/strong>, mediante un programa de charlas y coloquios, de car\u00e1cter gratuito.<\/p>\n<p>Y como nosotros no nos perdemos ninguna, ahi estaremos<strong> con toda nuestra oferta de viviendas en Alicante y Murcia.<\/strong><\/p>\n<p>Como siempre<strong> te puedes descargar la invitaci\u00f3n<\/strong> <span style=\"text-decoration: line-through;\">directamente de aqu\u00ed<\/span>:[download id=\u00bb4&#8243;]<\/p>\n<p><strong>Actualizacion:<\/strong> <strong><a href=\"http:\/\/www.feriavivienda.com\">Es necesario el registro para disponer de la invitaci\u00f3n<\/a><\/strong>. perd\u00f3n por las molestias.<\/p>\n<p>Y si te pasas por nuestro stand <strong>le dices a nuestros comerciales que nos has leido en este humilde blog<\/strong> \ud83d\ude42<\/p>\n<p>Si quieres mas informaci\u00f3n sobre nuestras promociones, solo teneis que visitarnos: <a href=\"http:\/\/www.urbincasa.es\">www.urbincasa.es<\/a><\/p>\n","protected":false},"excerpt":{"rendered":"<p>Los d\u00edas 22, 23 y 24 de Octubre, en el Hotel NH Amistad. Esta feria tambi\u00e9n est\u00e1 organizada por la Asociaci\u00f3n de Promotores de la Regi\u00f3n de Murcia (APIRM). Esta feria regional recoger\u00e1 la oferta de nueva vivienda y aprovechara la ocasi\u00f3n para comunicar a los interesados\u00a0 la finalizaci\u00f3n\u00a0 de la desgravaci\u00f3n y las ayudas [&hellip;]<\/p>\n","protected":false},"author":3,"featured_media":0,"comment_status":"open","ping_status":"open","sticky":false,"template":"","format":"standard","meta":{"footnotes":""},"categories":[1],"tags":[66,94,138,144],"class_list":["post-297","post","type-post","status-publish","format-standard","hentry","category-sin-categoria","tag-feria-vivienda","tag-murcia","tag-vivienda","tag-viviendas-playa"],"_links":{"self":[{"href":"https:\/\/urbincasa.es\/blog\/wp-json\/wp\/v2\/posts\/297","targetHints":{"allow":["GET"]}}],"collection":[{"href":"https:\/\/urbincasa.es\/blog\/wp-json\/wp\/v2\/posts"}],"about":[{"href":"https:\/\/urbincasa.es\/blog\/wp-json\/wp\/v2\/types\/post"}],"author":[{"embeddable":true,"href":"https:\/\/urbincasa.es\/blog\/wp-json\/wp\/v2\/users\/3"}],"replies":[{"embeddable":true,"href":"https:\/\/urbincasa.es\/blog\/wp-json\/wp\/v2\/comments?post=297"}],"version-history":[{"count":0,"href":"https:\/\/urbincasa.es\/blog\/wp-json\/wp\/v2\/posts\/297\/revisions"}],"wp:attachment":[{"href":"https:\/\/urbincasa.es\/blog\/wp-json\/wp\/v2\/media?parent=297"}],"wp:term":[{"taxonomy":"category","embeddable":true,"href":"https:\/\/urbincasa.es\/blog\/wp-json\/wp\/v2\/categories?post=297"},{"taxonomy":"post_tag","embeddable":true,"href":"https:\/\/urbincasa.es\/blog\/wp-json\/wp\/v2\/tags?post=297"}],"curies":[{"name":"wp","href":"https:\/\/api.w.org\/{rel}","templated":true}]}}