{"id":2989,"date":"2014-01-01T09:05:48","date_gmt":"2014-01-01T07:05:48","guid":{"rendered":"https:\/\/urbincasa.es\/blog\/?p=2989"},"modified":"2015-06-25T17:16:26","modified_gmt":"2015-06-25T15:16:26","slug":"destacamos-alquiler-piso-en-mazarron","status":"publish","type":"post","link":"https:\/\/urbincasa.es\/blog\/2014\/01\/destacamos-alquiler-piso-en-mazarron\/","title":{"rendered":"Destacamos: Piso en Mazarr\u00f3n, 400 euros en alquiler"},"content":{"rendered":"<div id=\"bsf_rt_marker\"><\/div><p>Volvemos con nuestras casas destacadas. Las \u00faltimas tres selecciones han sido viviendas en venta, por lo que en esta ocasi\u00f3n os traemos una opci\u00f3n para alquilar: un <strong>piso en Mazarr\u00f3n, \u00e1tico<\/strong> de 2 habitaciones.<!--more--><\/p>\n<p>Nuestro equipo de <a href=\"http:\/\/www.urbincasashop.com\">UrbincasaShop<\/a> contin\u00faa seleccionando casas para vosotros y esta vez nos vamos hasta la zona de Mazarr\u00f3n para ense\u00f1aros una vivienda con un precio muy atractivo.<\/p>\n<p><a href=\"https:\/\/urbincasa.es\/blog\/wp-content\/uploads\/2013\/12\/piso-en-mazarron-1.jpg\"><img loading=\"lazy\" decoding=\"async\" class=\"aligncenter size-medium wp-image-2993\" alt=\"piso en mazarron\" src=\"https:\/\/urbincasa.es\/blog\/wp-content\/uploads\/2013\/12\/piso-en-mazarron-1-300x225.jpg\" width=\"300\" height=\"225\" srcset=\"https:\/\/urbincasa.es\/blog\/wp-content\/uploads\/2013\/12\/piso-en-mazarron-1-300x225.jpg 300w, https:\/\/urbincasa.es\/blog\/wp-content\/uploads\/2013\/12\/piso-en-mazarron-1-1024x768.jpg 1024w, https:\/\/urbincasa.es\/blog\/wp-content\/uploads\/2013\/12\/piso-en-mazarron-1-400x300.jpg 400w, https:\/\/urbincasa.es\/blog\/wp-content\/uploads\/2013\/12\/piso-en-mazarron-1.jpg 1200w\" sizes=\"auto, (max-width: 300px) 100vw, 300px\" \/><\/a><\/p>\n<p><strong>\u00bfPor qu\u00e9 destacamos este piso en Mazarr\u00f3n?<\/strong><\/p>\n<p>&#8211;<span style=\"text-decoration: underline;\"> La ubicaci\u00f3n:<\/span> El puerto de Mazarr\u00f3n es una zona con mucha vida en los meses de veraneo, pero tambi\u00e9n dispone de todos los servicios necesarios para vivir todo el a\u00f1o de manera tranquila y <a title=\"Vivir en la playa: los beneficios del mar\" href=\"https:\/\/urbincasa.es\/blog\/2013\/08\/vivir-playa-beneficios-del-mar\/\" target=\"_blank\">muy cerca de la playa, no no s\u00f3lo tiene beneficios en verano<\/a>.<\/p>\n<p><iframe loading=\"lazy\" src=\"https:\/\/mapsengine.google.com\/map\/embed?mid=zXTPZZlAspeU.kE0lZ1KpIrG8\" height=\"240\" width=\"320\"><\/iframe><\/p>\n<p>&#8211; <span style=\"text-decoration: underline;\">Las condiciones:<\/span> Como hemos dicho la casa est\u00e1 en alquiler, pero tambi\u00e9n podemos comprarla si finalmente nos enamoramos de la vida all\u00ed. Es posible que tambi\u00e9n se pueda estudiar la opci\u00f3n de acordar un <a title=\"\u00bfQu\u00e9 es el alquiler con opci\u00f3n a compra?\" href=\"https:\/\/urbincasa.es\/blog\/2013\/10\/que-es-el-alquiler-con-opcion-a-compra\/\" target=\"_blank\">alquiler con opci\u00f3n a compra<\/a>.<\/p>\n<p>&#8211; <span style=\"text-decoration: underline;\">Distribuci\u00f3n:<\/span> Este piso en Mazarr\u00f3n cuenta con una distribuci\u00f3n muy estudiada y c\u00f3moda, ya que los 2 dormitorios y el ba\u00f1o se encuentran en una misma zona de la vivienda.<\/p>\n<p>&#8211;\u00a0<span style=\"text-decoration: underline;\">Espacios extra<\/span>: La vivienda dispone de un balc\u00f3n junto al sal\u00f3n y galer\u00eda en la planta principal pero adem\u00e1s tiene un amplio solarium en la planta superior al que accedemos directamente desde la vivienda sin tener que salir a la escalera comunitaria.<\/p>\n<p>&#8211;\u00a0<span style=\"text-decoration: underline;\">El precio<\/span>: 400 euros por un \u00e1tico de 2 habitaciones con la cocina equipada es una cifra muy razonable y m\u00e1s para una casa que est\u00e1\u00a0<strong>sin estrenar<\/strong>.<\/p>\n<p>&#8211;\u00a0<span style=\"text-decoration: underline;\">Sin amueblar<\/span>:\u00a0El hecho de que est\u00e9 sin amueblar la hace perfecta para los que ya ten\u00e9is muebles que trasladar o para que la pod\u00e1is personalizar totalmente.<\/p>\n<div id='gallery-1' class='gallery galleryid-2989 gallery-columns-3 gallery-size-thumbnail'><figure class='gallery-item'>\n\t\t\t<div class='gallery-icon landscape'>\n\t\t\t\t<a href='https:\/\/urbincasa.es\/blog\/2014\/01\/destacamos-alquiler-piso-en-mazarron\/piso-en-mazarron-2\/'><img loading=\"lazy\" decoding=\"async\" width=\"150\" height=\"150\" src=\"https:\/\/urbincasa.es\/blog\/wp-content\/uploads\/2013\/12\/piso-en-mazarron-2-150x150.jpg\" class=\"attachment-thumbnail size-thumbnail\" alt=\"piso en mazarron\" aria-describedby=\"gallery-1-2994\" \/><\/a>\n\t\t\t<\/div>\n\t\t\t\t<figcaption class='wp-caption-text gallery-caption' id='gallery-1-2994'>\n\t\t\t\t2 Ba\u00f1os\n\t\t\t\t<\/figcaption><\/figure><figure class='gallery-item'>\n\t\t\t<div class='gallery-icon landscape'>\n\t\t\t\t<a href='https:\/\/urbincasa.es\/blog\/2014\/01\/destacamos-alquiler-piso-en-mazarron\/piso-en-mazarron-3\/'><img loading=\"lazy\" decoding=\"async\" width=\"150\" height=\"150\" src=\"https:\/\/urbincasa.es\/blog\/wp-content\/uploads\/2013\/12\/piso-en-mazarron-3-150x150.jpeg\" class=\"attachment-thumbnail size-thumbnail\" alt=\"piso en mazarron\" aria-describedby=\"gallery-1-2995\" \/><\/a>\n\t\t\t<\/div>\n\t\t\t\t<figcaption class='wp-caption-text gallery-caption' id='gallery-1-2995'>\n\t\t\t\tTerraza\n\t\t\t\t<\/figcaption><\/figure><figure class='gallery-item'>\n\t\t\t<div class='gallery-icon portrait'>\n\t\t\t\t<a href='https:\/\/urbincasa.es\/blog\/2014\/01\/destacamos-alquiler-piso-en-mazarron\/piso-en-mazarron-5\/'><img loading=\"lazy\" decoding=\"async\" width=\"150\" height=\"150\" src=\"https:\/\/urbincasa.es\/blog\/wp-content\/uploads\/2013\/12\/piso-en-mazarron-5-150x150.jpeg\" class=\"attachment-thumbnail size-thumbnail\" alt=\"piso en mazarron\" aria-describedby=\"gallery-1-2997\" \/><\/a>\n\t\t\t<\/div>\n\t\t\t\t<figcaption class='wp-caption-text gallery-caption' id='gallery-1-2997'>\n\t\t\t\tCocina equipada\n\t\t\t\t<\/figcaption><\/figure><figure class='gallery-item'>\n\t\t\t<div class='gallery-icon landscape'>\n\t\t\t\t<a href='https:\/\/urbincasa.es\/blog\/2014\/01\/destacamos-alquiler-piso-en-mazarron\/piso-en-mazarron-6\/'><img loading=\"lazy\" decoding=\"async\" width=\"150\" height=\"150\" src=\"https:\/\/urbincasa.es\/blog\/wp-content\/uploads\/2013\/12\/piso-en-mazarron-6-150x150.jpeg\" class=\"attachment-thumbnail size-thumbnail\" alt=\"piso en mazarron\" aria-describedby=\"gallery-1-2998\" \/><\/a>\n\t\t\t<\/div>\n\t\t\t\t<figcaption class='wp-caption-text gallery-caption' id='gallery-1-2998'>\n\t\t\t\tAmplitud\n\t\t\t\t<\/figcaption><\/figure><figure class='gallery-item'>\n\t\t\t<div class='gallery-icon landscape'>\n\t\t\t\t<a href='https:\/\/urbincasa.es\/blog\/2014\/01\/destacamos-alquiler-piso-en-mazarron\/piso-en-mazarron-7\/'><img loading=\"lazy\" decoding=\"async\" width=\"150\" height=\"150\" src=\"https:\/\/urbincasa.es\/blog\/wp-content\/uploads\/2013\/12\/piso-en-mazarron-7-150x150.jpeg\" class=\"attachment-thumbnail size-thumbnail\" alt=\"piso en mazarron\" aria-describedby=\"gallery-1-2999\" \/><\/a>\n\t\t\t<\/div>\n\t\t\t\t<figcaption class='wp-caption-text gallery-caption' id='gallery-1-2999'>\n\t\t\t\tSal\u00f3n luminoso\n\t\t\t\t<\/figcaption><\/figure>\n\t\t<\/div>\n\n<p><a href=\"https:\/\/urbincasa.es\/inmobiliaria\/es\/quiero-mas-informacion\/1\/8\/?ref=3716-001006&amp;fuente=CDBlog\" target=\"_blank\"><img loading=\"lazy\" decoding=\"async\" class=\"alignright\" alt=\"boton info\" src=\"https:\/\/urbincasa.es\/blog\/wp-content\/uploads\/2014\/11\/botoninfo.png\" width=\"210\" height=\"70\" \/><\/a><\/p>\n<p><strong>\u00a0<\/strong><\/p>\n<p><a title=\"Inmobiliaria en Cartagena\" href=\"https:\/\/urbincasa.es\/inmobiliaria\/es\/viviendas\/4\" target=\"_blank\"><img loading=\"lazy\" decoding=\"async\" class=\"aligncenter size-full wp-image-1609\" alt=\"alquilar en cartagena\" src=\"https:\/\/urbincasa.es\/blog\/wp-content\/uploads\/2013\/04\/alquiler.png\" width=\"262\" height=\"89\" \/><\/a><\/p>\n","protected":false},"excerpt":{"rendered":"<p>Volvemos con nuestras casas destacadas. Las \u00faltimas tres selecciones han sido viviendas en venta, por lo que en esta ocasi\u00f3n os traemos una opci\u00f3n para alquilar: un piso en Mazarr\u00f3n, \u00e1tico de 2 habitaciones.<\/p>\n","protected":false},"author":3,"featured_media":3001,"comment_status":"open","ping_status":"open","sticky":false,"template":"","format":"standard","meta":{"footnotes":""},"categories":[17,281,201],"tags":[278,464,35,294,401,463],"class_list":["post-2989","post","type-post","status-publish","format-standard","has-post-thumbnail","hentry","category-ofertas","category-urbincasashop","category-vivienda-puerto-mazarron","tag-alquiler","tag-barato","tag-cartagena","tag-inmobiliaria","tag-piso","tag-puerto-de-mazarron"],"_links":{"self":[{"href":"https:\/\/urbincasa.es\/blog\/wp-json\/wp\/v2\/posts\/2989","targetHints":{"allow":["GET"]}}],"collection":[{"href":"https:\/\/urbincasa.es\/blog\/wp-json\/wp\/v2\/posts"}],"about":[{"href":"https:\/\/urbincasa.es\/blog\/wp-json\/wp\/v2\/types\/post"}],"author":[{"embeddable":true,"href":"https:\/\/urbincasa.es\/blog\/wp-json\/wp\/v2\/users\/3"}],"replies":[{"embeddable":true,"href":"https:\/\/urbincasa.es\/blog\/wp-json\/wp\/v2\/comments?post=2989"}],"version-history":[{"count":22,"href":"https:\/\/urbincasa.es\/blog\/wp-json\/wp\/v2\/posts\/2989\/revisions"}],"predecessor-version":[{"id":3008,"href":"https:\/\/urbincasa.es\/blog\/wp-json\/wp\/v2\/posts\/2989\/revisions\/3008"}],"wp:featuredmedia":[{"embeddable":true,"href":"https:\/\/urbincasa.es\/blog\/wp-json\/wp\/v2\/media\/3001"}],"wp:attachment":[{"href":"https:\/\/urbincasa.es\/blog\/wp-json\/wp\/v2\/media?parent=2989"}],"wp:term":[{"taxonomy":"category","embeddable":true,"href":"https:\/\/urbincasa.es\/blog\/wp-json\/wp\/v2\/categories?post=2989"},{"taxonomy":"post_tag","embeddable":true,"href":"https:\/\/urbincasa.es\/blog\/wp-json\/wp\/v2\/tags?post=2989"}],"curies":[{"name":"wp","href":"https:\/\/api.w.org\/{rel}","templated":true}]}}