{"id":3043,"date":"2013-12-30T09:10:27","date_gmt":"2013-12-30T07:10:27","guid":{"rendered":"https:\/\/urbincasa.es\/blog\/?p=3043"},"modified":"2013-12-26T12:19:57","modified_gmt":"2013-12-26T10:19:57","slug":"navidad-equipo","status":"publish","type":"post","link":"https:\/\/urbincasa.es\/blog\/2013\/12\/navidad-equipo\/","title":{"rendered":"Navidad, Navidad, dulce Navidad"},"content":{"rendered":"<div id=\"bsf_rt_marker\"><\/div><p>Como dice el anuncio <strong>\u00abYa lleg\u00f3 la Navidad&#8230;\u00bb<\/strong> y en la oficina lo hemos notado. Mientras el trabajo de final de a\u00f1o nos lleva a todos a contrarreloj hemos tenido un tiempo tambi\u00e9n para disfrutar de estas fechas.\u00a0<!--more--><\/p>\n<p>Poco a poco la Navidad se iba notando en la oficina y aprovechando la visita de los compa\u00f1eros de Alicante tuvimos el primero de los actos de celebraci\u00f3n: un peque\u00f1o sorteo de regalos en el que en el aire qued\u00f3 la sospecha de lo \u00abbien repartidos\u00bb que quedaron los premios gordos.<\/p>\n<p>Bromas a parte, todos nos fuimos con alg\u00fan detalle para la mesa de Navidad.<\/p>\n<div id='gallery-1' class='gallery galleryid-3043 gallery-columns-3 gallery-size-thumbnail'><figure class='gallery-item'>\n\t\t\t<div class='gallery-icon portrait'>\n\t\t\t\t<a href='https:\/\/urbincasa.es\/blog\/2013\/12\/navidad-equipo\/urbinnavidad2013-2\/'><img loading=\"lazy\" decoding=\"async\" width=\"150\" height=\"150\" src=\"https:\/\/urbincasa.es\/blog\/wp-content\/uploads\/2013\/12\/UrbinNavidad2013-2-150x150.jpg\" class=\"attachment-thumbnail size-thumbnail\" alt=\"Navidad en Urbincasa\" \/><\/a>\n\t\t\t<\/div><\/figure><figure class='gallery-item'>\n\t\t\t<div class='gallery-icon landscape'>\n\t\t\t\t<a href='https:\/\/urbincasa.es\/blog\/2013\/12\/navidad-equipo\/urbinnavidad2013-18\/'><img loading=\"lazy\" decoding=\"async\" width=\"150\" height=\"150\" src=\"https:\/\/urbincasa.es\/blog\/wp-content\/uploads\/2013\/12\/UrbinNavidad2013-18-150x150.jpg\" class=\"attachment-thumbnail size-thumbnail\" alt=\"\" \/><\/a>\n\t\t\t<\/div><\/figure><figure class='gallery-item'>\n\t\t\t<div class='gallery-icon landscape'>\n\t\t\t\t<a href='https:\/\/urbincasa.es\/blog\/2013\/12\/navidad-equipo\/urbinnavidad2013-12\/'><img loading=\"lazy\" decoding=\"async\" width=\"150\" height=\"150\" src=\"https:\/\/urbincasa.es\/blog\/wp-content\/uploads\/2013\/12\/UrbinNavidad2013-12-150x150.jpg\" class=\"attachment-thumbnail size-thumbnail\" alt=\"\" \/><\/a>\n\t\t\t<\/div><\/figure>\n\t\t<\/div>\n\n<p>Adem\u00e1s, esta Navidad hemos tenido la I edici\u00f3n de los<strong> Premios Entrelares,\u00a0<\/strong>unos premios que reconocen a cada uno de los miembros del <a title=\"Conoce a nuestro equipo\" href=\"https:\/\/urbincasa.es\/blog\/category\/urbinequipo\/\" target=\"_blank\">Urbinequipo <\/a>su trabajo en el a\u00f1o 2013. Como si de los Oscar de Hollywood se tratara, cada uno de nuestros compa\u00f1eros ha recibido un diploma en reconocimiento a su participaci\u00f3n en diferentes pel\u00edculas.<\/p>\n<p>Han sido momentos divertidos para tomarse las cosas con humor.<\/p>\n<p>A partir de ahora hay que andarse con ojo, porque el jurado de expertos est\u00e1n tomando nota ya para la segunda edici\u00f3n.<\/p>\n<div id='gallery-2' class='gallery galleryid-3043 gallery-columns-3 gallery-size-thumbnail'><figure class='gallery-item'>\n\t\t\t<div class='gallery-icon landscape'>\n\t\t\t\t<a href='https:\/\/urbincasa.es\/blog\/2013\/12\/navidad-equipo\/urbinnavidad2013-16\/'><img loading=\"lazy\" decoding=\"async\" width=\"150\" height=\"150\" src=\"https:\/\/urbincasa.es\/blog\/wp-content\/uploads\/2013\/12\/UrbinNavidad2013-16-150x150.jpg\" class=\"attachment-thumbnail size-thumbnail\" alt=\"\" \/><\/a>\n\t\t\t<\/div><\/figure><figure class='gallery-item'>\n\t\t\t<div class='gallery-icon landscape'>\n\t\t\t\t<a href='https:\/\/urbincasa.es\/blog\/2013\/12\/navidad-equipo\/urbinnavidad2013-8\/'><img loading=\"lazy\" decoding=\"async\" width=\"150\" height=\"150\" src=\"https:\/\/urbincasa.es\/blog\/wp-content\/uploads\/2013\/12\/UrbinNavidad2013-8-150x150.jpg\" class=\"attachment-thumbnail size-thumbnail\" alt=\"Premios Entrelares\" \/><\/a>\n\t\t\t<\/div><\/figure><figure class='gallery-item'>\n\t\t\t<div class='gallery-icon landscape'>\n\t\t\t\t<a href='https:\/\/urbincasa.es\/blog\/2013\/12\/navidad-equipo\/urbinnavidad2013\/'><img loading=\"lazy\" decoding=\"async\" width=\"150\" height=\"150\" src=\"https:\/\/urbincasa.es\/blog\/wp-content\/uploads\/2013\/12\/UrbinNavidad2013-150x150.jpg\" class=\"attachment-thumbnail size-thumbnail\" alt=\"\" \/><\/a>\n\t\t\t<\/div><\/figure><figure class='gallery-item'>\n\t\t\t<div class='gallery-icon portrait'>\n\t\t\t\t<a href='https:\/\/urbincasa.es\/blog\/2013\/12\/navidad-equipo\/urbinnavidad2013-19\/'><img loading=\"lazy\" decoding=\"async\" width=\"150\" height=\"150\" src=\"https:\/\/urbincasa.es\/blog\/wp-content\/uploads\/2013\/12\/UrbinNavidad2013-19-150x150.jpg\" class=\"attachment-thumbnail size-thumbnail\" alt=\"\" \/><\/a>\n\t\t\t<\/div><\/figure><figure class='gallery-item'>\n\t\t\t<div class='gallery-icon landscape'>\n\t\t\t\t<a href='https:\/\/urbincasa.es\/blog\/2013\/12\/navidad-equipo\/urbinnavidad2013-20\/'><img loading=\"lazy\" decoding=\"async\" width=\"150\" height=\"150\" src=\"https:\/\/urbincasa.es\/blog\/wp-content\/uploads\/2013\/12\/UrbinNavidad2013-20-150x150.jpg\" class=\"attachment-thumbnail size-thumbnail\" alt=\"\" \/><\/a>\n\t\t\t<\/div><\/figure>\n\t\t<\/div>\n\n<p><strong>Puedes ver m\u00e1s fotos de la <a href=\"http:\/\/www.flickr.com\/photos\/urbincasa\/sets\/72157639037777653\/\" target=\"_blank\">Navidad en urbincasa y los Premios Entrelares en nuestro perfil de Flickr<\/a><\/strong><\/p>\n","protected":false},"excerpt":{"rendered":"<p>Como dice el anuncio \u00abYa lleg\u00f3 la Navidad&#8230;\u00bb y en la oficina lo hemos notado. Mientras el trabajo de final de a\u00f1o nos lleva a todos a contrarreloj hemos tenido un tiempo tambi\u00e9n para disfrutar de estas fechas.\u00a0<\/p>\n","protected":false},"author":3,"featured_media":3045,"comment_status":"open","ping_status":"open","sticky":false,"template":"","format":"standard","meta":{"footnotes":""},"categories":[18],"tags":[320,95],"class_list":["post-3043","post","type-post","status-publish","format-standard","has-post-thumbnail","hentry","category-urbinequipo","tag-equipo","tag-navidad"],"_links":{"self":[{"href":"https:\/\/urbincasa.es\/blog\/wp-json\/wp\/v2\/posts\/3043","targetHints":{"allow":["GET"]}}],"collection":[{"href":"https:\/\/urbincasa.es\/blog\/wp-json\/wp\/v2\/posts"}],"about":[{"href":"https:\/\/urbincasa.es\/blog\/wp-json\/wp\/v2\/types\/post"}],"author":[{"embeddable":true,"href":"https:\/\/urbincasa.es\/blog\/wp-json\/wp\/v2\/users\/3"}],"replies":[{"embeddable":true,"href":"https:\/\/urbincasa.es\/blog\/wp-json\/wp\/v2\/comments?post=3043"}],"version-history":[{"count":8,"href":"https:\/\/urbincasa.es\/blog\/wp-json\/wp\/v2\/posts\/3043\/revisions"}],"predecessor-version":[{"id":3060,"href":"https:\/\/urbincasa.es\/blog\/wp-json\/wp\/v2\/posts\/3043\/revisions\/3060"}],"wp:featuredmedia":[{"embeddable":true,"href":"https:\/\/urbincasa.es\/blog\/wp-json\/wp\/v2\/media\/3045"}],"wp:attachment":[{"href":"https:\/\/urbincasa.es\/blog\/wp-json\/wp\/v2\/media?parent=3043"}],"wp:term":[{"taxonomy":"category","embeddable":true,"href":"https:\/\/urbincasa.es\/blog\/wp-json\/wp\/v2\/categories?post=3043"},{"taxonomy":"post_tag","embeddable":true,"href":"https:\/\/urbincasa.es\/blog\/wp-json\/wp\/v2\/tags?post=3043"}],"curies":[{"name":"wp","href":"https:\/\/api.w.org\/{rel}","templated":true}]}}