{"id":306,"date":"2010-10-18T13:21:52","date_gmt":"2010-10-18T12:21:52","guid":{"rendered":"https:\/\/urbincasa.es\/blog\/?p=306"},"modified":"2010-10-18T13:21:52","modified_gmt":"2010-10-18T12:21:52","slug":"mostrando-nuestras-viviendas-al-resto-de-europa","status":"publish","type":"post","link":"https:\/\/urbincasa.es\/blog\/2010\/10\/mostrando-nuestras-viviendas-al-resto-de-europa\/","title":{"rendered":"Mostrando nuestras viviendas al resto de Europa"},"content":{"rendered":"<div id=\"bsf_rt_marker\"><\/div><p><!--:en--><\/p>\n<p><!--:--><!--:es--><a href=\"https:\/\/urbincasa.es\/blog\/wp-content\/uploads\/2010\/10\/DSC01288.jpg\"><\/a><\/p>\n<dl id=\"attachment_308\"><a href=\"https:\/\/urbincasa.es\/blog\/wp-content\/uploads\/2010\/10\/DSC01288.jpg\"><\/a><\/p>\n<figure id=\"attachment_312\" aria-describedby=\"caption-attachment-312\" style=\"width: 300px\" class=\"wp-caption alignleft\"><a href=\"https:\/\/urbincasa.es\/blog\/wp-content\/uploads\/2010\/10\/Stockholm-094-Medium.jpg\"><img loading=\"lazy\" decoding=\"async\" class=\"size-medium wp-image-312\" title=\"Feria Fair Media\" src=\"https:\/\/urbincasa.es\/blog\/wp-content\/uploads\/2010\/10\/Stockholm-094-Medium-300x225.jpg\" alt=\"Fair Media Feria\" width=\"300\" height=\"225\" srcset=\"https:\/\/urbincasa.es\/blog\/wp-content\/uploads\/2010\/10\/Stockholm-094-Medium-300x225.jpg 300w, https:\/\/urbincasa.es\/blog\/wp-content\/uploads\/2010\/10\/Stockholm-094-Medium-400x300.jpg 400w, https:\/\/urbincasa.es\/blog\/wp-content\/uploads\/2010\/10\/Stockholm-094-Medium.jpg 800w\" sizes=\"auto, (max-width: 300px) 100vw, 300px\" \/><\/a><figcaption id=\"caption-attachment-312\" class=\"wp-caption-text\">Nuestro compa\u00f1ero Joaqu\u00edn Brotons que estuvo presente en todas ellas , aparece en el stand de la Feria Fair Media, de Estocolmo.<\/figcaption><\/figure>\n<p><strong>El stand de Azull, agencia colaboradora<\/strong> en la feria Second Place ( Bruselas), utiliz\u00f3 \u00fanicamente nuestros productos para el dise\u00f1o de su stand.<\/p>\n<\/dl>\n<p>Urbincasa\u00a0 ha estado presente en las <strong>principales ferias inmobiliarias\u00a0 celebradas en Bruselas, Estocolmo y Mosc\u00fa<\/strong>, con unos\u00a0 excelentes resultados. No solo nuestros agentes colaboradores utilizaron\u00a0 <strong>nuestras promociones como productos estrella<\/strong>, para ilustrar sus stands y folletos publicitarios, sino que la afluencia de p\u00fablico interesada por la calidad y situaci\u00f3n de nuestros\u00a0 inmuebles fue inmejorable.<\/p>\n<p>Hemos creado un mini-site para estos eventos: <a href=\"http:\/\/www.urbincasa.be\">www.urbincasa.be<\/a><\/p>\n","protected":false},"excerpt":{"rendered":"<p>El stand de Azull, agencia colaboradora en la feria Second Place ( Bruselas), utiliz\u00f3 \u00fanicamente nuestros productos para el dise\u00f1o de su stand. Urbincasa\u00a0 ha estado presente en las principales ferias inmobiliarias\u00a0 celebradas en Bruselas, Estocolmo y Mosc\u00fa, con unos\u00a0 excelentes resultados. No solo nuestros agentes colaboradores utilizaron\u00a0 nuestras promociones como productos estrella, para ilustrar [&hellip;]<\/p>\n","protected":false},"author":3,"featured_media":0,"comment_status":"open","ping_status":"open","sticky":false,"template":"","format":"standard","meta":{"footnotes":""},"categories":[1],"tags":[63,66,705,80],"class_list":["post-306","post","type-post","status-publish","format-standard","hentry","category-sin-categoria","tag-feria-inmobiliaria","tag-feria-vivienda","tag-informacion","tag-internacional"],"_links":{"self":[{"href":"https:\/\/urbincasa.es\/blog\/wp-json\/wp\/v2\/posts\/306","targetHints":{"allow":["GET"]}}],"collection":[{"href":"https:\/\/urbincasa.es\/blog\/wp-json\/wp\/v2\/posts"}],"about":[{"href":"https:\/\/urbincasa.es\/blog\/wp-json\/wp\/v2\/types\/post"}],"author":[{"embeddable":true,"href":"https:\/\/urbincasa.es\/blog\/wp-json\/wp\/v2\/users\/3"}],"replies":[{"embeddable":true,"href":"https:\/\/urbincasa.es\/blog\/wp-json\/wp\/v2\/comments?post=306"}],"version-history":[{"count":0,"href":"https:\/\/urbincasa.es\/blog\/wp-json\/wp\/v2\/posts\/306\/revisions"}],"wp:attachment":[{"href":"https:\/\/urbincasa.es\/blog\/wp-json\/wp\/v2\/media?parent=306"}],"wp:term":[{"taxonomy":"category","embeddable":true,"href":"https:\/\/urbincasa.es\/blog\/wp-json\/wp\/v2\/categories?post=306"},{"taxonomy":"post_tag","embeddable":true,"href":"https:\/\/urbincasa.es\/blog\/wp-json\/wp\/v2\/tags?post=306"}],"curies":[{"name":"wp","href":"https:\/\/api.w.org\/{rel}","templated":true}]}}