{"id":316,"date":"2010-10-19T08:39:13","date_gmt":"2010-10-19T07:39:13","guid":{"rendered":"https:\/\/urbincasa.es\/blog\/?p=316"},"modified":"2010-10-19T08:39:13","modified_gmt":"2010-10-19T07:39:13","slug":"urbincasa-rehabilitacion-empieza-en-cartagena","status":"publish","type":"post","link":"https:\/\/urbincasa.es\/blog\/2010\/10\/urbincasa-rehabilitacion-empieza-en-cartagena\/","title":{"rendered":"Urbincasa Rehabilitacion: Empieza en Cartagena"},"content":{"rendered":"<div id=\"bsf_rt_marker\"><\/div><p>Se ha comenzado la primera obra de <strong>Urbincasa Rehabilitaci\u00f3n<\/strong> en la calle Carmen Conde.<a href=\"https:\/\/urbincasa.es\/blog\/wp-content\/uploads\/2010\/10\/rehabilitaci\u00f3n-Small.jpg\"><img loading=\"lazy\" decoding=\"async\" class=\"alignleft size-medium wp-image-317\" style=\"margin: 5px;\" title=\"Rehabilitacion Cartagena\" src=\"https:\/\/urbincasa.es\/blog\/wp-content\/uploads\/2010\/10\/rehabilitaci\u00f3n-Small-300x200.jpg\" alt=\"Rehabilitacion Viviendas Cartagena\" width=\"300\" height=\"200\" srcset=\"https:\/\/urbincasa.es\/blog\/wp-content\/uploads\/2010\/10\/rehabilitaci\u00f3n-Small-300x200.jpg 300w, https:\/\/urbincasa.es\/blog\/wp-content\/uploads\/2010\/10\/rehabilitaci\u00f3n-Small-449x300.jpg 449w, https:\/\/urbincasa.es\/blog\/wp-content\/uploads\/2010\/10\/rehabilitaci\u00f3n-Small.jpg 640w\" sizes=\"auto, (max-width: 300px) 100vw, 300px\" \/><\/a><\/p>\n<p>Urbincasa, por medio de su marca <strong>Urbincasa Rehabilitaci\u00f3n<\/strong> ha comenzado los trabajos de rehabilitaci\u00f3n de la fachada y cantos de forjados en la calle <strong>Carmen conde de Cartagena<\/strong>, logrando con esta actuaci\u00f3n paralizar el expediente de ruina que el consistorio cartagenero hab\u00eda hecho llegar a la citada comunidad y permitiendo revalorizar los bienes inmuebles que all\u00ed existen.<\/p>\n<p><strong>Urbincasa no solo contribuye a crear ciudad sino tambi\u00e9n considera necesario poner en valor y actualizar los inmuebles existentes<\/strong>. Tambi\u00e9n da <strong>cobertura a su cliente en el asesoramiento y tramitaci\u00f3n de ayudas p\u00fablicas y en el marco administrativo,<\/strong> haciendo que el cliente este siempre en buenas manos.<\/p>\n<p>Por supuesto gracias a la comunidad de vecinos por su confianza en nuestra empresa.<\/p>\n","protected":false},"excerpt":{"rendered":"<p>Se ha comenzado la primera obra de Urbincasa Rehabilitaci\u00f3n en la calle Carmen Conde. Urbincasa, por medio de su marca Urbincasa Rehabilitaci\u00f3n ha comenzado los trabajos de rehabilitaci\u00f3n de la fachada y cantos de forjados en la calle Carmen conde de Cartagena, logrando con esta actuaci\u00f3n paralizar el expediente de ruina que el consistorio cartagenero [&hellip;]<\/p>\n","protected":false},"author":3,"featured_media":0,"comment_status":"open","ping_status":"open","sticky":false,"template":"","format":"standard","meta":{"footnotes":""},"categories":[11,23],"tags":[35,119,138,139],"class_list":["post-316","post","type-post","status-publish","format-standard","hentry","category-informacion","category-viviendas-cartagena","tag-cartagena","tag-rehabilitacion","tag-vivienda","tag-vivienda-cartagena"],"_links":{"self":[{"href":"https:\/\/urbincasa.es\/blog\/wp-json\/wp\/v2\/posts\/316","targetHints":{"allow":["GET"]}}],"collection":[{"href":"https:\/\/urbincasa.es\/blog\/wp-json\/wp\/v2\/posts"}],"about":[{"href":"https:\/\/urbincasa.es\/blog\/wp-json\/wp\/v2\/types\/post"}],"author":[{"embeddable":true,"href":"https:\/\/urbincasa.es\/blog\/wp-json\/wp\/v2\/users\/3"}],"replies":[{"embeddable":true,"href":"https:\/\/urbincasa.es\/blog\/wp-json\/wp\/v2\/comments?post=316"}],"version-history":[{"count":1,"href":"https:\/\/urbincasa.es\/blog\/wp-json\/wp\/v2\/posts\/316\/revisions"}],"predecessor-version":[{"id":1676,"href":"https:\/\/urbincasa.es\/blog\/wp-json\/wp\/v2\/posts\/316\/revisions\/1676"}],"wp:attachment":[{"href":"https:\/\/urbincasa.es\/blog\/wp-json\/wp\/v2\/media?parent=316"}],"wp:term":[{"taxonomy":"category","embeddable":true,"href":"https:\/\/urbincasa.es\/blog\/wp-json\/wp\/v2\/categories?post=316"},{"taxonomy":"post_tag","embeddable":true,"href":"https:\/\/urbincasa.es\/blog\/wp-json\/wp\/v2\/tags?post=316"}],"curies":[{"name":"wp","href":"https:\/\/api.w.org\/{rel}","templated":true}]}}