{"id":327,"date":"2010-10-29T17:15:10","date_gmt":"2010-10-29T16:15:10","guid":{"rendered":"https:\/\/urbincasa.es\/blog\/?p=327"},"modified":"2010-10-29T17:15:10","modified_gmt":"2010-10-29T16:15:10","slug":"iii-salon-inmobiliario-en-alicante-vamos-a-ello","status":"publish","type":"post","link":"https:\/\/urbincasa.es\/blog\/2010\/10\/iii-salon-inmobiliario-en-alicante-vamos-a-ello\/","title":{"rendered":"III Salon Inmobiliario en Alicante, vamos a ello"},"content":{"rendered":"<div id=\"bsf_rt_marker\"><\/div><p><img loading=\"lazy\" decoding=\"async\" class=\"alignleft size-medium wp-image-328\" title=\"Salon Inmobiliario Alicante.\" src=\"https:\/\/urbincasa.es\/blog\/wp-content\/uploads\/2010\/10\/A4-Inmoprovia-10-212x300.jpg\" alt=\"\" width=\"212\" height=\"300\" srcset=\"https:\/\/urbincasa.es\/blog\/wp-content\/uploads\/2010\/10\/A4-Inmoprovia-10-212x300.jpg 212w, https:\/\/urbincasa.es\/blog\/wp-content\/uploads\/2010\/10\/A4-Inmoprovia-10-724x1024.jpg 724w, https:\/\/urbincasa.es\/blog\/wp-content\/uploads\/2010\/10\/A4-Inmoprovia-10.jpg 1240w\" sizes=\"auto, (max-width: 212px) 100vw, 212px\" \/>Como siempre, alli estaremos.<\/p>\n<p>Los <strong>pr\u00f3ximos d\u00edas 5, 6 y 7 de Noviembre<\/strong> estaremos presentes en Imopro-v\u00eda,\u00a0 feria inmobiliaria organizada por la Asociaci\u00f3n de Promotores Inmobiliarios de la Provincia de Alicante (<a title=\"salon inmobiliario alicante\" href=\"http:\/\/www.inmoprovia.com\/feria\/\" target=\"_blank\">PROVIA<\/a>) que en esta ocasi\u00f3n celebrar\u00e1 su tercera edici\u00f3n.<\/p>\n<h2 style=\"text-align: center;\">NO HACE FALTA INVITACION<\/h2>\n<p>\u00a0Para todos los que os quer\u00e1is acercar,\u00a0no olvideis visitarnos\u00a0, nuestros comerciales\u00a0que adem\u00e1s de\u00a0comerciales son muy buena gente\u00a0\ud83d\ude42 Os atender\u00e1n\u00a0muy amablemente,<\/p>\n<p>Con\u00a0el\u00a0slogan de\u00a0\u00abEl Precio Justo\u00bb\u00a0 os informaremos de toda <strong>nuestra oferta\u00a0 de vivienda nueva para primera y segunda residencia de Alicante y provincia<\/strong>. el lugar de celebraci\u00f3n ser\u00e1 la Estaci\u00f3n Tram Luceros.<\/p>\n","protected":false},"excerpt":{"rendered":"<p>Como siempre, alli estaremos. Los pr\u00f3ximos d\u00edas 5, 6 y 7 de Noviembre estaremos presentes en Imopro-v\u00eda,\u00a0 feria inmobiliaria organizada por la Asociaci\u00f3n de Promotores Inmobiliarios de la Provincia de Alicante (PROVIA) que en esta ocasi\u00f3n celebrar\u00e1 su tercera edici\u00f3n. NO HACE FALTA INVITACION \u00a0Para todos los que os quer\u00e1is acercar,\u00a0no olvideis visitarnos\u00a0, nuestros comerciales\u00a0que [&hellip;]<\/p>\n","protected":false},"author":3,"featured_media":0,"comment_status":"open","ping_status":"open","sticky":false,"template":"","format":"standard","meta":{"footnotes":""},"categories":[9,21,24],"tags":[25,54,63,66,79,708],"class_list":["post-327","post","type-post","status-publish","format-standard","hentry","category-eventos","category-vivienda-santa-pola","category-viviendas-guardamar","tag-alicante","tag-duplex-santa-pola","tag-feria-inmobiliaria","tag-feria-vivienda","tag-inmoprovia","tag-viviendas-guardamar"],"_links":{"self":[{"href":"https:\/\/urbincasa.es\/blog\/wp-json\/wp\/v2\/posts\/327","targetHints":{"allow":["GET"]}}],"collection":[{"href":"https:\/\/urbincasa.es\/blog\/wp-json\/wp\/v2\/posts"}],"about":[{"href":"https:\/\/urbincasa.es\/blog\/wp-json\/wp\/v2\/types\/post"}],"author":[{"embeddable":true,"href":"https:\/\/urbincasa.es\/blog\/wp-json\/wp\/v2\/users\/3"}],"replies":[{"embeddable":true,"href":"https:\/\/urbincasa.es\/blog\/wp-json\/wp\/v2\/comments?post=327"}],"version-history":[{"count":0,"href":"https:\/\/urbincasa.es\/blog\/wp-json\/wp\/v2\/posts\/327\/revisions"}],"wp:attachment":[{"href":"https:\/\/urbincasa.es\/blog\/wp-json\/wp\/v2\/media?parent=327"}],"wp:term":[{"taxonomy":"category","embeddable":true,"href":"https:\/\/urbincasa.es\/blog\/wp-json\/wp\/v2\/categories?post=327"},{"taxonomy":"post_tag","embeddable":true,"href":"https:\/\/urbincasa.es\/blog\/wp-json\/wp\/v2\/tags?post=327"}],"curies":[{"name":"wp","href":"https:\/\/api.w.org\/{rel}","templated":true}]}}