{"id":3285,"date":"2014-02-10T09:05:46","date_gmt":"2014-02-10T07:05:46","guid":{"rendered":"https:\/\/urbincasa.es\/blog\/?p=3285"},"modified":"2014-02-03T14:51:07","modified_gmt":"2014-02-03T12:51:07","slug":"carnaval-de-cartagena-programa","status":"publish","type":"post","link":"https:\/\/urbincasa.es\/blog\/2014\/02\/carnaval-de-cartagena-programa\/","title":{"rendered":"El carnaval de Cartagena. Programa"},"content":{"rendered":"<div id=\"bsf_rt_marker\"><\/div><p><a href=\"https:\/\/urbincasa.es\/blog\/wp-content\/uploads\/2014\/02\/carnavalcartagena.jpg\"><img loading=\"lazy\" decoding=\"async\" class=\" wp-image-3290 alignleft\" alt=\"carnaval cartagena\" src=\"https:\/\/urbincasa.es\/blog\/wp-content\/uploads\/2014\/02\/carnavalcartagena.jpg\" width=\"132\" height=\"187\" \/><\/a>El carnaval de Cartagena es una de las <strong>grandes fiestas de la ciudad<\/strong>. Considerada de <strong>Inter\u00e9s tur\u00edstico regional<\/strong> engloba, a lo largo de una semana, pasacalles, comparsas, actividades en la calle, gala de elecci\u00f3n de reinas, espect\u00e1culos infantiles y el Concurso Regional de chirigotas.<\/p>\n<p>En 2014 las fiestas tendr\u00e1n lugar del 22 de febrero al 4 de Marzo cuando la quema de Don Carnal dar\u00e1 paso a la cuaresma y a la cuenta atr\u00e1s para la Semana Santa.<\/p>\n<p><span style=\"text-decoration: underline;\">PROGRAMA<\/span><\/p>\n<p><strong>S\u00e1bado 22 de febrero<\/strong><\/p>\n<p><span style=\"text-decoration: underline;\">17:00 Pabell\u00f3n Wssell de Guimbarda:<\/span> Elecci\u00f3n de la Reina Infantil y sus damas<\/p>\n<p><span style=\"text-decoration: underline;\">22:00 Pabell\u00f3n Wssell de Guimbarda:\u00a0<\/span>Preg\u00f3n, elecci\u00f3n de la Reina y gala del Carnaval<\/p>\n<p><strong>Domingo 23 de febrero<\/strong><\/p>\n<p><span style=\"text-decoration: underline;\">12:30 Plaza San Francisco:<\/span> Baile del vermut<\/p>\n<p><span style=\"text-decoration: underline;\">17:00 Pabell\u00f3n Central Wssell de Guimbarda<\/span>:\u00a0Concurso Coreograf\u00eda Infantil<\/p>\n<p><span style=\"text-decoration: underline;\">21:00 Pabell\u00f3n Central Wssell de Guimbarda<\/span>:\u00a0Concurso Coreograf\u00eda Adulto<\/p>\n<p><strong>Jueves 27 de febrero<\/strong><\/p>\n<p><span style=\"text-decoration: underline;\">19:00 Auditorio El Batel:<\/span> Concurso Chirigotas. Semifinal<\/p>\n<p><strong>Viernes 28 de febrero<\/strong><\/p>\n<p><span style=\"text-decoration: underline;\">17:00 Pabell\u00f3n de Deportes Instituto Jim\u00e9nez de la Espada:<\/span>\u00a0Carnaval de nuestros mayores<\/p>\n<p><span style=\"text-decoration: underline;\">20:00 Auditorio El Batel:<\/span>\u00a0Primer pase Concurso Chirigotas. Gran Final<\/p>\n<p><span style=\"text-decoration: underline;\">23:30 Auditorio El Batel<\/span>:\u00a0Segundo pase Concurso Chirigotas. Gran Final<\/p>\n<p><strong>S\u00e1bado 1 de marzo<\/strong><\/p>\n<p><span style=\"text-decoration: underline;\">12:00 Plaza del Icue y Plaza de San Francisco:<\/span>\u00a0Actuaci\u00f3n chirigotas<\/p>\n<p><span style=\"text-decoration: underline;\">18:00<\/span> Gran Pasacalles<\/p>\n<p><span style=\"text-decoration: underline;\">22:00 Pabell\u00f3n de Deportes Instituto Jim\u00e9nez de la Espada<\/span>:\u00a0Gran Baile de Carnaval<\/p>\n<p><strong>Domingo 2 de marzo<\/strong><\/p>\n<p><span style=\"text-decoration: underline;\">12:00 Plaza de Juan XXIII:<\/span>\u00a0Espect\u00e1culo Infantil<\/p>\n<p><span style=\"text-decoration: underline;\">12:00 Plaza del Icue, Plaza Ayuntamiento y Plaza de San Francisco:<\/span>\u00a0Actuaci\u00f3n de chirigotas<\/p>\n<p><span style=\"text-decoration: underline;\">13:00\u00a0Plaza de Juan XXIII:<\/span> Concurso disfraces infantil<\/p>\n<p><strong>Martes 4 de marzo<\/strong><\/p>\n<p><span style=\"text-decoration: underline;\">22:00 Pabell\u00f3n del Instituto Jim\u00e9nez de la Espada:<\/span>\u00a0Entrega de premios<\/p>\n<p>23:55 Quema de Don Carnal<\/p>\n","protected":false},"excerpt":{"rendered":"<p>El carnaval de Cartagena es una de las grandes fiestas de la ciudad. Considerada de Inter\u00e9s tur\u00edstico regional engloba, a lo largo de una semana, pasacalles, comparsas, actividades en la calle, gala de elecci\u00f3n de reinas, espect\u00e1culos infantiles y el Concurso Regional de chirigotas. En 2014 las fiestas tendr\u00e1n lugar del 22 de febrero al [&hellip;]<\/p>\n","protected":false},"author":3,"featured_media":3290,"comment_status":"open","ping_status":"open","sticky":false,"template":"","format":"standard","meta":{"footnotes":""},"categories":[247],"tags":[482,35,392,371],"class_list":["post-3285","post","type-post","status-publish","format-standard","has-post-thumbnail","hentry","category-vivir-en-cartagena","tag-carnaval","tag-cartagena","tag-fiestas","tag-programa"],"_links":{"self":[{"href":"https:\/\/urbincasa.es\/blog\/wp-json\/wp\/v2\/posts\/3285","targetHints":{"allow":["GET"]}}],"collection":[{"href":"https:\/\/urbincasa.es\/blog\/wp-json\/wp\/v2\/posts"}],"about":[{"href":"https:\/\/urbincasa.es\/blog\/wp-json\/wp\/v2\/types\/post"}],"author":[{"embeddable":true,"href":"https:\/\/urbincasa.es\/blog\/wp-json\/wp\/v2\/users\/3"}],"replies":[{"embeddable":true,"href":"https:\/\/urbincasa.es\/blog\/wp-json\/wp\/v2\/comments?post=3285"}],"version-history":[{"count":7,"href":"https:\/\/urbincasa.es\/blog\/wp-json\/wp\/v2\/posts\/3285\/revisions"}],"predecessor-version":[{"id":3293,"href":"https:\/\/urbincasa.es\/blog\/wp-json\/wp\/v2\/posts\/3285\/revisions\/3293"}],"wp:featuredmedia":[{"embeddable":true,"href":"https:\/\/urbincasa.es\/blog\/wp-json\/wp\/v2\/media\/3290"}],"wp:attachment":[{"href":"https:\/\/urbincasa.es\/blog\/wp-json\/wp\/v2\/media?parent=3285"}],"wp:term":[{"taxonomy":"category","embeddable":true,"href":"https:\/\/urbincasa.es\/blog\/wp-json\/wp\/v2\/categories?post=3285"},{"taxonomy":"post_tag","embeddable":true,"href":"https:\/\/urbincasa.es\/blog\/wp-json\/wp\/v2\/tags?post=3285"}],"curies":[{"name":"wp","href":"https:\/\/api.w.org\/{rel}","templated":true}]}}