{"id":3309,"date":"2014-02-12T13:42:48","date_gmt":"2014-02-12T11:42:48","guid":{"rendered":"https:\/\/urbincasa.es\/blog\/?p=3309"},"modified":"2015-06-25T17:15:03","modified_gmt":"2015-06-25T15:15:03","slug":"destacamos-alquiler-en-cartagena-piso-de-5-dormitorios-en-el-centro","status":"publish","type":"post","link":"https:\/\/urbincasa.es\/blog\/2014\/02\/destacamos-alquiler-en-cartagena-piso-de-5-dormitorios-en-el-centro\/","title":{"rendered":"Destacamos: Alquiler en Cartagena. Piso de 5 dormitorios en el centro"},"content":{"rendered":"<div id=\"bsf_rt_marker\"><\/div><p>Uno de los problemas m\u00e1s habituales a la hora de encontrar un piso en alquiler en Cartagena y tambi\u00e9n en otras ciudades es que no nos gusta la<a title=\"Descubre nuestros trucos de decoraci\u00f3n\" href=\"https:\/\/urbincasa.es\/blog\/category\/decoracion\/\" target=\"_blank\"> decoraci\u00f3n<\/a>. Muchos muebles y adem\u00e1s antiguos o incluso que no combinan entre s\u00ed y por tanto no dan una sensaci\u00f3n acogedora es algo que <strong>nos hace desechar una vivienda que quiz\u00e1s si tenga la ubicaci\u00f3n y el tama\u00f1o adecuado<\/strong>.\u00a0De este tema hablamos en el post <a title=\"Decorar para alquilar: claves y consejos\" href=\"https:\/\/urbincasa.es\/blog\/2013\/09\/decorar-para-alquilar\/\">Decorar para alquilar<\/a>.<\/p>\n<p>Este asunto ha sido una de las principales claves (porque tiene otras muchas) para seleccionar <strong>este piso en alquiler en Cartagena<\/strong> como nuestro piso destacado de la semana.<\/p>\n<p><span style=\"text-decoration: underline;\">\u00bfPor qu\u00e9 destacamos este alquiler en Cartagena?<\/span><\/p>\n<p>&#8211;<span style=\"text-decoration: underline;\"> Los muebles:<\/span> Este piso es el ejemplo contrario al problema del que habl\u00e1bamos antes. Tiene los muebles justos para poder entrar a vivir y adem\u00e1s est\u00e1n en buenas condiciones. Son de l\u00edneas neutras y el sal\u00f3n es de estilo moderno. Est\u00e1 perfecta para <strong>personalizar al 100% el piso cuando lleguemos.<\/strong><\/p>\n<p>&#8211; <span style=\"text-decoration: underline;\">Luz natural<\/span>: Es una enorme ventaja para un piso y la calidad de vida en \u00e9l. En las fotograf\u00edas se puede ver la <strong>luminosidad de todas las habitaciones y del sal\u00f3n<\/strong>.<\/p>\n<p>&#8211; <span style=\"text-decoration: underline;\">Espacio<\/span>: El piso es grande (180 metros cuadrados) no solo porque tenga <strong>5 habitaciones<\/strong>, si no porque todas tienen muy buenos tama\u00f1os. Destaca la <strong>amplitud del sal\u00f3n comedor y del dormitorio principal.<\/strong><\/p>\n<p>El tama\u00f1o de las habitaciones hace que pueda ser un perfecto piso, adem\u00e1s de para <strong>familias grandes<\/strong>, para <strong>estudiantes<\/strong> que est\u00e9n de alquiler en Cartagena, o para un <strong>piso compartido<\/strong> ya que cada uno puede tener un espacio individual amplio y adem\u00e1s compartir una cocina equipada y un sal\u00f3n acogedor con sitio para todos.<\/p>\n<div id='gallery-1' class='gallery galleryid-3309 gallery-columns-3 gallery-size-thumbnail'><figure class='gallery-item'>\n\t\t\t<div class='gallery-icon landscape'>\n\t\t\t\t<a href='https:\/\/urbincasa.es\/blog\/2014\/02\/destacamos-alquiler-en-cartagena-piso-de-5-dormitorios-en-el-centro\/alquilarcartagena4\/'><img loading=\"lazy\" decoding=\"async\" width=\"150\" height=\"150\" src=\"https:\/\/urbincasa.es\/blog\/wp-content\/uploads\/2014\/02\/alquilarcartagena4-150x150.jpg\" class=\"attachment-thumbnail size-thumbnail\" alt=\"alquiler en cartagena\" \/><\/a>\n\t\t\t<\/div><\/figure><figure class='gallery-item'>\n\t\t\t<div class='gallery-icon landscape'>\n\t\t\t\t<a href='https:\/\/urbincasa.es\/blog\/2014\/02\/destacamos-alquiler-en-cartagena-piso-de-5-dormitorios-en-el-centro\/alquilarcartagena6\/'><img loading=\"lazy\" decoding=\"async\" width=\"150\" height=\"150\" src=\"https:\/\/urbincasa.es\/blog\/wp-content\/uploads\/2014\/02\/alquilarcartagena6-150x150.jpg\" class=\"attachment-thumbnail size-thumbnail\" alt=\"alquiler en cartagena\" \/><\/a>\n\t\t\t<\/div><\/figure><figure class='gallery-item'>\n\t\t\t<div class='gallery-icon landscape'>\n\t\t\t\t<a href='https:\/\/urbincasa.es\/blog\/2014\/02\/destacamos-alquiler-en-cartagena-piso-de-5-dormitorios-en-el-centro\/alquilarcartagena7\/'><img loading=\"lazy\" decoding=\"async\" width=\"150\" height=\"150\" src=\"https:\/\/urbincasa.es\/blog\/wp-content\/uploads\/2014\/02\/alquilarcartagena7-150x150.jpg\" class=\"attachment-thumbnail size-thumbnail\" alt=\"alquiler en cartagena\" \/><\/a>\n\t\t\t<\/div><\/figure><figure class='gallery-item'>\n\t\t\t<div class='gallery-icon landscape'>\n\t\t\t\t<a href='https:\/\/urbincasa.es\/blog\/2014\/02\/destacamos-alquiler-en-cartagena-piso-de-5-dormitorios-en-el-centro\/alquilarcartagena8\/'><img loading=\"lazy\" decoding=\"async\" width=\"150\" height=\"150\" src=\"https:\/\/urbincasa.es\/blog\/wp-content\/uploads\/2014\/02\/alquilarcartagena8-150x150.jpg\" class=\"attachment-thumbnail size-thumbnail\" alt=\"alquiler en cartagena\" \/><\/a>\n\t\t\t<\/div><\/figure><figure class='gallery-item'>\n\t\t\t<div class='gallery-icon landscape'>\n\t\t\t\t<a href='https:\/\/urbincasa.es\/blog\/2014\/02\/destacamos-alquiler-en-cartagena-piso-de-5-dormitorios-en-el-centro\/alquilarcartagena9\/'><img loading=\"lazy\" decoding=\"async\" width=\"150\" height=\"150\" src=\"https:\/\/urbincasa.es\/blog\/wp-content\/uploads\/2014\/02\/alquilarcartagena9-150x150.jpg\" class=\"attachment-thumbnail size-thumbnail\" alt=\"alquiler en cartagena\" \/><\/a>\n\t\t\t<\/div><\/figure>\n\t\t<\/div>\n\n<p>&#8211; <span style=\"text-decoration: underline;\">Localizaci\u00f3n<\/span>: El piso se encuentra en pleno centro de Cartagena, en una de las calles peatonalizadas que conforman el eje comercial y tur\u00edstico de la ciudad.<\/p>\n<p>&#8211; <span style=\"text-decoration: underline;\">Extras<\/span>: Adem\u00e1s, el piso cuenta con <strong>terraza, <\/strong>tendedero,<strong> armarios empotrados<\/strong> y agua caliente individual.<\/p>\n<div id='gallery-2' class='gallery galleryid-3309 gallery-columns-3 gallery-size-thumbnail'><figure class='gallery-item'>\n\t\t\t<div class='gallery-icon landscape'>\n\t\t\t\t<a href='https:\/\/urbincasa.es\/blog\/2014\/02\/destacamos-alquiler-en-cartagena-piso-de-5-dormitorios-en-el-centro\/alquilarcartagena\/'><img loading=\"lazy\" decoding=\"async\" width=\"150\" height=\"150\" src=\"https:\/\/urbincasa.es\/blog\/wp-content\/uploads\/2014\/02\/alquilarcartagena-150x150.jpg\" class=\"attachment-thumbnail size-thumbnail\" alt=\"alquiler en cartagena\" \/><\/a>\n\t\t\t<\/div><\/figure><figure class='gallery-item'>\n\t\t\t<div class='gallery-icon landscape'>\n\t\t\t\t<a href='https:\/\/urbincasa.es\/blog\/2014\/02\/destacamos-alquiler-en-cartagena-piso-de-5-dormitorios-en-el-centro\/alquilarcartagena5\/'><img loading=\"lazy\" decoding=\"async\" width=\"150\" height=\"150\" src=\"https:\/\/urbincasa.es\/blog\/wp-content\/uploads\/2014\/02\/alquilarcartagena5-150x150.jpg\" class=\"attachment-thumbnail size-thumbnail\" alt=\"alquiler en cartagena\" \/><\/a>\n\t\t\t<\/div><\/figure><figure class='gallery-item'>\n\t\t\t<div class='gallery-icon landscape'>\n\t\t\t\t<a href='https:\/\/urbincasa.es\/blog\/2014\/02\/destacamos-alquiler-en-cartagena-piso-de-5-dormitorios-en-el-centro\/alquilarcartagena3\/'><img loading=\"lazy\" decoding=\"async\" width=\"150\" height=\"150\" src=\"https:\/\/urbincasa.es\/blog\/wp-content\/uploads\/2014\/02\/alquilarcartagena3-150x150.jpg\" class=\"attachment-thumbnail size-thumbnail\" alt=\"alquiler en cartagena\" \/><\/a>\n\t\t\t<\/div><\/figure><figure class='gallery-item'>\n\t\t\t<div class='gallery-icon landscape'>\n\t\t\t\t<a href='https:\/\/urbincasa.es\/blog\/2014\/02\/destacamos-alquiler-en-cartagena-piso-de-5-dormitorios-en-el-centro\/alquilarcartagena2\/'><img loading=\"lazy\" decoding=\"async\" width=\"150\" height=\"150\" src=\"https:\/\/urbincasa.es\/blog\/wp-content\/uploads\/2014\/02\/alquilarcartagena2-150x150.jpg\" class=\"attachment-thumbnail size-thumbnail\" alt=\"alquiler en cartagena\" \/><\/a>\n\t\t\t<\/div><\/figure>\n\t\t<\/div>\n\n<h1><span style=\"color: #ff0000;\">ACTUALIZACI\u00d3N: Este piso ya est\u00e1 alquilado<\/span><\/h1>\n<h2><a title=\"Alquiler en Cartagena\" href=\"https:\/\/urbincasa.es\/inmobiliaria\/es\/quiero-mas-informacion\/1\/8\/?ref=3716-002456&amp;fuente=a0eD000000EyAelIAF\" target=\"_blank\">Puedes apuntarte en nuestra base de datos para cuando se vuelva a quedar libre o contarnos qu\u00e9 buscas para que te ayudemos<\/a><\/h2>\n<p>Tambi\u00e9n puedes ver otras <a title=\"Casas en Cartagena destacadas\" href=\"https:\/\/urbincasa.es\/blog\/category\/viviendas-cartagena\/\" target=\"_blank\"><strong>casas en Cartagena<\/strong> que hemos destacado<\/a>.<\/p>\n<p><a title=\"Busca aqu\u00ed tu nueva casa\" href=\"https:\/\/urbincasa.es\/inmobiliaria\/es\/viviendas\/4\" target=\"_blank\"><img loading=\"lazy\" decoding=\"async\" class=\"aligncenter size-full wp-image-1609\" alt=\"alquilar en cartagena\" src=\"https:\/\/urbincasa.es\/blog\/wp-content\/uploads\/2013\/04\/alquiler.png\" width=\"262\" height=\"89\" \/><\/a><\/p>\n","protected":false},"excerpt":{"rendered":"<p>Uno de los problemas m\u00e1s habituales a la hora de encontrar un piso en alquiler en Cartagena y tambi\u00e9n en otras ciudades es que no nos gusta la decoraci\u00f3n. Muchos muebles y adem\u00e1s antiguos o incluso que no combinan entre s\u00ed y por tanto no dan una sensaci\u00f3n acogedora es algo que nos hace desechar [&hellip;]<\/p>\n","protected":false},"author":3,"featured_media":3318,"comment_status":"open","ping_status":"open","sticky":false,"template":"","format":"standard","meta":{"footnotes":""},"categories":[281,23],"tags":[278,35,294,401],"class_list":["post-3309","post","type-post","status-publish","format-standard","has-post-thumbnail","hentry","category-urbincasashop","category-viviendas-cartagena","tag-alquiler","tag-cartagena","tag-inmobiliaria","tag-piso"],"_links":{"self":[{"href":"https:\/\/urbincasa.es\/blog\/wp-json\/wp\/v2\/posts\/3309","targetHints":{"allow":["GET"]}}],"collection":[{"href":"https:\/\/urbincasa.es\/blog\/wp-json\/wp\/v2\/posts"}],"about":[{"href":"https:\/\/urbincasa.es\/blog\/wp-json\/wp\/v2\/types\/post"}],"author":[{"embeddable":true,"href":"https:\/\/urbincasa.es\/blog\/wp-json\/wp\/v2\/users\/3"}],"replies":[{"embeddable":true,"href":"https:\/\/urbincasa.es\/blog\/wp-json\/wp\/v2\/comments?post=3309"}],"version-history":[{"count":14,"href":"https:\/\/urbincasa.es\/blog\/wp-json\/wp\/v2\/posts\/3309\/revisions"}],"predecessor-version":[{"id":4926,"href":"https:\/\/urbincasa.es\/blog\/wp-json\/wp\/v2\/posts\/3309\/revisions\/4926"}],"wp:featuredmedia":[{"embeddable":true,"href":"https:\/\/urbincasa.es\/blog\/wp-json\/wp\/v2\/media\/3318"}],"wp:attachment":[{"href":"https:\/\/urbincasa.es\/blog\/wp-json\/wp\/v2\/media?parent=3309"}],"wp:term":[{"taxonomy":"category","embeddable":true,"href":"https:\/\/urbincasa.es\/blog\/wp-json\/wp\/v2\/categories?post=3309"},{"taxonomy":"post_tag","embeddable":true,"href":"https:\/\/urbincasa.es\/blog\/wp-json\/wp\/v2\/tags?post=3309"}],"curies":[{"name":"wp","href":"https:\/\/api.w.org\/{rel}","templated":true}]}}